{"id":275212,"date":"2025-07-18T14:46:24","date_gmt":"2025-07-18T14:46:24","guid":{"rendered":"https:\/\/www.europesays.com\/de\/275212\/"},"modified":"2025-07-18T14:46:24","modified_gmt":"2025-07-18T14:46:24","slug":"saarland-schwerer-unfall-auf-der-a6-kilometerlanger-stau","status":"publish","type":"post","link":"https:\/\/www.europesays.com\/de\/275212\/","title":{"rendered":"Saarland: Schwerer Unfall auf der A6 &#8211; kilometerlanger Stau"},"content":{"rendered":"<p class=\"metatextline\">Stand: 18.07.2025 15:07 Uhr<\/p>\n<p class=\"textabsatz columns twelve  m-ten  m-offset-one l-eight l-offset-two\">\n        <strong>Auf der Autobahn A 6 hat sich in Fahrtrichtung Mannheim um die Mittagszeit ein schwerer Unfall ereignet.\u00a0Derzeit ist die Autobahn zwischen Waldmohr und der Bruchm\u00fchlbach-Miesau komplett gesperrt. Es hat sich ein kilometerlanger Stau bis zur  saarl\u00e4ndischen Grenze gebildet.<\/strong>\n    <\/p>\n<p class=\"textabsatz m-ten m-offset-one l-eight l-offset-two columns twelve\">\nNach Angaben der Polizei in Kaiserslautern ist am fr\u00fchen Mittag an der Ausfahrt Bruchm\u00fchlbach-Miesau ein Transporter auf einen Lkw aufgefahren. Nach bisherigen Erkenntnissen waren drei Personen an dem Unfall beteiligt. Eine Person wurde im F\u00fchrerhaus eines Fahrzeugs eingeklemmt. \u00a0<\/p>\n<p>    Vollsperrung in Fahrtrichtung Mannheim<\/p>\n<p class=\"textabsatz m-ten m-offset-one l-eight l-offset-two columns twelve\">\nWegen der aktuell noch laufenden Rettungsarbeiten ist die Fahrbahn zwischen Waldmohr und der Anschlussstelle Bruchm\u00fchlbach-Miesau in Fahrtrichtung Mannheim komplett gesperrt.<\/p>\n<p class=\"textabsatz m-ten m-offset-one l-eight l-offset-two columns twelve\">\nDer Verkehr staut sich auf mehreren Kilometern zur\u00fcck, aktuell etwa bis zur Anschlussstelle Homburg. Wegen des hohen Verkehrsaufkommens m\u00fcssen Autofahrer mit starken Behinderungen rechnen. Dort sind auch saarl\u00e4ndische Polizeikr\u00e4fte zur Verkehrsregelung im Einsatz.\u00a0<\/p>\n<p class=\"textabsatz m-ten m-offset-one l-eight l-offset-two columns twelve\">\u00dcber dieses Thema haben auch die SR info-Nachrichten im Radio am 18.07.2025 berichtet.<\/p>\n<p>    Mehr zur Lage im Verkehr:<\/p>\n<p>                                        <a class=\"backlink__link\" href=\"https:\/\/www.sr.de\/sr\/home\/nachrichten\/panorama\/schwerer_unfall_a6_lkw_transporter_100.html\" target=\"_blank\" rel=\"noopener\"><\/p>\n<p>                                                <img decoding=\"async\" src=\"https:\/\/images.tagesschau.de\/image\/43cadc89-a694-4dd2-ba93-309a180e563d\/AAABlap_r-M\/AAABkZLrr6A\/original\/lra-sr-logo-100.svg\" alt=\"Saarl\u00e4ndischer Rundfunk\"\/><\/p>\n<p>                                        <\/a><\/p>\n","protected":false},"excerpt":{"rendered":"Stand: 18.07.2025 15:07 Uhr Auf der Autobahn A 6 hat sich in Fahrtrichtung Mannheim um die Mittagszeit ein&hellip;\n","protected":false},"author":2,"featured_media":275213,"comment_status":"","ping_status":"","sticky":false,"template":"","format":"standard","meta":{"footnotes":""},"categories":[1845],"tags":[1634,3364,29,548,663,3934,30,13,2096,14,15,406,12,34584],"class_list":{"0":"post-275212","1":"post","2":"type-post","3":"status-publish","4":"format-standard","5":"has-post-thumbnail","7":"category-mannheim","8":"tag-baden-wuerttemberg","9":"tag-de","10":"tag-deutschland","11":"tag-eu","12":"tag-europa","13":"tag-europe","14":"tag-germany","15":"tag-headlines","16":"tag-mannheim","17":"tag-nachrichten","18":"tag-news","19":"tag-saarland","20":"tag-schlagzeilen","21":"tag-sr"},"share_on_mastodon":{"url":"https:\/\/pubeurope.com\/@de\/114874783096154526","error":""},"_links":{"self":[{"href":"https:\/\/www.europesays.com\/de\/wp-json\/wp\/v2\/posts\/275212","targetHints":{"allow":["GET"]}}],"collection":[{"href":"https:\/\/www.europesays.com\/de\/wp-json\/wp\/v2\/posts"}],"about":[{"href":"https:\/\/www.europesays.com\/de\/wp-json\/wp\/v2\/types\/post"}],"author":[{"embeddable":true,"href":"https:\/\/www.europesays.com\/de\/wp-json\/wp\/v2\/users\/2"}],"replies":[{"embeddable":true,"href":"https:\/\/www.europesays.com\/de\/wp-json\/wp\/v2\/comments?post=275212"}],"version-history":[{"count":0,"href":"https:\/\/www.europesays.com\/de\/wp-json\/wp\/v2\/posts\/275212\/revisions"}],"wp:featuredmedia":[{"embeddable":true,"href":"https:\/\/www.europesays.com\/de\/wp-json\/wp\/v2\/media\/275213"}],"wp:attachment":[{"href":"https:\/\/www.europesays.com\/de\/wp-json\/wp\/v2\/media?parent=275212"}],"wp:term":[{"taxonomy":"category","embeddable":true,"href":"https:\/\/www.europesays.com\/de\/wp-json\/wp\/v2\/categories?post=275212"},{"taxonomy":"post_tag","embeddable":true,"href":"https:\/\/www.europesays.com\/de\/wp-json\/wp\/v2\/tags?post=275212"}],"curies":[{"name":"wp","href":"https:\/\/api.w.org\/{rel}","templated":true}]}}