{"id":275224,"date":"2025-07-18T14:52:22","date_gmt":"2025-07-18T14:52:22","guid":{"rendered":"https:\/\/www.europesays.com\/de\/275224\/"},"modified":"2025-07-18T14:52:22","modified_gmt":"2025-07-18T14:52:22","slug":"drogenermittler-nehmen-in-herford-und-bielefeld-dealer-fest","status":"publish","type":"post","link":"https:\/\/www.europesays.com\/de\/275224\/","title":{"rendered":"Drogenermittler nehmen in Herford und Bielefeld Dealer fest"},"content":{"rendered":"<p id=\"absatz1\" class=\"em_text\">Bielefeld (ots) &#8211; <br \/>MK \/ Bielefeld &#8211; Herford &#8211; Bielefelder Kriminalbeamte konnten am Donnerstag, 17.07.2025, bei ihrer monatelangen Ermittlungsarbeit gegen eine vierk\u00f6pfige Bande einen Durchbruch erzielen. Bei den Durchsuchungen nahmen sie die Tatverd\u00e4chtigen fest und stellten etwa 1,6 Kilogramm Bet\u00e4ubungsmittel, sowie Geld und eine Schusswaffe sicher.<\/p>\n<p id=\"absatz2\" class=\"em_text\">Erste Ermittlungen f\u00fchrten 2024 zu Festnahme<\/p>\n<p id=\"absatz3\" class=\"em_text\">Im Rahmen der Ermittlungen nahmen die Beamten bereits im Dezember 2024 einen 42-j\u00e4hrigen irakischen Staatsangeh\u00f6riger fest. In seiner Bielefelder Wohnung wurden nicht geringe Mengen unterschiedlicher Bet\u00e4ubungsmittel aufgefunden und sichergestellt. Das Amtsgericht Bielefeld hatte schon damals gegen ihn Untersuchungshaft angeordnet.<\/p>\n<p id=\"absatz4\" class=\"em_text\">Aktuelle Durchsuchungen und weitere Festnahmen<\/p>\n<p id=\"absatz5\" class=\"em_text\">Weitere Erkenntnisse erh\u00e4rteten nunmehr den Tatverdacht gegen drei weitere Mitglieder der Bande. Am Donnerstagmorgen wurden die bereits erlassenen Durchsuchungsbeschl\u00fcsse an insgesamt drei Objekten in Herford und in Bielefeld &#8211; Mitte &#8211; vollstreckt. Bei den \u00fcberraschenden Ma\u00dfnahmen haben die Ermittler gemeinsam mit Herforder Kripobeamten, Bielefelder Diensthundef\u00fchrern und Beamten des Bezirksdienstes Bielefeld alle zuvor identifizierten M\u00e4nner in ihren Wohnungen angetroffen.<\/p>\n<p id=\"absatz7\" class=\"em_text\">Zwei Beschuldigte, einen 26-j\u00e4hrigen Bielefelder, sowie einen 26-j\u00e4hrigen Herforder, mit jeweils irakischer Staatsangeh\u00f6rigkeit, nahmen die Ermittler vorl\u00e4ufig fest. Der Tatverdacht gegen einen weiteren Bielefelder konnte nicht weiter aufrechterhalten werden. Er wurde nach seiner Vernehmung entlassen. Auf Antrag der Staatsanwaltschaft Bielefeld werden die zwei Tatverd\u00e4chtigen am Freitag, 18.07.2025, einem Haftrichter des Amtsgerichts Bielefeld zugef\u00fchrt, der \u00fcber die Untersuchungshaft entscheidet.<\/p>\n<p id=\"absatz8\" class=\"em_text\">In der Bielefelder Wohnung wurden Bet\u00e4ubungsmittel ebenfalls in Bereich der nicht geringen Menge, sowie ein dreistelliger Bargeldbetrag aufgefunden. In der Herforder Wohnung wurde ein h\u00f6herer dreistelliger Geldbetrag, sowie im Au\u00dfenbereich des Wohnhauses ein Luftdruckgewehr entdeckt.<\/p>\n<p id=\"absatz9\" class=\"em_text\">Die Ermittler des Kriminalkommissariats 22 bewerten das Ermittlungsergebnis, mit den Festnahmen und den Sicherstellungen von rund 900 g Heroin etwa 700 g Kokain, als Erfolg ihrer Arbeit gegen die Drogenkriminalit\u00e4t. Dieses gilt insbesondere mit Blick auf den gesch\u00e4tzten Stra\u00dfenverkaufswert der sichergestellten Bet\u00e4ubungsmittel, der wenigstens im Bereich eines sehr hohen f\u00fcnfstelligen Betrags liegen d\u00fcrfte.<\/p>\n<p id=\"absatz10\" class=\"em_text\">Quelle: <a href=\"https:\/\/www.presseportal.de\/blaulicht\/pm\/12522\/6079582\" rel=\"nofollow noopener\" target=\"_blank\">https:\/\/www.presseportal.de\/blaulicht\/pm\/12522\/6079582<\/a> <\/p>\n","protected":false},"excerpt":{"rendered":"Bielefeld (ots) &#8211; MK \/ Bielefeld &#8211; Herford &#8211; Bielefelder Kriminalbeamte konnten am Donnerstag, 17.07.2025, bei ihrer monatelangen&hellip;\n","protected":false},"author":2,"featured_media":215667,"comment_status":"","ping_status":"","sticky":false,"template":"","format":"standard","meta":{"footnotes":""},"categories":[1841],"tags":[56948,1601,1605,3364,29,4417,82356,980,30,16398,177,1209,176,121,20035],"class_list":{"0":"post-275224","1":"post","2":"type-post","3":"status-publish","4":"format-standard","5":"has-post-thumbnail","7":"category-bielefeld","8":"tag-betubungsmittel","9":"tag-amtsgericht","10":"tag-bielefeld","11":"tag-de","12":"tag-deutschland","13":"tag-durchsuchung","14":"tag-ermittlungsarbeit","15":"tag-festnahme","16":"tag-germany","17":"tag-herford","18":"tag-kriminalitt","19":"tag-nordrhein-westfalen","20":"tag-nrw","21":"tag-polizei","22":"tag-serie_polizeibericht"},"share_on_mastodon":{"url":"https:\/\/pubeurope.com\/@de\/114874806668317797","error":""},"_links":{"self":[{"href":"https:\/\/www.europesays.com\/de\/wp-json\/wp\/v2\/posts\/275224","targetHints":{"allow":["GET"]}}],"collection":[{"href":"https:\/\/www.europesays.com\/de\/wp-json\/wp\/v2\/posts"}],"about":[{"href":"https:\/\/www.europesays.com\/de\/wp-json\/wp\/v2\/types\/post"}],"author":[{"embeddable":true,"href":"https:\/\/www.europesays.com\/de\/wp-json\/wp\/v2\/users\/2"}],"replies":[{"embeddable":true,"href":"https:\/\/www.europesays.com\/de\/wp-json\/wp\/v2\/comments?post=275224"}],"version-history":[{"count":0,"href":"https:\/\/www.europesays.com\/de\/wp-json\/wp\/v2\/posts\/275224\/revisions"}],"wp:featuredmedia":[{"embeddable":true,"href":"https:\/\/www.europesays.com\/de\/wp-json\/wp\/v2\/media\/215667"}],"wp:attachment":[{"href":"https:\/\/www.europesays.com\/de\/wp-json\/wp\/v2\/media?parent=275224"}],"wp:term":[{"taxonomy":"category","embeddable":true,"href":"https:\/\/www.europesays.com\/de\/wp-json\/wp\/v2\/categories?post=275224"},{"taxonomy":"post_tag","embeddable":true,"href":"https:\/\/www.europesays.com\/de\/wp-json\/wp\/v2\/tags?post=275224"}],"curies":[{"name":"wp","href":"https:\/\/api.w.org\/{rel}","templated":true}]}}