{"id":275227,"date":"2025-07-18T14:54:18","date_gmt":"2025-07-18T14:54:18","guid":{"rendered":"https:\/\/www.europesays.com\/de\/275227\/"},"modified":"2025-07-18T14:54:18","modified_gmt":"2025-07-18T14:54:18","slug":"bedroht-geschlagen-und-mit-pfefferspray-gesprueht-tatverdaechtiger-nach-vorfall-fluechtig","status":"publish","type":"post","link":"https:\/\/www.europesays.com\/de\/275227\/","title":{"rendered":"Bedroht, geschlagen und mit Pfefferspray gespr\u00fcht: Tatverd\u00e4chtiger nach Vorfall fl\u00fcchtig"},"content":{"rendered":"<p class=\"text_ohne_einzug richtext text-em-55 !leading-serif mx-6 desktop:mx-0\">Nach einer gef\u00e4hrlichen K\u00f6rperverletzung sind gleich mehrere Funkwagen am Freitag, 18. Juli, zur Westkotter Stra\u00dfe ausger\u00fcckt. Laut bisherigen Erkenntnissen der Polizei soll der T\u00e4ter im Treppenhaus einer Wohngruppe einen 22-J\u00e4hrigen und einen 42-J\u00e4hrigen geschlagen, bedroht und mit Pfefferspray bespr\u00fcht haben. Eine Privatperson hatte die Einsatzkr\u00e4fte gegen 13.45 Uhr alarmiert. Der T\u00e4ter ist noch auf der Flucht. Wie schwer die beiden M\u00e4nner verletzt worden sind, ist noch unklar, vorsorglich wurde aber ein Rettungswagen angefordert. Die Polizei ermittelt wegen gef\u00e4hrlicher K\u00f6rperverletzung.<\/p>\n","protected":false},"excerpt":{"rendered":"Nach einer gef\u00e4hrlichen K\u00f6rperverletzung sind gleich mehrere Funkwagen am Freitag, 18. Juli, zur Westkotter Stra\u00dfe ausger\u00fcckt. Laut bisherigen&hellip;\n","protected":false},"author":2,"featured_media":275228,"comment_status":"","ping_status":"","sticky":false,"template":"","format":"standard","meta":{"footnotes":""},"categories":[1840],"tags":[71454,3364,29,30,18252,682,1209,3905,5089,14733,82357,4418],"class_list":{"0":"post-275227","1":"post","2":"type-post","3":"status-publish","4":"format-standard","5":"has-post-thumbnail","7":"category-wuppertal","8":"tag-bedroht","9":"tag-de","10":"tag-deutschland","11":"tag-germany","12":"tag-geschlagen","13":"tag-koerperverletzung","14":"tag-nordrhein-westfalen","15":"tag-pfefferspray","16":"tag-taeter","17":"tag-vorfall","18":"tag-westkotter","19":"tag-wuppertal"},"share_on_mastodon":{"url":"https:\/\/pubeurope.com\/@de\/114874814499515213","error":""},"_links":{"self":[{"href":"https:\/\/www.europesays.com\/de\/wp-json\/wp\/v2\/posts\/275227","targetHints":{"allow":["GET"]}}],"collection":[{"href":"https:\/\/www.europesays.com\/de\/wp-json\/wp\/v2\/posts"}],"about":[{"href":"https:\/\/www.europesays.com\/de\/wp-json\/wp\/v2\/types\/post"}],"author":[{"embeddable":true,"href":"https:\/\/www.europesays.com\/de\/wp-json\/wp\/v2\/users\/2"}],"replies":[{"embeddable":true,"href":"https:\/\/www.europesays.com\/de\/wp-json\/wp\/v2\/comments?post=275227"}],"version-history":[{"count":0,"href":"https:\/\/www.europesays.com\/de\/wp-json\/wp\/v2\/posts\/275227\/revisions"}],"wp:featuredmedia":[{"embeddable":true,"href":"https:\/\/www.europesays.com\/de\/wp-json\/wp\/v2\/media\/275228"}],"wp:attachment":[{"href":"https:\/\/www.europesays.com\/de\/wp-json\/wp\/v2\/media?parent=275227"}],"wp:term":[{"taxonomy":"category","embeddable":true,"href":"https:\/\/www.europesays.com\/de\/wp-json\/wp\/v2\/categories?post=275227"},{"taxonomy":"post_tag","embeddable":true,"href":"https:\/\/www.europesays.com\/de\/wp-json\/wp\/v2\/tags?post=275227"}],"curies":[{"name":"wp","href":"https:\/\/api.w.org\/{rel}","templated":true}]}}