{"id":275235,"date":"2025-07-18T14:58:10","date_gmt":"2025-07-18T14:58:10","guid":{"rendered":"https:\/\/www.europesays.com\/de\/275235\/"},"modified":"2025-07-18T14:58:10","modified_gmt":"2025-07-18T14:58:10","slug":"greift-putin-die-ukraine-jetzt-noch-staerker-an","status":"publish","type":"post","link":"https:\/\/www.europesays.com\/de\/275235\/","title":{"rendered":"Greift Putin die Ukraine jetzt noch st\u00e4rker an?"},"content":{"rendered":"<p>    Trumps riskantes Ultimatum: Greift Putin die Ukraine jetzt noch st\u00e4rker an?<\/p>\n<p>    <a href=\"#main-content\" class=\"tspIbf\">zum Hauptinhalt<\/a><img decoding=\"async\" src=\"https:\/\/www.europesays.com\/de\/wp-content\/uploads\/2025\/07\/russia-people-s-front-forum.jpeg\" alt=\"L\u00e4sst Wladimir Putin sich von Trumps Ultimatum einsch\u00fcchtern \u2013 oder bewirkt es gar das Gegenteil?\" loading=\"lazy\" class=\"tspBLky\"\/><\/p>\n<p class=\"tspACfq tspACfr\"> \u00a9 IMAGO\/SNA\/IMAGO\/Kristina Kormilitsyna <\/p>\n<p class=\"tspAQhe tspDy\">Donald Trump will Wladimir Putin mit Zolldrohungen zur Feuerpause zwingen. Doch bislang ist von einem Kurswechsel des Kremls nichts zu sp\u00fcren. Zwei Milit\u00e4rexperten erkl\u00e4ren, warum.<\/p>\n<dl class=\"tspDao debug-piano\">\n<p><dt>showPaywall:<\/dt>\n<dd>true<\/dd>\n<\/p>\n<p><dt>isSubscriber:<\/dt>\n<dd>false<\/dd>\n<\/p>\n<p><dt>isPaid:<\/dt>\n<dd>true<\/dd>\n<\/p>\n<\/dl>\n<p id=\"message-target-blank\" hidden=\"hidden\">\u00f6ffnet in neuem Tab oder Fenster<\/p>\n<p>\n\t\t\tconsole.debug({ userId: &#8222;&#8220;, verifiedBot: &#8222;false&#8220;, botCategory: &#8222;&#8220; })\n\t\t<\/p>\n","protected":false},"excerpt":{"rendered":"Trumps riskantes Ultimatum: Greift Putin die Ukraine jetzt noch st\u00e4rker an? zum Hauptinhalt \u00a9 IMAGO\/SNA\/IMAGO\/Kristina Kormilitsyna Donald Trump&hellip;\n","protected":false},"author":2,"featured_media":275236,"comment_status":"","ping_status":"","sticky":false,"template":"","format":"standard","meta":{"footnotes":""},"categories":[4012],"tags":[331,332,8331,106,6554,13,7370,82359,6376,14,15,885,307,12,317,312,64,306,107],"class_list":{"0":"post-275235","1":"post","2":"type-post","3":"status-publish","4":"format-standard","5":"has-post-thumbnail","7":"category-ukraine","8":"tag-aktuelle-nachrichten","9":"tag-aktuelle-news","10":"tag-dmitri-peskow","11":"tag-donald-trump","12":"tag-expertentext","13":"tag-headlines","14":"tag-kim-jong-un","15":"tag-komsomolskaja-prawda","16":"tag-kursk","17":"tag-nachrichten","18":"tag-news","19":"tag-nordkorea","20":"tag-russland","21":"tag-schlagzeilen","22":"tag-ukraine","23":"tag-ukrainekrieg","24":"tag-usa","25":"tag-wladimir-putin","26":"tag-wolodymyr-selenskyj"},"share_on_mastodon":{"url":"","error":""},"_links":{"self":[{"href":"https:\/\/www.europesays.com\/de\/wp-json\/wp\/v2\/posts\/275235","targetHints":{"allow":["GET"]}}],"collection":[{"href":"https:\/\/www.europesays.com\/de\/wp-json\/wp\/v2\/posts"}],"about":[{"href":"https:\/\/www.europesays.com\/de\/wp-json\/wp\/v2\/types\/post"}],"author":[{"embeddable":true,"href":"https:\/\/www.europesays.com\/de\/wp-json\/wp\/v2\/users\/2"}],"replies":[{"embeddable":true,"href":"https:\/\/www.europesays.com\/de\/wp-json\/wp\/v2\/comments?post=275235"}],"version-history":[{"count":0,"href":"https:\/\/www.europesays.com\/de\/wp-json\/wp\/v2\/posts\/275235\/revisions"}],"wp:featuredmedia":[{"embeddable":true,"href":"https:\/\/www.europesays.com\/de\/wp-json\/wp\/v2\/media\/275236"}],"wp:attachment":[{"href":"https:\/\/www.europesays.com\/de\/wp-json\/wp\/v2\/media?parent=275235"}],"wp:term":[{"taxonomy":"category","embeddable":true,"href":"https:\/\/www.europesays.com\/de\/wp-json\/wp\/v2\/categories?post=275235"},{"taxonomy":"post_tag","embeddable":true,"href":"https:\/\/www.europesays.com\/de\/wp-json\/wp\/v2\/tags?post=275235"}],"curies":[{"name":"wp","href":"https:\/\/api.w.org\/{rel}","templated":true}]}}