{"id":275314,"date":"2025-07-18T15:41:10","date_gmt":"2025-07-18T15:41:10","guid":{"rendered":"https:\/\/www.europesays.com\/de\/275314\/"},"modified":"2025-07-18T15:41:10","modified_gmt":"2025-07-18T15:41:10","slug":"prinzessin-sofia-soll-bald-in-berlin-studieren","status":"publish","type":"post","link":"https:\/\/www.europesays.com\/de\/275314\/","title":{"rendered":"Prinzessin Sof\u00eda soll bald in Berlin studieren"},"content":{"rendered":"<p class=\"tspAQhe\">Prinzessin <strong>Sof\u00eda<\/strong>, die j\u00fcngere der beiden T\u00f6chter des<strong> spanischen K\u00f6nigs Felipe VI. und seiner Frau K\u00f6nigin\u00a0Letizia<\/strong>, soll ab Herbst in Berlin studieren. Das berichtet die <a href=\"https:\/\/www.bild.de\/unterhaltung\/royals-adel\/berlin-prinzessin-sofia-plant-studium-in-der-hauptstadt-687a1192ac4eb2618d5286d7\" target=\"_blank\" rel=\"noopener nofollow\" class=\"link link--external\" data-gtm-class=\"article-text-link\" data-gtm-val=\"external\" aria-describedby=\"message-target-blank\">\u201eBild\u201c<\/a> unter Berufung auf die spanische Zeitung<a href=\"https:\/\/www.lavanguardia.com\/gente\/20250717\/10900588\/infanta-sofia-estudiara-extranjero-centro-privado.html\" target=\"_blank\" rel=\"noopener nofollow\" class=\"link link--external\" data-gtm-class=\"article-text-link\" data-gtm-val=\"external\" aria-describedby=\"message-target-blank\"> \u201eLa Vanguardia\u201c<\/a>. Das spanische K\u00f6nigshaus habe best\u00e4tigt, dass die Infantin ihr Studium<strong> an einer privaten Hochschule in der deutschen Hauptstadt<\/strong> sowie an zwei weiteren Standorten in Lissabon und Paris aufnehmen werde. <\/p>\n<p class=\"tspAQhe\">Zuvor hatte Sof\u00eda de Borb\u00f3n y Ortiz, wie die Prinzessin mit vollem Namen hei\u00dft, am <strong>UWC Atlantic College in Wales<\/strong> das internationale Abitur absolviert. <\/p>\n<p class=\"tspAQhe\">Mit dem Studium im Ausland gehe die inzwischen Vollj\u00e4hrige ihren ganz eigenen Weg, abseits der Monarchie. Ihre ein Jahr \u00e4ltere <strong>Schwester Leonor, die Kronprinzessin<\/strong>, m\u00fcsse derweil unter anderem eine milit\u00e4rische Ausbildung in Spanien absolvieren, um sich auf die Krone vorzubereiten. <\/p>\n<p class=\"tspAQhe\">\u201eInfanta Sof\u00eda hat ihre Zukunft mit gro\u00dfer Reife und pers\u00f6nlichem Engagement gestaltet\u201c, wird das K\u00f6nigshaus zitiert. Ob sie nach dem Studium offizielle Aufgaben f\u00fcr den spanischen Hof \u00fcbernehmen wird, bleibt offen. Bisher blieb sie davon jedenfalls weitgehend verschont. <\/p>\n<p><a href=\"https:\/\/www.tagesspiegel.de\/internationales\/thank-god-its-international-friday-39-bricht-die-maga-bewegung-auseinander-14044937.html?icid=single-topic_14048870___\" data-gtm-class=\"article-mzt-link\" class=\"tspCNoj\" rel=\"nofollow noopener\" target=\"_blank\">Thank God It\u2019s International Friday 39 Bricht die MAGA-Bewegung auseinander? <\/a><\/p>\n<p class=\"tspAQhe\">Um welche Hochschule es sich handelt, ist bislang offiziell noch nicht best\u00e4tigt. Laut \u201eLa Vanguardia\u201c soll es<strong> eine englischsprachige Institution <\/strong>sein. Zu den bekanntesten geh\u00f6ren in Berlin die International University of Applied Sciences, die Touro University sowie die MSB Medical School. <\/p>\n<p class=\"tspAQhe\">Weil bekannt ist, dass Sof\u00eda <strong>neben Berlin auch in Lissabon und Paris studieren <\/strong>wird, k\u00e4me au\u00dferdem das Forward College infrage. Die paneurop\u00e4ische Idee ist hier Teil des Konzepts. Auch die Studiengeb\u00fchren von mindestens 45.000 Euro sprechen im Sinne der Exklusivit\u00e4t f\u00fcr sich.<\/p>\n<p> Lesen Sie mehr: <a href=\"https:\/\/www.tagesspiegel.de\/berlin\/leere-theken-bei-rogacki-in-charlottenburg-berliner-feinkost-institution-schliesst-nach-dem-tod-des-inhabers-14048543.html?icid=topic-list_14048870___\" data-gtm-class=\"article-mzt-link\" class=\"tspCNoj\" rel=\"nofollow noopener\" target=\"_blank\">Leere Theken bei \u201eRogacki\u201c in Charlottenburg Berliner Feinkost-Institution schlie\u00dft nach dem Tod des Inhabers <\/a><a href=\"https:\/\/www.tagesspiegel.de\/berlin\/neuer-queerer-podcast-aus-berlin-warum-die-welt-mal-wieder-die-lgbtqia-community-hasst-14026628.html?icid=topic-list_14048870___\" data-gtm-class=\"article-mzt-link\" class=\"tspCNoj\" rel=\"nofollow noopener\" target=\"_blank\">Neuer, queerer Podcast aus Berlin  Warum die Welt mal wieder die LGBTQIA+ Community hasst <\/a><a href=\"https:\/\/www.tagesspiegel.de\/gesellschaft\/genuss\/da-sollte-man-jetzt-unbedingt-hin-die-besten-neuen-berliner-restaurants-fur-den-sommer-14024333.html?icid=topic-list_14048870___\" data-gtm-class=\"article-mzt-link\" class=\"tspCNoj\" rel=\"nofollow noopener\" target=\"_blank\">Da sollte man jetzt unbedingt hin Die besten neuen Berliner Restaurants f\u00fcr den Sommer <\/a><\/p>\n<p class=\"tspAQhe\">Dass die Wahl auf das Forward College falle, behauptet \u00fcbrigens auch das spanische Portal <a href=\"https:\/\/www.vanitatis.elconfidencial.com\/casas-reales\/2025-07-18\/infanta-sofia-estudiara-extranjero-debate-largo-reyes-opinion_4175410\/\" target=\"_blank\" rel=\"noopener nofollow\" class=\"link link--external\" data-gtm-class=\"article-text-link\" data-gtm-val=\"external\" aria-describedby=\"message-target-blank\">\u201eVanitatis\u201c <\/a>zu wissen. Selbst das Studienfach sei dem Medium bereits bekannt: <strong>Politikwissenschaft und Internationale Beziehungen<\/strong>. Der Fokus liege an dem College neben dem akademischen Programm, welches von der London School of Economics stammt, auf zwischenmenschlichen F\u00e4higkeiten, hei\u00dft es. Der hiesige Forward-Standort ist im Kreuzberger Wrangelkiez versteckt.\u00a0<\/p>\n<p class=\"tspAQhe\">Berlin kennt die Infantin bereits \u2013 und zwar ganz offiziell. Im vergangenen Sommer hatte sie <a href=\"https:\/\/www.tagesspiegel.de\/sport\/koniglicher-besuch-beim-em-finale-prinz-william-und-konig-felipe-mit-kindern-im-olympiastadion-12023051.html?icid=in-text-link_14048870\" class=\"link link--internal\" data-gtm-class=\"article-text-link\" data-gtm-val=\"internal\" rel=\"nofollow noopener\" target=\"_blank\">ihren Vater zum Finale der Fu\u00dfball-EM ins Olympiastadion begleitet.<\/a> Neben dem <strong>britischen Kronprinzen William und dessen Sohn George <\/strong>feierte sie hier den 2:1-Sieg der Spanier gegen England. Nach dem Spiel gratulierte sie jedem Spieler pers\u00f6nlich. <\/p>\n","protected":false},"excerpt":{"rendered":"Prinzessin Sof\u00eda, die j\u00fcngere der beiden T\u00f6chter des spanischen K\u00f6nigs Felipe VI. und seiner Frau K\u00f6nigin\u00a0Letizia, soll ab&hellip;\n","protected":false},"author":2,"featured_media":275315,"comment_status":"","ping_status":"","sticky":false,"template":"","format":"standard","meta":{"footnotes":""},"categories":[1825],"tags":[568,296,29,30,2766,565,80159,569,4026],"class_list":{"0":"post-275314","1":"post","2":"type-post","3":"status-publish","4":"format-standard","5":"has-post-thumbnail","7":"category-berlin","8":"tag-adelige","9":"tag-berlin","10":"tag-deutschland","11":"tag-germany","12":"tag-hochschule","13":"tag-koenigshaeuser","14":"tag-leute-berlin","15":"tag-monarchie","16":"tag-spanien"},"share_on_mastodon":{"url":"https:\/\/pubeurope.com\/@de\/114874999454299034","error":""},"_links":{"self":[{"href":"https:\/\/www.europesays.com\/de\/wp-json\/wp\/v2\/posts\/275314","targetHints":{"allow":["GET"]}}],"collection":[{"href":"https:\/\/www.europesays.com\/de\/wp-json\/wp\/v2\/posts"}],"about":[{"href":"https:\/\/www.europesays.com\/de\/wp-json\/wp\/v2\/types\/post"}],"author":[{"embeddable":true,"href":"https:\/\/www.europesays.com\/de\/wp-json\/wp\/v2\/users\/2"}],"replies":[{"embeddable":true,"href":"https:\/\/www.europesays.com\/de\/wp-json\/wp\/v2\/comments?post=275314"}],"version-history":[{"count":0,"href":"https:\/\/www.europesays.com\/de\/wp-json\/wp\/v2\/posts\/275314\/revisions"}],"wp:featuredmedia":[{"embeddable":true,"href":"https:\/\/www.europesays.com\/de\/wp-json\/wp\/v2\/media\/275315"}],"wp:attachment":[{"href":"https:\/\/www.europesays.com\/de\/wp-json\/wp\/v2\/media?parent=275314"}],"wp:term":[{"taxonomy":"category","embeddable":true,"href":"https:\/\/www.europesays.com\/de\/wp-json\/wp\/v2\/categories?post=275314"},{"taxonomy":"post_tag","embeddable":true,"href":"https:\/\/www.europesays.com\/de\/wp-json\/wp\/v2\/tags?post=275314"}],"curies":[{"name":"wp","href":"https:\/\/api.w.org\/{rel}","templated":true}]}}