{"id":275344,"date":"2025-07-18T15:57:12","date_gmt":"2025-07-18T15:57:12","guid":{"rendered":"https:\/\/www.europesays.com\/de\/275344\/"},"modified":"2025-07-18T15:57:12","modified_gmt":"2025-07-18T15:57:12","slug":"im-sommer-nach-8-laedt-zu-kultur-auf-den-marktplatz-ein","status":"publish","type":"post","link":"https:\/\/www.europesays.com\/de\/275344\/","title":{"rendered":"&#8222;Im Sommer nach 8&#8220; l\u00e4dt zu Kultur auf den Marktplatz ein"},"content":{"rendered":"<p><img decoding=\"async\" src=\"https:\/\/www.europesays.com\/de\/wp-content\/uploads\/2025\/07\/imsommernach8-678x381.jpg\" alt=\"\" title=\"imsommernach8\"\/><br \/>\n\u00a9 H@llAnzeiger<\/p>\n<p>Halle. PSt. Zu einer Neuauflage der Veranstaltungsreihe \u201eSommer nach 8\u201c laden die Stadt Halle (Saale) und die Stadtmarketing GmbH vom <strong>07. bis 22. August 2025<\/strong> auf den Marktplatz ein. Zwischen Rotem Turm und Marktkirche wird an 16 Tagen, jeweils ab 20 Uhr ein vielf\u00e4ltiges Kulturprogramm geboten. Bei k\u00fchlen Getr\u00e4nken, Snacks und in entspannter Lounge-Atmosph\u00e4re pr\u00e4sentieren vor allem hallesche K\u00fcnstlerinnen und K\u00fcnstler und Akteure wie Bienstich, Spanish Mode, Juston Suarez &amp; Band, Jabarett, Bella Acoustic Vibes, valentine.B, die Oper Halle, das Mitteldeutsche Salonorchester oder die Latin-Band Los Cuban Boys Livemusik unterschiedlichster Genres. Auch Kabarett und eine Lesung finden statt.<\/p>\n<p><strong>Programm und Tickets<\/strong> unter <a href=\"http:\/\/www.verliebtinhalle.de\/tourismus\/im-sommer-nach-8\" target=\"_blank\" rel=\"noopener nofollow\">www.verliebtinhalle.de\/tourismus\/im-sommer-nach-8<\/a>. Tickets gibt<br \/>es auch an der Abendkasse.<\/p>\n<p>Oberb\u00fcrgermeister Alexander Vogt: \u201eDie weitere Belebung unserer Innenstadt und die Erh\u00f6hung der Aufenthaltsqualit\u00e4t auf dem Marktplatz bleibt ein wichtiges Anliegen. Die Veranstaltungen von ,Im Sommer nach 8\u2018 sind ein sch\u00f6nes Beispiel, wie kreativ und lebendig unsere Stadt sein kann. Ich danke dem Stadtmarketing und allen Partnern und Unterst\u00fctzern, dass sie diesen wunderbaren Sommer-Event veranstalten und dazu beitragen, Halles Wohnzimmer zu versch\u00f6nern.\u201c<\/p>\n<p>Zur Einstimmung auf eine entspannte Abendunterhaltung \u00f6ffnet die Sommer-Lounge jeweils mit k\u00fchlen Drinks und Essen bereits um 18 Uhr, zwei Stunden vor Programmbeginn. F\u00fcr das leibliche Wohl sorgt Saxonia Catering mit einem Airstream-Foodtruck und vielf\u00e4ltigen Angeboten. Als Eintritt f\u00fcr \u201eSommer nach 8\u201c werden in diesem Jahr 8 Euro erhoben, inklusive einem Begr\u00fc\u00dfungsgetr\u00e4nk nach Wahl. Kinder bis 10 Jahre zahlen nichts. Zus\u00e4tzlich ist die Lounge am Samstag, 16. August 2025, von 10 bis 15 Uhr zum \u201eVerliebt in Halle\u201c-Kinderfest ge\u00f6ffnet. Der Eintritt ist dann frei.<\/p>\n","protected":false},"excerpt":{"rendered":"\u00a9 H@llAnzeiger Halle. PSt. Zu einer Neuauflage der Veranstaltungsreihe \u201eSommer nach 8\u201c laden die Stadt Halle (Saale) und&hellip;\n","protected":false},"author":2,"featured_media":275345,"comment_status":"","ping_status":"","sticky":false,"template":"","format":"standard","meta":{"footnotes":""},"categories":[1860],"tags":[3364,29,548,663,3934,30,4062,17332,13,14,15,17331,860,12],"class_list":{"0":"post-275344","1":"post","2":"type-post","3":"status-publish","4":"format-standard","5":"has-post-thumbnail","7":"category-halle-saale","8":"tag-de","9":"tag-deutschland","10":"tag-eu","11":"tag-europa","12":"tag-europe","13":"tag-germany","14":"tag-halle","15":"tag-halle-saale","16":"tag-headlines","17":"tag-nachrichten","18":"tag-news","19":"tag-saale","20":"tag-sachsen-anhalt","21":"tag-schlagzeilen"},"share_on_mastodon":{"url":"https:\/\/pubeurope.com\/@de\/114875062350883581","error":""},"_links":{"self":[{"href":"https:\/\/www.europesays.com\/de\/wp-json\/wp\/v2\/posts\/275344","targetHints":{"allow":["GET"]}}],"collection":[{"href":"https:\/\/www.europesays.com\/de\/wp-json\/wp\/v2\/posts"}],"about":[{"href":"https:\/\/www.europesays.com\/de\/wp-json\/wp\/v2\/types\/post"}],"author":[{"embeddable":true,"href":"https:\/\/www.europesays.com\/de\/wp-json\/wp\/v2\/users\/2"}],"replies":[{"embeddable":true,"href":"https:\/\/www.europesays.com\/de\/wp-json\/wp\/v2\/comments?post=275344"}],"version-history":[{"count":0,"href":"https:\/\/www.europesays.com\/de\/wp-json\/wp\/v2\/posts\/275344\/revisions"}],"wp:featuredmedia":[{"embeddable":true,"href":"https:\/\/www.europesays.com\/de\/wp-json\/wp\/v2\/media\/275345"}],"wp:attachment":[{"href":"https:\/\/www.europesays.com\/de\/wp-json\/wp\/v2\/media?parent=275344"}],"wp:term":[{"taxonomy":"category","embeddable":true,"href":"https:\/\/www.europesays.com\/de\/wp-json\/wp\/v2\/categories?post=275344"},{"taxonomy":"post_tag","embeddable":true,"href":"https:\/\/www.europesays.com\/de\/wp-json\/wp\/v2\/tags?post=275344"}],"curies":[{"name":"wp","href":"https:\/\/api.w.org\/{rel}","templated":true}]}}