{"id":275356,"date":"2025-07-18T16:04:16","date_gmt":"2025-07-18T16:04:16","guid":{"rendered":"https:\/\/www.europesays.com\/de\/275356\/"},"modified":"2025-07-18T16:04:16","modified_gmt":"2025-07-18T16:04:16","slug":"wiesbaden-us-general-warnt-vor-globalem-konflikt-mit-putin-und-chi-politik","status":"publish","type":"post","link":"https:\/\/www.europesays.com\/de\/275356\/","title":{"rendered":"Wiesbaden: US-General warnt vor globalem Konflikt mit Putin und Chi | Politik"},"content":{"rendered":"<p>D\u00fcstere Warnung des h\u00f6chsten US-Generals in Europa: EU und USA haben nur 18 Monate, um sich auf einen weltweiten milit\u00e4rischen Konflikt mit China und Russland vorzubereiten.<\/p>\n<p><b>General Alexus Grynkewich warnt vor einem koordinierten Angriff von Putin und Xi Jinping, der einen globalen Konflikt ausl\u00f6sen k\u00f6nnte. Exklusive Einblicke in die Nato-Vorbereitungen und die deutsche Sorge vor einem russischen Angriff \u2013 nur mit BILDplus.<\/b><\/p>\n","protected":false},"excerpt":{"rendered":"D\u00fcstere Warnung des h\u00f6chsten US-Generals in Europa: EU und USA haben nur 18 Monate, um sich auf einen&hellip;\n","protected":false},"author":2,"featured_media":275357,"comment_status":"","ping_status":"","sticky":false,"template":"","format":"standard","meta":{"footnotes":""},"categories":[1847],"tags":[3364,29,548,663,3934,30,13,2052,3083,14,15,3082,307,12,45,317,3081,4544],"class_list":{"0":"post-275356","1":"post","2":"type-post","3":"status-publish","4":"format-standard","5":"has-post-thumbnail","7":"category-wiesbaden","8":"tag-de","9":"tag-deutschland","10":"tag-eu","11":"tag-europa","12":"tag-europe","13":"tag-germany","14":"tag-headlines","15":"tag-hessen","16":"tag-krim","17":"tag-nachrichten","18":"tag-news","19":"tag-putin-wladimir","20":"tag-russland","21":"tag-schlagzeilen","22":"tag-texttospeech","23":"tag-ukraine","24":"tag-ukraine-konflikt","25":"tag-wiesbaden"},"share_on_mastodon":{"url":"https:\/\/pubeurope.com\/@de\/114875090056626433","error":""},"_links":{"self":[{"href":"https:\/\/www.europesays.com\/de\/wp-json\/wp\/v2\/posts\/275356","targetHints":{"allow":["GET"]}}],"collection":[{"href":"https:\/\/www.europesays.com\/de\/wp-json\/wp\/v2\/posts"}],"about":[{"href":"https:\/\/www.europesays.com\/de\/wp-json\/wp\/v2\/types\/post"}],"author":[{"embeddable":true,"href":"https:\/\/www.europesays.com\/de\/wp-json\/wp\/v2\/users\/2"}],"replies":[{"embeddable":true,"href":"https:\/\/www.europesays.com\/de\/wp-json\/wp\/v2\/comments?post=275356"}],"version-history":[{"count":0,"href":"https:\/\/www.europesays.com\/de\/wp-json\/wp\/v2\/posts\/275356\/revisions"}],"wp:featuredmedia":[{"embeddable":true,"href":"https:\/\/www.europesays.com\/de\/wp-json\/wp\/v2\/media\/275357"}],"wp:attachment":[{"href":"https:\/\/www.europesays.com\/de\/wp-json\/wp\/v2\/media?parent=275356"}],"wp:term":[{"taxonomy":"category","embeddable":true,"href":"https:\/\/www.europesays.com\/de\/wp-json\/wp\/v2\/categories?post=275356"},{"taxonomy":"post_tag","embeddable":true,"href":"https:\/\/www.europesays.com\/de\/wp-json\/wp\/v2\/tags?post=275356"}],"curies":[{"name":"wp","href":"https:\/\/api.w.org\/{rel}","templated":true}]}}