{"id":275383,"date":"2025-07-18T16:19:14","date_gmt":"2025-07-18T16:19:14","guid":{"rendered":"https:\/\/www.europesays.com\/de\/275383\/"},"modified":"2025-07-18T16:19:14","modified_gmt":"2025-07-18T16:19:14","slug":"der-tag-fluchtabsicht-in-die-usa-bolsonaro-muss-fussfessel-tragen","status":"publish","type":"post","link":"https:\/\/www.europesays.com\/de\/275383\/","title":{"rendered":"Der Tag: Fluchtabsicht in die USA? Bolsonaro muss Fu\u00dffessel tragen"},"content":{"rendered":"<p>                    Der Tag<br \/>\n                Fluchtabsicht in die USA? Bolsonaro muss Fu\u00dffessel tragen<\/p>\n<p>\t\t\t\t              18.07.2025, 18:02 Uhr<\/p>\n<p>In Brasilien muss der ehemalige Pr\u00e4sident<b> Jair Bolsonaro <\/b>ab sofort eine Fu\u00dffessel tragen, um eine m\u00f6gliche Flucht au\u00dfer Landes zu verhindern. CNN Brasil zufolge geht es um eine <b>bef\u00fcrchtete Flucht in die USA<\/b>. Zudem durchsuchten die Ermittler das Haus des Rechtspopulisten und wiesen ihn an, keine sozialen Medien zu nutzen und keinen Kontakt zu Diplomaten aufzunehmen, teilen Abgeordnete seiner Partei mit. <\/p>\n<p>Der Ex-Pr\u00e4sident steht im Verdacht, nach seiner Abwahl 2022 versucht zu haben, die Amts\u00fcbergabe an seinen Nachfolger Luiz Inacio Lula da Silva zu verhindern. Bolsonaro ist ein <b>enger Verb\u00fcndeter von Donald Trump<\/b>. Der US-Pr\u00e4sident forderte wiederholt die Einstellung der Ermittlungen und sprach von einer &#8222;Hexenjagd&#8220;.<\/p>\n","protected":false},"excerpt":{"rendered":"Der Tag Fluchtabsicht in die USA? Bolsonaro muss Fu\u00dffessel tragen 18.07.2025, 18:02 Uhr In Brasilien muss der ehemalige&hellip;\n","protected":false},"author":2,"featured_media":275384,"comment_status":"","ping_status":"","sticky":false,"template":"","format":"standard","meta":{"footnotes":""},"categories":[3977],"tags":[331,332,82394,282,82393,59830,13,14,15,12,1781,4017,4018,4016,64,4019,4020],"class_list":{"0":"post-275383","1":"post","2":"type-post","3":"status-publish","4":"format-standard","5":"has-post-thumbnail","7":"category-usa","8":"tag-aktuelle-nachrichten","9":"tag-aktuelle-news","10":"tag-bolsonaro","11":"tag-der","12":"tag-fluchtabsicht","13":"tag-fufessel","14":"tag-headlines","15":"tag-nachrichten","16":"tag-news","17":"tag-schlagzeilen","18":"tag-tag","19":"tag-united-states","20":"tag-united-states-of-america","21":"tag-us","22":"tag-usa","23":"tag-vereinigte-staaten","24":"tag-vereinigte-staaten-von-amerika"},"share_on_mastodon":{"url":"https:\/\/pubeurope.com\/@de\/114875148978434075","error":""},"_links":{"self":[{"href":"https:\/\/www.europesays.com\/de\/wp-json\/wp\/v2\/posts\/275383","targetHints":{"allow":["GET"]}}],"collection":[{"href":"https:\/\/www.europesays.com\/de\/wp-json\/wp\/v2\/posts"}],"about":[{"href":"https:\/\/www.europesays.com\/de\/wp-json\/wp\/v2\/types\/post"}],"author":[{"embeddable":true,"href":"https:\/\/www.europesays.com\/de\/wp-json\/wp\/v2\/users\/2"}],"replies":[{"embeddable":true,"href":"https:\/\/www.europesays.com\/de\/wp-json\/wp\/v2\/comments?post=275383"}],"version-history":[{"count":0,"href":"https:\/\/www.europesays.com\/de\/wp-json\/wp\/v2\/posts\/275383\/revisions"}],"wp:featuredmedia":[{"embeddable":true,"href":"https:\/\/www.europesays.com\/de\/wp-json\/wp\/v2\/media\/275384"}],"wp:attachment":[{"href":"https:\/\/www.europesays.com\/de\/wp-json\/wp\/v2\/media?parent=275383"}],"wp:term":[{"taxonomy":"category","embeddable":true,"href":"https:\/\/www.europesays.com\/de\/wp-json\/wp\/v2\/categories?post=275383"},{"taxonomy":"post_tag","embeddable":true,"href":"https:\/\/www.europesays.com\/de\/wp-json\/wp\/v2\/tags?post=275383"}],"curies":[{"name":"wp","href":"https:\/\/api.w.org\/{rel}","templated":true}]}}