{"id":275420,"date":"2025-07-18T16:41:18","date_gmt":"2025-07-18T16:41:18","guid":{"rendered":"https:\/\/www.europesays.com\/de\/275420\/"},"modified":"2025-07-18T16:41:18","modified_gmt":"2025-07-18T16:41:18","slug":"wo-man-in-krefeld-gutbuergerlich-essen-kann","status":"publish","type":"post","link":"https:\/\/www.europesays.com\/de\/275420\/","title":{"rendered":"Wo man in Krefeld gutb\u00fcrgerlich essen kann"},"content":{"rendered":"<p class=\"text_ohne_einzug richtext text-em-55 !leading-serif mx-6 desktop:mx-0\">Von Currywurst bis Tafelspitz, Pommes Schranke bis Serviettenkn\u00f6del \u2013 die deutsche K\u00fcche wird mal mit Plastikpiekser in einer Papierschale serviert, mal mit Silberbesteck in wei\u00dfem Porzellan. Letztere Kategorie ist das, was wir in der Regel gutb\u00fcrgerliche K\u00fcche nennen. Herzhaft, mit wenig Schnick-Schnack und in ausreichend gro\u00dfen Portionen. Wo man sich in <a href=\"https:\/\/rp-online.de\/thema\/krefeld\/\" rel=\"nofollow noopener\" target=\"_blank\">Krefeld<\/a> hinsetzen kann um Sauerkraut oder Schnitzel zu essen.<\/p>\n","protected":false},"excerpt":{"rendered":"Von Currywurst bis Tafelspitz, Pommes Schranke bis Serviettenkn\u00f6del \u2013 die deutsche K\u00fcche wird mal mit Plastikpiekser in einer&hellip;\n","protected":false},"author":2,"featured_media":275421,"comment_status":"","ping_status":"","sticky":false,"template":"","format":"standard","meta":{"footnotes":""},"categories":[1834],"tags":[3364,29,3688,30,4927,1209],"class_list":{"0":"post-275420","1":"post","2":"type-post","3":"status-publish","4":"format-standard","5":"has-post-thumbnail","7":"category-essen","8":"tag-de","9":"tag-deutschland","10":"tag-essen","11":"tag-germany","12":"tag-kueche","13":"tag-nordrhein-westfalen"},"share_on_mastodon":{"url":"https:\/\/pubeurope.com\/@de\/114875235464921146","error":""},"_links":{"self":[{"href":"https:\/\/www.europesays.com\/de\/wp-json\/wp\/v2\/posts\/275420","targetHints":{"allow":["GET"]}}],"collection":[{"href":"https:\/\/www.europesays.com\/de\/wp-json\/wp\/v2\/posts"}],"about":[{"href":"https:\/\/www.europesays.com\/de\/wp-json\/wp\/v2\/types\/post"}],"author":[{"embeddable":true,"href":"https:\/\/www.europesays.com\/de\/wp-json\/wp\/v2\/users\/2"}],"replies":[{"embeddable":true,"href":"https:\/\/www.europesays.com\/de\/wp-json\/wp\/v2\/comments?post=275420"}],"version-history":[{"count":0,"href":"https:\/\/www.europesays.com\/de\/wp-json\/wp\/v2\/posts\/275420\/revisions"}],"wp:featuredmedia":[{"embeddable":true,"href":"https:\/\/www.europesays.com\/de\/wp-json\/wp\/v2\/media\/275421"}],"wp:attachment":[{"href":"https:\/\/www.europesays.com\/de\/wp-json\/wp\/v2\/media?parent=275420"}],"wp:term":[{"taxonomy":"category","embeddable":true,"href":"https:\/\/www.europesays.com\/de\/wp-json\/wp\/v2\/categories?post=275420"},{"taxonomy":"post_tag","embeddable":true,"href":"https:\/\/www.europesays.com\/de\/wp-json\/wp\/v2\/tags?post=275420"}],"curies":[{"name":"wp","href":"https:\/\/api.w.org\/{rel}","templated":true}]}}