{"id":275450,"date":"2025-07-18T16:57:13","date_gmt":"2025-07-18T16:57:13","guid":{"rendered":"https:\/\/www.europesays.com\/de\/275450\/"},"modified":"2025-07-18T16:57:13","modified_gmt":"2025-07-18T16:57:13","slug":"nach-benko-insolvenz-was-hamburg-mit-den-bauruinen-macht","status":"publish","type":"post","link":"https:\/\/www.europesays.com\/de\/275450\/","title":{"rendered":"Nach Benko-Insolvenz: Was Hamburg mit den Bauruinen macht"},"content":{"rendered":"<p>        <img decoding=\"async\" src=\"https:\/\/www.europesays.com\/de\/wp-content\/uploads\/2025\/07\/benko-148.webp\" alt=\"Ren\u00e9 Benko.\" title=\"Ren\u00e9 Benko. | picture alliance\/dpa\/APA, Expa\/Johann Groder\" class=\"responsive\"\/><\/p>\n<p>AUDIO: Fast alle Benko-Immobilien in Hamburg verkauft (1 Min)<\/p>\n<p>\n            Stand: 18.07.2025 10:30 Uhr<\/p>\n<p class=\"preface\">In \u00d6sterreich liegt seit Dienstag <a href=\"https:\/\/www.tagesschau.de\/wirtschaft\/unternehmen\/benko-anklage-staatsanwaltschaft-100.html\" title=\"\u00d6sterreich: Staatsanwaltschaft klagt fr\u00fcheren Investor Benko an\" rel=\"nofollow noopener\" target=\"_blank\">die Anklage gegen den Pleite-Investor Ren\u00e9 Benko vor<\/a>. Finanz-Manipulation lautet der Vorwurf. Auch in der Hamburger Innenstadt hat der Immobilien-Mogul f\u00fcr Bauruinen gesorgt. Doch es hat sich einiges getan.<\/p>\n<p class=\"\">\nHamburg war von der Benko-Pleite betroffen wie keine andere deutsche Stadt. Sieben seiner Top-Immobilien standen mit Milliarden-Hypotheken im Grundbuch. Mittlerweile ist nur noch der Elbtower nicht verkauft. Alle anderen Immobilien konnten ver\u00e4u\u00dfert werden.<\/p>\n<p>    &#8222;Schneise der Verw\u00fcstung gut aufgearbeitet&#8220;<\/p>\n<p class=\"\">\n&#8222;Es sind jetzt ganz viele schon wieder in sicheres Fahrwasser gekommen&#8220;, sagte Finanzsenator Andreas Dressel (SPD). &#8222;Die Schneise der Verw\u00fcstung, die Benko in manchen St\u00e4dten hinterlassen hat, die haben wir in Hamburg schon ganz gut aufgearbeitet. Gro\u00dfes Kompliment an alle Beteiligten.&#8220;<\/p>\n<p>    Spatenstich am G\u00e4nsemarkt<\/p>\n<p class=\"\">\nInvestoren kauften die Alsterarkaden, die Fl\u00fcggerh\u00f6fe, das Kaufmannshaus. Und die Hansemerkur Versicherung feierte am Dienstag <a href=\"https:\/\/www.ndr.de\/nachrichten\/hamburg\/baubeginn-fuer-die-gaensemarkt-hoefe-in-hamburg,gaensemarkt-104.html\" title=\"Baubeginn f\u00fcr die &quot;G\u00e4nsemarkt H\u00f6fe&quot; in Hamburg\" rel=\"nofollow noopener\" target=\"_blank\">Spatenstich am G\u00e4nsemarkt<\/a>.<\/p>\n<p>    Stadt kaufte ehemaliges HSH-Nordbank-Geb\u00e4ude<\/p>\n<p class=\"\">\nAuch der Finanzsenator kaufte f\u00fcr die Stadt ein: &#8222;Wir haben jetzt das ehemalige HSH-Nordbank-Geb\u00e4ude aus der Benko-Insolvenz erworben, um da <a href=\"https:\/\/www.ndr.de\/nachrichten\/hamburg\/Haus-der-digitalen-Welt-Die-Plaene-fuer-den-Umbau-in-der-City,digitalisierung384.html\" title=\"&quot;Haus der digitalen Welt&quot;: Die Pl\u00e4ne f\u00fcr den Umbau in der City\" rel=\"nofollow noopener\" target=\"_blank\">das Haus der Digitalen Welt zu entwickeln<\/a>&#8222;, sagte Dressel. Und zwar f\u00fcr 112 Millionen Euro, das sei ein g\u00fcnstiger Preis.<\/p>\n<p class=\"\">\nNur eine Benko-Immobilie bleibt bisher unverk\u00e4uflich: <a href=\"https:\/\/www.ndr.de\/nachrichten\/hamburg\/Elbtower-Insolvenzverwalter-gibt-mehr-Zeit-fuer-Verhandlungen,elbtower354.html\" title=\"Elbtower: Insolvenzverwalter gibt mehr Zeit f\u00fcr Verhandlungen\" rel=\"nofollow noopener\" target=\"_blank\">der Elbtower, Deutschlands gr\u00f6\u00dfte Bauruine<\/a>.<\/p>\n<p>        <img decoding=\"async\" src=\"https:\/\/www.europesays.com\/de\/wp-content\/uploads\/2025\/07\/gaensemarkthoefe-100.webp\" alt=\"Eine Visualisierung zeigt die &quot;G\u00e4nsemarkt H\u00f6fe&quot;.\" title=\"Eine Visualisierung zeigt die &quot;G\u00e4nsemarkt H\u00f6fe&quot;. | Screenshot\" class=\"responsive\" loading=\"lazy\"\/><\/p>\n<p>Bis Ende 2028 soll am G\u00e4nsemarkt ein achtschossiges B\u00fcrogeb\u00e4ude entstehen. Eine Tochter der Hansemerkur investiert daf\u00fcr einen dreistelligen Millionenbetrag.<\/p>\n<p>        <img decoding=\"async\" src=\"https:\/\/www.europesays.com\/de\/wp-content\/uploads\/2025\/07\/gebaeude726.webp\" alt=\"Die ehemalige zentrale der HSH Nordbank am Gerhart-Hauptmann-Platz in der Hamburger Innenstadt.\" title=\"Die ehemalige zentrale der HSH Nordbank am Gerhart-Hauptmann-Platz in der Hamburger Innenstadt. | picture alliance \/ dpa, Marcus Brandt\" class=\"responsive\" loading=\"lazy\"\/><\/p>\n<p>In das Geb\u00e4ude am Gerhart-Hauptmann-Platz soll unter anderem die Zentralbibliothek umziehen und es soll von der Volkshochschule genutzt werden.<\/p>\n<p>        <img decoding=\"async\" src=\"https:\/\/www.europesays.com\/de\/wp-content\/uploads\/2025\/07\/elbtower332.webp\" alt=\"Die Baustelle f\u00fcr den Elbtower in der Hamburger Hafencity.\" title=\"Die Baustelle f\u00fcr den Elbtower in der Hamburger Hafencity. | picture alliance \/ CHROMORANGE, Christian Ohde\" class=\"responsive\" loading=\"lazy\"\/><\/p>\n<p>Ende April sollte die Frist f\u00fcr Exklusivverhandlungen zur Zukunft des Elbtowers eigentlich auslaufen. Jetzt gibt es eine Verl\u00e4ngerung.<\/p>\n<p>Dieses Thema im Programm:<\/p>\n<p>                NDR 90,3 | NDR 90,3 Aktuell | 16.07.2025 | 06:00 Uhr<\/p>\n","protected":false},"excerpt":{"rendered":"AUDIO: Fast alle Benko-Immobilien in Hamburg verkauft (1 Min) Stand: 18.07.2025 10:30 Uhr In \u00d6sterreich liegt seit Dienstag&hellip;\n","protected":false},"author":2,"featured_media":275451,"comment_status":"","ping_status":"","sticky":false,"template":"","format":"standard","meta":{"footnotes":""},"categories":[1826],"tags":[82412,82411,29,13062,82413,82410,30,692,82409,82414,1371,44049],"class_list":{"0":"post-275450","1":"post","2":"type-post","3":"status-publish","4":"format-standard","5":"has-post-thumbnail","7":"category-hamburg","8":"tag-alsterarkaden","9":"tag-bauruinen","10":"tag-deutschland","11":"tag-elbtower","12":"tag-flueggerhoefe","13":"tag-gerhard-hauptmann-platz","14":"tag-germany","15":"tag-hamburg","16":"tag-hsh-nordbank","17":"tag-kaufmannshaus","18":"tag-pleite","19":"tag-rene-benko"},"share_on_mastodon":{"url":"https:\/\/pubeurope.com\/@de\/114875298324400875","error":""},"_links":{"self":[{"href":"https:\/\/www.europesays.com\/de\/wp-json\/wp\/v2\/posts\/275450","targetHints":{"allow":["GET"]}}],"collection":[{"href":"https:\/\/www.europesays.com\/de\/wp-json\/wp\/v2\/posts"}],"about":[{"href":"https:\/\/www.europesays.com\/de\/wp-json\/wp\/v2\/types\/post"}],"author":[{"embeddable":true,"href":"https:\/\/www.europesays.com\/de\/wp-json\/wp\/v2\/users\/2"}],"replies":[{"embeddable":true,"href":"https:\/\/www.europesays.com\/de\/wp-json\/wp\/v2\/comments?post=275450"}],"version-history":[{"count":0,"href":"https:\/\/www.europesays.com\/de\/wp-json\/wp\/v2\/posts\/275450\/revisions"}],"wp:featuredmedia":[{"embeddable":true,"href":"https:\/\/www.europesays.com\/de\/wp-json\/wp\/v2\/media\/275451"}],"wp:attachment":[{"href":"https:\/\/www.europesays.com\/de\/wp-json\/wp\/v2\/media?parent=275450"}],"wp:term":[{"taxonomy":"category","embeddable":true,"href":"https:\/\/www.europesays.com\/de\/wp-json\/wp\/v2\/categories?post=275450"},{"taxonomy":"post_tag","embeddable":true,"href":"https:\/\/www.europesays.com\/de\/wp-json\/wp\/v2\/tags?post=275450"}],"curies":[{"name":"wp","href":"https:\/\/api.w.org\/{rel}","templated":true}]}}