{"id":275452,"date":"2025-07-18T16:58:11","date_gmt":"2025-07-18T16:58:11","guid":{"rendered":"https:\/\/www.europesays.com\/de\/275452\/"},"modified":"2025-07-18T16:58:11","modified_gmt":"2025-07-18T16:58:11","slug":"berlin-brandenburg-demonstranten-fordern-erhalt-der-spandauer-westernstadt","status":"publish","type":"post","link":"https:\/\/www.europesays.com\/de\/275452\/","title":{"rendered":"Berlin &#038; Brandenburg: Demonstranten fordern Erhalt der Spandauer Westernstadt"},"content":{"rendered":"<p>                    Berlin &amp; Brandenburg<br \/>\n                Demonstranten fordern Erhalt der Spandauer Westernstadt<\/p>\n<p>\t\t\t\t              18.07.2025, 18:19 Uhr<\/p>\n<p><strong>Der Westernstadt &#8222;Old Texas Town&#8220; in Berlin-Spandau droht das Aus. Nun machen Menschen an prominentem Ort dagegen mobil.<\/strong><\/p>\n<p>Berlin (dpa\/bb) &#8211; Am Brandenburger Tor in Berlin nahe der US-Botschaft haben etwa 20 Menschen gegen die drohende Schlie\u00dfung der Westernstadt in Spandau demonstriert. Auf einem Transparent war zu lesen &#8222;Rettet die historische Westernstadt Old Texas Town&#8220;. Der Eigent\u00fcmer des Grundst\u00fccks in Haselhorst hat dem Tr\u00e4gerverein Cowboy Club Old Texas zum 31. August den Vertrag gek\u00fcndigt. Der Verein m\u00f6chte aber gern dort bleiben.<\/p>\n<p>Eine im Juni gestartete Online-Petition &#8222;Rettet die Westernstadt&#8220; hat mehr als 8.000 Unterst\u00fctzer. Auch der Bezirk ist f\u00fcr den Erhalt der &#8222;Old Texas Town&#8220; samt Saloon, Bank, Gef\u00e4ngnis und Kirche, die seit 1968 auf dem Gel\u00e4nde zu Hause ist. Seit einiger Zeit laufen Gespr\u00e4che, sie brachten bisher aber kein Ergebnis.<\/p>\n","protected":false},"excerpt":{"rendered":"Berlin &amp; Brandenburg Demonstranten fordern Erhalt der Spandauer Westernstadt 18.07.2025, 18:19 Uhr Der Westernstadt &#8222;Old Texas Town&#8220; in&hellip;\n","protected":false},"author":2,"featured_media":275453,"comment_status":"","ping_status":"","sticky":false,"template":"","format":"standard","meta":{"footnotes":""},"categories":[1816],"tags":[1960,1958,1959,1957,296,1956,1890,18844,29,43247,30,47647,82415],"class_list":{"0":"post-275452","1":"post","2":"type-post","3":"status-publish","4":"format-standard","5":"has-post-thumbnail","7":"category-brandenburg","8":"tag-aktuelle-nachrichten-aus-berlin-und-brandenburg","9":"tag-aktuelle-nachrichten-aus-brandenburg","10":"tag-aktuelle-news-aus-berlin-und-brandenburg","11":"tag-aktuelle-news-aus-brandenburg","12":"tag-berlin","13":"tag-berlin-und-brandenburg","14":"tag-brandenburg","15":"tag-demonstranten","16":"tag-deutschland","17":"tag-erhalt","18":"tag-germany","19":"tag-spandauer","20":"tag-westernstadt"},"share_on_mastodon":{"url":"https:\/\/pubeurope.com\/@de\/114875302167532920","error":""},"_links":{"self":[{"href":"https:\/\/www.europesays.com\/de\/wp-json\/wp\/v2\/posts\/275452","targetHints":{"allow":["GET"]}}],"collection":[{"href":"https:\/\/www.europesays.com\/de\/wp-json\/wp\/v2\/posts"}],"about":[{"href":"https:\/\/www.europesays.com\/de\/wp-json\/wp\/v2\/types\/post"}],"author":[{"embeddable":true,"href":"https:\/\/www.europesays.com\/de\/wp-json\/wp\/v2\/users\/2"}],"replies":[{"embeddable":true,"href":"https:\/\/www.europesays.com\/de\/wp-json\/wp\/v2\/comments?post=275452"}],"version-history":[{"count":0,"href":"https:\/\/www.europesays.com\/de\/wp-json\/wp\/v2\/posts\/275452\/revisions"}],"wp:featuredmedia":[{"embeddable":true,"href":"https:\/\/www.europesays.com\/de\/wp-json\/wp\/v2\/media\/275453"}],"wp:attachment":[{"href":"https:\/\/www.europesays.com\/de\/wp-json\/wp\/v2\/media?parent=275452"}],"wp:term":[{"taxonomy":"category","embeddable":true,"href":"https:\/\/www.europesays.com\/de\/wp-json\/wp\/v2\/categories?post=275452"},{"taxonomy":"post_tag","embeddable":true,"href":"https:\/\/www.europesays.com\/de\/wp-json\/wp\/v2\/tags?post=275452"}],"curies":[{"name":"wp","href":"https:\/\/api.w.org\/{rel}","templated":true}]}}