{"id":275454,"date":"2025-07-18T16:59:11","date_gmt":"2025-07-18T16:59:11","guid":{"rendered":"https:\/\/www.europesays.com\/de\/275454\/"},"modified":"2025-07-18T16:59:11","modified_gmt":"2025-07-18T16:59:11","slug":"verkehrssenatorin-bonde-konzept-fuer-parkgebuehren-kommt-noch-2025","status":"publish","type":"post","link":"https:\/\/www.europesays.com\/de\/275454\/","title":{"rendered":"Verkehrssenatorin Bonde: Konzept f\u00fcr Parkgeb\u00fchren kommt noch 2025"},"content":{"rendered":"<p>\tAnwohnerparken in Berlin<br \/>\n\t &#8211; <\/p>\n<p>\t\tVerkehrssenatorin: Konzept f\u00fcr Parkgeb\u00fchren kommt noch 2025<\/p>\n<p><img decoding=\"async\" src=\"https:\/\/www.europesays.com\/de\/wp-content\/uploads\/2025\/07\/1752857951_429_size=708x398.jpg\" alt=\"03.02.2025, Berlin. Dicht an dicht parken Autos in Berlin an einem kleinen Platz in einem Wohngebiet im Berliner Stadtteil Lichterfelde.(Quelle:picture alliance\/dpa\/W.Steinberg)\" title=\"03.02.2025, Berlin. Dicht an dicht parken Autos in Berlin an einem kleinen Platz in einem Wohngebiet im Berliner Stadtteil Lichterfelde.(Quelle:picture alliance\/dpa\/W.Steinberg)\" id=\"1172769555\"\/><\/p>\n<p>picture alliance\/dpa\/W.Steinberg<\/p>\n<p>Video: rbb24 Abendschau | 17.07.2025 | 19:30 Uhr | Bild: picture alliance\/dpa\/W.Steinberg <\/p>\n<p>Der Anwohner-Parkausweis ist in Berlin vergleichsweise spottbillig &#8211; allerdings auch nicht kostendeckend. Das wird vermutlich nicht mehr lange so bleiben, Verkehrssenatorin Bonde will noch in diesem Jahr ein neues Konzept vorlegen.<\/p>\n<p>\t\t\t\t\t<a name=\"articlesContList\/text_1601805944\"\/><\/p>\n<ul>\n<li>CDU m\u00f6chte noch in diesem Jahr einen Plan f\u00fcr die Parkraumbewirtschaftung vorlegen<\/li>\n<li>SPD soll im Herbst \u00fcber Entwurf informiert werden<\/li>\n<li>Gr\u00fcne fordern, dass eine Parkvignette mindestens 35 Euro kosten soll<\/li>\n<\/ul>\n<p>\t\t\t\t\t<a name=\"articlesContList\/text_0\"\/><\/p>\n<p>Der Berliner Senat will das angek\u00fcndigte Konzept zur Parkraumbewirtschaftung noch in diesem Jahr vorlegen. Das k\u00fcndigte Verkehrssenatorin Ute Bonde (CDU) am Donnerstagabend im rbb an.<\/p>\n<p>Sie reagierte damit auf Kritik, dass das vor Monaten angek\u00fcndigte Konzept noch nicht vorliege. Die CDU arbeite derzeit mit Hochdruck daran, sagte Bonde. Es gehe dabei nicht einfach nur um eine Erh\u00f6hung der Anwohnerparkausweise, sondern um ein ganzes Konzept. Es sei wichtig, da eine hohe Qualit\u00e4t hineinzubringen und alle Interessen zu ber\u00fccksichtigen. Das Konzept werde sicherlich im zweiten Halbjahr 2025 kommen.<\/p>\n<p>\t\t\t\t\t<a name=\"articlesContList\/text_1191464107\"\/><br \/>\n\t\t\t\t\tSPD soll im Herbst informiert werden<\/p>\n<p>Wie hoch die Erh\u00f6hung f\u00fcr das Anwohner-Parken dann ausfalle, werde man sehen, so Bonde. Gepr\u00fcft werden soll dabei auch, die Betreiber privater Parkfl\u00e4chen &#8211; wie Superm\u00e4rkte &#8211; in das \u00f6ffentliche Bewirtschaftungssystem einzubeziehen und sie f\u00fcr Inhaber von Parkausweisen zu \u00f6ffnen.<\/p>\n<p>Dirk Stettner von der CDU sagte dem rbb, Qualit\u00e4t gehe vor Schnelligkeit. Es gehe nicht zuerst darum, Parken in der Stadt teurer zu machen, sondern um ein Konzept f\u00fcr Mobilit\u00e4t in Berlin und daf\u00fcr nehme man sich die notwendige Zeit. Der Koalitionspartner SPD soll im Herbst \u00fcber das Konzept informiert werden.<\/p>\n<p>\t\t\t\t\t<a name=\"articlesContList\/teaserbox_1276710369\"\/><\/p>\n<p>\t\t\t\t\t<a name=\"articlesContList\/text_1298119333\"\/><br \/>\n\t\t\t\t\tGr\u00fcne fordern h\u00f6heren Preis<\/p>\n<p>Die Berliner Gr\u00fcnen werfen dem Senat indes vor, die Reform der Parkraumbewirtschaftung zu verschleppen. Die 10,20 Euro pro Jahr f\u00fcr eine Parkvignette seien l\u00e4ngst nicht mehr kostendeckend, daf\u00fcr seien mindestens 35 Euro n\u00f6tig, sagte die verkehrspolitische Sprecherin der Gr\u00fcnen-Fraktion im Abgeordnetenhaus, Antje Kapek, am Freitag im rbb24 Inforadio.<\/p>\n<p>Die CDU setze seit Jahren verkehrspolitisch nur auf Autoverkehr. Dabei k\u00f6nnten die Einnahmen aus der Parkraumbewirtschaftung zum Beispiel auch f\u00fcr den \u00f6ffentlichen Nahverkehr genutzt werden, so Kapek.<\/p>\n<p>\t\t\t\t\t<a name=\"articlesContList\/text_1393957677\"\/><br \/>\n\t\t\t\t\tAuch ADAC fordert mehr Tempo<\/p>\n<p>Derzeit kostet der <a href=\"https:\/\/www.rbb24.de\/politik\/beitrag\/2024\/11\/berlin-anwohnerparken-parkvignetten-gebuehren-nicht-erhoeht-senat-sparen-cdu-spd.html\" rel=\"nofollow noopener\" target=\"_blank\">Parkausweis f\u00fcr Anwohnerinnen und Anwohner in Berlin lediglich 10,20 Euro<\/a> pro Jahr. Tino Schopf, der verkehrspolitische Sprecher vom Koalitionspartner SPD, sagte dem rbb, der bisherige Preis decke nicht einmal den Verwaltungsaufwand. Deshalb stehe die SPD <a href=\"https:\/\/www.rbb24.de\/politik\/beitrag\/2025\/01\/berlin-spd-fraktion-abgeordnetenhaus-klausur.html\" rel=\"nofollow noopener\" target=\"_blank\">zu dem Vignettenpreis von 160 Euro pro Jahr<\/a>. Die daraus entstehenden Mehreinnahmen k\u00f6nnten dann f\u00fcr den Ausbau des \u00d6PNV, f\u00fcr bessere Rad- und Fu\u00dfwege genutzt werden.<\/p>\n<p>Inzwischen fordert selbst der ADAC mehr Tempo bei der Umsetzung eines neuen Konzepts. &#8222;Der Senat hat ein Parkraumkonzept versprochen, das ist auch dringend notwendig&#8220;, sagte Claudia L\u00f6ffler vom Landesverband des Automobilclubs dem rbb. &#8222;Hier m\u00fcssen z\u00fcgig zeitliche Schritte erfolgen und auch Fortschritte, dass Berlin bei dem Thema endlich vorangeht.<\/p>\n<p>\t\t\t\t\t<a name=\"articlesContList\/text_1614208812\"\/><\/p>\n<p>\t\t\t\t\t<a name=\"articlesContList\/text\"\/><\/p>\n<p>\t\t\t\t\t<a name=\"articlesContList\/text_1\"\/><\/p>\n<p>Sendung: rbb24 Abendschau, 17.07.2025, 19:30 Uhr<\/p>\n<p><a class=\"ico ico_arrow_wide_up\" title=\"An den Anfang\" href=\"#top\">  <\/a><\/p>\n","protected":false},"excerpt":{"rendered":"Anwohnerparken in Berlin &#8211; Verkehrssenatorin: Konzept f\u00fcr Parkgeb\u00fchren kommt noch 2025 picture alliance\/dpa\/W.Steinberg Video: rbb24 Abendschau | 17.07.2025&hellip;\n","protected":false},"author":2,"featured_media":275455,"comment_status":"","ping_status":"","sticky":false,"template":"","format":"standard","meta":{"footnotes":""},"categories":[1825],"tags":[1941,1939,296,1937,29,30,1940,1938],"class_list":{"0":"post-275454","1":"post","2":"type-post","3":"status-publish","4":"format-standard","5":"has-post-thumbnail","7":"category-berlin","8":"tag-aktuelle-nachrichten-aus-berlin","9":"tag-aktuelle-news-aus-berlin","10":"tag-berlin","11":"tag-berlin-news","12":"tag-deutschland","13":"tag-germany","14":"tag-nachrichten-aus-berlin","15":"tag-news-aus-berlin"},"share_on_mastodon":{"url":"https:\/\/pubeurope.com\/@de\/114875306202486357","error":""},"_links":{"self":[{"href":"https:\/\/www.europesays.com\/de\/wp-json\/wp\/v2\/posts\/275454","targetHints":{"allow":["GET"]}}],"collection":[{"href":"https:\/\/www.europesays.com\/de\/wp-json\/wp\/v2\/posts"}],"about":[{"href":"https:\/\/www.europesays.com\/de\/wp-json\/wp\/v2\/types\/post"}],"author":[{"embeddable":true,"href":"https:\/\/www.europesays.com\/de\/wp-json\/wp\/v2\/users\/2"}],"replies":[{"embeddable":true,"href":"https:\/\/www.europesays.com\/de\/wp-json\/wp\/v2\/comments?post=275454"}],"version-history":[{"count":0,"href":"https:\/\/www.europesays.com\/de\/wp-json\/wp\/v2\/posts\/275454\/revisions"}],"wp:featuredmedia":[{"embeddable":true,"href":"https:\/\/www.europesays.com\/de\/wp-json\/wp\/v2\/media\/275455"}],"wp:attachment":[{"href":"https:\/\/www.europesays.com\/de\/wp-json\/wp\/v2\/media?parent=275454"}],"wp:term":[{"taxonomy":"category","embeddable":true,"href":"https:\/\/www.europesays.com\/de\/wp-json\/wp\/v2\/categories?post=275454"},{"taxonomy":"post_tag","embeddable":true,"href":"https:\/\/www.europesays.com\/de\/wp-json\/wp\/v2\/tags?post=275454"}],"curies":[{"name":"wp","href":"https:\/\/api.w.org\/{rel}","templated":true}]}}