{"id":275492,"date":"2025-07-18T17:19:13","date_gmt":"2025-07-18T17:19:13","guid":{"rendered":"https:\/\/www.europesays.com\/de\/275492\/"},"modified":"2025-07-18T17:19:13","modified_gmt":"2025-07-18T17:19:13","slug":"auf-ein-spiel-mit-dirk-schiemann-eindruecke-vom-backgammon-festival-aachen","status":"publish","type":"post","link":"https:\/\/www.europesays.com\/de\/275492\/","title":{"rendered":"Auf ein Spiel mit Dirk Schiemann: Eindr\u00fccke vom Backgammon Festival Aachen"},"content":{"rendered":"<p class=\"Paragraph_root__xJSDF Paragraph_default-lg-default__txMNQ articleParagraph\">Puff! Die W\u00fcrfel gefallen. Vor allem gef\u00e4llt das W\u00fcrfeln. Sonst w\u00e4ren sie wohl kaum gekommen, h\u00e4tten wohl kaum teils Tausende Kilometer zur\u00fcckgelegt. Rund 200 Spieler aus rund 30 L\u00e4ndern, darunter der Weltbeste und der Weltverbandschef. Gespielt wird um Titel, um Preisgeld, um Spa\u00df zu haben; Youtube \u00fcbertr\u00e4gt mit Kommentar, zeigt 30 Steine, die zehn Finger \u00fcber 24 Dreiecke wandern lassen, live aus dem Stadtpalais, live aus Aachen, dem jungen Knotenpunkt eines Brettspiels mit Tausenden Jahren Geschichte. Das hat etwas mit Bibern, Waschb\u00e4ren, dem \u201ePlayboy\u201c, Dinslaken, Karteikarten, Bordellen, Sprechgesang und Blitzen zu tun. Vor allem: mit faszinierender Faszination.<\/p>\n","protected":false},"excerpt":{"rendered":"Puff! Die W\u00fcrfel gefallen. Vor allem gef\u00e4llt das W\u00fcrfeln. Sonst w\u00e4ren sie wohl kaum gekommen, h\u00e4tten wohl kaum&hellip;\n","protected":false},"author":2,"featured_media":275493,"comment_status":"","ping_status":"","sticky":false,"template":"","format":"standard","meta":{"footnotes":""},"categories":[1853],"tags":[1424,3364,29,548,663,3934,30,13,14,15,1209,12],"class_list":{"0":"post-275492","1":"post","2":"type-post","3":"status-publish","4":"format-standard","5":"has-post-thumbnail","7":"category-aachen","8":"tag-aachen","9":"tag-de","10":"tag-deutschland","11":"tag-eu","12":"tag-europa","13":"tag-europe","14":"tag-germany","15":"tag-headlines","16":"tag-nachrichten","17":"tag-news","18":"tag-nordrhein-westfalen","19":"tag-schlagzeilen"},"share_on_mastodon":{"url":"https:\/\/pubeurope.com\/@de\/114875385050237454","error":""},"_links":{"self":[{"href":"https:\/\/www.europesays.com\/de\/wp-json\/wp\/v2\/posts\/275492","targetHints":{"allow":["GET"]}}],"collection":[{"href":"https:\/\/www.europesays.com\/de\/wp-json\/wp\/v2\/posts"}],"about":[{"href":"https:\/\/www.europesays.com\/de\/wp-json\/wp\/v2\/types\/post"}],"author":[{"embeddable":true,"href":"https:\/\/www.europesays.com\/de\/wp-json\/wp\/v2\/users\/2"}],"replies":[{"embeddable":true,"href":"https:\/\/www.europesays.com\/de\/wp-json\/wp\/v2\/comments?post=275492"}],"version-history":[{"count":0,"href":"https:\/\/www.europesays.com\/de\/wp-json\/wp\/v2\/posts\/275492\/revisions"}],"wp:featuredmedia":[{"embeddable":true,"href":"https:\/\/www.europesays.com\/de\/wp-json\/wp\/v2\/media\/275493"}],"wp:attachment":[{"href":"https:\/\/www.europesays.com\/de\/wp-json\/wp\/v2\/media?parent=275492"}],"wp:term":[{"taxonomy":"category","embeddable":true,"href":"https:\/\/www.europesays.com\/de\/wp-json\/wp\/v2\/categories?post=275492"},{"taxonomy":"post_tag","embeddable":true,"href":"https:\/\/www.europesays.com\/de\/wp-json\/wp\/v2\/tags?post=275492"}],"curies":[{"name":"wp","href":"https:\/\/api.w.org\/{rel}","templated":true}]}}