{"id":275497,"date":"2025-07-18T17:22:15","date_gmt":"2025-07-18T17:22:15","guid":{"rendered":"https:\/\/www.europesays.com\/de\/275497\/"},"modified":"2025-07-18T17:22:15","modified_gmt":"2025-07-18T17:22:15","slug":"kulturkampf-um-plakate-von-studierenden-an-kunsthochschule","status":"publish","type":"post","link":"https:\/\/www.europesays.com\/de\/275497\/","title":{"rendered":"Kulturkampf um Plakate von Studierenden an Kunsthochschule"},"content":{"rendered":"<p class=\"Textstyled__Text-sc-1cqv9mi-0 cLyiiX\">Braunschweig. An der Hochschule f\u00fcr Bildende K\u00fcnste (HBK) in Braunschweig geht es gerade zu wie in Hogwarts. Zu Beginn der Harry-Potter-Geschichten von Joanne K. Rowling bekommt der Titelheld eine schriftliche Einladung von der Zauberschule. Seinen Zieheltern gef\u00e4llt das nicht, sie vernichten den Brief. Die Schule schickt weitere Briefe, die wieder vernichtet werden. So geht es immer weiter, bis das ganze Haus mit Briefen geflutet wird.<\/p>\n<p>Weiterlesen nach der Anzeige<\/p>\n<p>Weiterlesen nach der Anzeige<\/p>\n<p class=\"Textstyled__Text-sc-1cqv9mi-0 cLyiiX\">Die Episode erinnert an einen bizarren Kampf um Plakate, der gerade an der einzigen nieders\u00e4chsischen Kunsthochschule tobt. Am Abend beh\u00e4ngen Studierende die W\u00e4nde des Instituts mit Postern. Am Morgen geht die Hausmeisterei durch die Flure, entfernt die Plakate und t\u00fcncht alles mit wei\u00dfer Farbe \u00fcber. Dann geht das Katz-und-Maus-Spiel mit immer mehr Plakaten von Neuem los. <\/p>\n<p><img decoding=\"async\" alt=\"Kein Ort f\u00fcr Plakate? Die Hochschule f\u00fcr Bildende K\u00fcnste (HBK) in Braunschweig.\" loading=\"lazy\"  src=\"https:\/\/www.europesays.com\/de\/wp-content\/uploads\/2025\/07\/UL5WCHMUBVGFHP62275BP3CVHE.jpg\" \/><\/p>\n<p class=\"Captionstyled__Caption-sc-skimq-0 iFEFhG\">Kein Ort f\u00fcr Plakate? Die Hochschule f\u00fcr Bildende K\u00fcnste (HBK) in Braunschweig.<\/p>\n<p class=\"Copyrightstyled__Copyright-sc-1yiiexl-0 kSntKS\">Quelle: Holger Hollemann<\/p>\n<p>Gibt es Zensur an der HBK Braunschweig?<\/p>\n<p class=\"Textstyled__Text-sc-1cqv9mi-0 cLyiiX\">Die Hochschulleitung sagt, das Problem sei der Inhalt der Plakate. Sie w\u00fcrden nur entfernt, wenn sie gegen die Menschenw\u00fcrde verstie\u00dfen oder diskriminierend und gegen die Freiheit von anderen gerichtet seien, erkl\u00e4rt Pressesprecherin Nadine Kaminski: \u201eWir verstehen nicht, dass die Studierenden glauben, wir w\u00fcrden hier etwas zensieren\u201c, sagt sie. <\/p>\n<p>Weiterlesen nach der Anzeige<\/p>\n<p>Weiterlesen nach der Anzeige<\/p>\n<p class=\"Textstyled__Text-sc-1cqv9mi-0 cLyiiX\">Viele Studierende und auch einige Lehrende k\u00f6nnen dieser Argumentation nicht folgen. Sie halten es f\u00fcr ein Unding, dass Studierende sich seit knapp zwei Wochen jedes Plakat von der Hochschulleitung genehmigen lassen m\u00fcssen, bevor sie es aufh\u00e4ngen. Verschiedene Gespr\u00e4chspartner aus ihren Reihen sind sich einig, dass es im Plakatstreit nicht um heikle Inhalte geht, sondern ums Prinzip. <\/p>\n<p><img decoding=\"async\" alt=\"\u201eWenn die W\u00e4nde nicht sprechen d\u00fcrfen, dann tun wir es\u201c: Ein ganzes und ein halbes Plakat in der HBK Braunschweig.\" loading=\"lazy\"  src=\"https:\/\/www.europesays.com\/de\/wp-content\/uploads\/2025\/07\/3SGMSYMPDNCPTL6MCNX6JYYF2A.jpg\" \/><\/p>\n<p class=\"Captionstyled__Caption-sc-skimq-0 iFEFhG\">\u201eWenn die W\u00e4nde nicht sprechen d\u00fcrfen, dann tun wir es\u201c: Ein ganzes und ein halbes Plakat in der HBK Braunschweig.<\/p>\n<p class=\"Copyrightstyled__Copyright-sc-1yiiexl-0 kSntKS\">Quelle: Stefan Arndt<\/p>\n<p class=\"Textstyled__Text-sc-1cqv9mi-0 cLyiiX\">Oft w\u00fcrden auch Plakate entfernt, mit denen die Studierende nur auf ihre Ausstellungen aufmerksam machen wollten. \u201eWir wussten schon, dass wir die Plakate zweimal h\u00e4ngen m\u00fcssen, wenn wir eine Veranstaltung haben\u201c, sagt einer, der seinen Namen nicht genannt wissen will. Dass viele hier um ihre oft befristeten (Hilfs-)Jobs f\u00fcrchten, verr\u00e4t wohl auch etwas \u00fcber die Atmosph\u00e4re, die derzeit an der HBK herrscht.<\/p>\n<p class=\"Textstyled__Text-sc-1cqv9mi-0 cLyiiX\">Internationale Konflikte wie der zwischen Israel und der pal\u00e4stinensischen Hamas, die an anderen Hochschulen f\u00fcr Aufregung sorgen, spielten in Braunschweig kaum eine Rolle, hei\u00dft es bei den Studierenden. Vielmehr w\u00fcrden auf den Postern konkrete hochschulpolitische Fragen angesprochen. Es geht beispielsweise um die Einrichtung einer Antidiskriminierungsstelle, um die Geb\u00fchren f\u00fcr einen Hochschulshop, in dem Studierende ihre Arbeiten verkaufen k\u00f6nnen, und um die Befristung vieler Lehrstellen.<\/p>\n<p>\u201eHeute keine Plakate \u2013 morgen keine Demokratie\u201c<img decoding=\"async\" alt=\"\u201eHier war was\u201c: Ein Stempelabdruck prangt an vielen W\u00e4nden der HBK, an denen Plakate entfernt wurden.\" loading=\"lazy\"  src=\"https:\/\/www.europesays.com\/de\/wp-content\/uploads\/2025\/07\/RYVGKSJO3NAR7MP2XMLFUB3L4Y.jpg\" \/><\/p>\n<p class=\"Captionstyled__Caption-sc-skimq-0 iFEFhG\">\u201eHier war was\u201c: Ein Stempelabdruck prangt an vielen W\u00e4nden der HBK, an denen Plakate entfernt wurden.<\/p>\n<p class=\"Copyrightstyled__Copyright-sc-1yiiexl-0 kSntKS\">Quelle: Stefan Arndt<\/p>\n<p>Weiterlesen nach der Anzeige<\/p>\n<p>Weiterlesen nach der Anzeige<\/p>\n<p class=\"Textstyled__Text-sc-1cqv9mi-0 cLyiiX\">Doch l\u00e4ngst haben sich solche Detailfragen zu etwas Grunds\u00e4tzlichem verdichtet: Der Plakatstreit ist offensichtlich Ausdruck einer sonderbar gest\u00f6rten Kommunikation zwischen Studierenden und Hochschulleitung. <\/p>\n<blockquote><p>Das, was die Studierenden von anderen fordern, l\u00f6sen sie selbst nicht ein.<\/p><\/blockquote>\n<p class=\"Quotestyled__Author-sc-q277fq-1 hfNZxo\">Nadine Kaminski,<\/p>\n<p class=\"Quotestyled__AuthorDescription-sc-q277fq-2 kncpVQ\">Pressesprecherin der HBK Braunschweig<\/p>\n<p class=\"Textstyled__Text-sc-1cqv9mi-0 cLyiiX\">Die meisten Plakate, die man zumindest zeitweise in der Hochschule sehen kann, haben inzwischen ohnehin nur ein Thema: das Abh\u00e4ngen der Plakate. \u201eHeute keine Plakate \u2013 morgen keine Demokratie\u201c, steht darauf, oder: \u201eEntpolitisiert uns nicht, sonst ist die HBK bald dicht\u201c.<\/p>\n<p class=\"Textstyled__Text-sc-1cqv9mi-0 cLyiiX\">Rund um den \u00f6ffentlichen \u201eRundgang\u201c, einer Ausstellung auf dem gesamten HBK-Gel\u00e4nde, bei der die Studierende am vergangenen Wochenende ihre Arbeiten pr\u00e4sentiert haben, ist der Streit nun hochgekocht. Hochschulpr\u00e4sidentin Ana Dimke, die das Haus seit knapp drei Jahren leitet, hat die Er\u00f6ffnungsveranstaltung mit zahlreichen G\u00e4sten abgebrochen, als sie bei ihrer Rede von Studierenden ausgebuht wurde. <\/p>\n<p><img decoding=\"async\" alt=\"Kann das weg? Fotokunst mit dem Plakat \u201eBitte, bitte, bitte nicht abrei\u00dfen\u201c (links) und ein ungerahmtes Plakat.\" loading=\"lazy\"  src=\"https:\/\/www.europesays.com\/de\/wp-content\/uploads\/2025\/07\/LSHR2NTROND4XCMPZF4VJQX3OI.jpg\" \/><\/p>\n<p class=\"Captionstyled__Caption-sc-skimq-0 iFEFhG\">Kann das weg? Fotokunst mit dem Plakat \u201eBitte, bitte, bitte nicht abrei\u00dfen\u201c (links) und ein ungerahmtes Plakat.<\/p>\n<p class=\"Copyrightstyled__Copyright-sc-1yiiexl-0 kSntKS\">Quelle: Stefan Arndt<\/p>\n<p>Weiterlesen nach der Anzeige<\/p>\n<p>Weiterlesen nach der Anzeige<\/p>\n<p class=\"Textstyled__Text-sc-1cqv9mi-0 cLyiiX\">Zuvor hatten rund 100 Studierenden die Veranstaltung mit einer Demonstration unterbrochen. Dimke bot einem Sprecher die Gelegenheit, seine Forderungen und Vorw\u00fcrfe auf dem Podium vorzutragen. Bei dem Versuch einer Antwort wurde sie dann ausgebuht.<\/p>\n<p class=\"Textstyled__Text-sc-1cqv9mi-0 cLyiiX\">Sprecherin Kaminiski sagt, die Studierenden h\u00e4tten ihrem Gegen\u00fcber keine M\u00f6glichkeit geboten, geh\u00f6rt zu werden: \u201eDas, was sie von anderen fordern, l\u00f6sen sie selbst nicht ein.\u201c Der Abbruch sei au\u00dferdem \u201ezum Schutz der G\u00e4ste\u201c notwendig gewesen. Ebenfalls aus Sicherheitsbedenken habe man kurz vor der Er\u00f6ffnung die urspr\u00fcnglich f\u00fcr die Er\u00f6ffnung geplante Performance einer Studentin abgesagt. <\/p>\n<p><img decoding=\"async\" alt=\"Amtlicher Protest: Grundgesetz-Artikel zur Meinungsfreiheit an einer Wand in der HBK Braunschweig.\" loading=\"lazy\"  src=\"https:\/\/www.europesays.com\/de\/wp-content\/uploads\/2025\/07\/KG4AKAJ2PJDTLLNLZHZ7SICMMQ.jpg\" \/><\/p>\n<p class=\"Captionstyled__Caption-sc-skimq-0 iFEFhG\">Amtlicher Protest: Grundgesetz-Artikel zur Meinungsfreiheit an einer Wand in der HBK Braunschweig.<\/p>\n<p class=\"Copyrightstyled__Copyright-sc-1yiiexl-0 kSntKS\">Quelle: Stefan Arndt<\/p>\n<p class=\"Textstyled__Text-sc-1cqv9mi-0 cLyiiX\">Bei der Studierendenvertretung h\u00e4lt man diese Begr\u00fcndung f\u00fcr \u201escheinheilig\u201c: \u201eEs ist typisch f\u00fcr die Hochschulleitung, dass sie nicht nach Wegen sucht, etwas zu erm\u00f6glichen, sondern sofort sagt, dass etwas nicht geht\u201c, hei\u00dft es vom Allgemeinen Studierendenausschuss (AStA). \u201eDie Pr\u00e4sidentin h\u00e4lt den Laden sediert\u201c, fasst ein Studierender seinen Eindruck von der Lage zusammen. <\/p>\n<p class=\"Textstyled__Text-sc-1cqv9mi-0 cLyiiX\">Die Fronten zwischen Studierenden und Hochschulleitung sind verh\u00e4rtet und von zunehmend scharfen gegenseitigen Vorw\u00fcrfen gepr\u00e4gt. F\u00fcr die Plakate aber hat man zumindest f\u00fcr die \u201eRundgang\u201c-Ausstellung eine L\u00f6sung gefunden, die einer Kunsthochschule w\u00fcrdig ist: Als die Plakate, die am Vorabend des \u201eRundgangs\u201c aufgeh\u00e4ngt wurden, am Morgen wieder entfernt waren, brachten Studierende nicht nur neue an, sondern fotografierten sie auch an den W\u00e4nden. Diese Fotos h\u00e4ngen nun gerahmt und hinter Glas an der Stelle, wo zuvor nur Plakate geklebt haben. <\/p>\n<p>Weiterlesen nach der Anzeige<\/p>\n<p>Weiterlesen nach der Anzeige<\/p>\n<p class=\"Textstyled__Text-sc-1cqv9mi-0 cLyiiX\">Die Poster sind zu Kunst geworden. Die Frage, ob das weg kann, wird die Hochschule wohl noch l\u00e4nger besch\u00e4ftigen.<\/p>\n<p class=\"Editorialstyled__Editorial-sc-5u8rgl-0 cBUuy\">HAZ<\/p>\n","protected":false},"excerpt":{"rendered":"Braunschweig. An der Hochschule f\u00fcr Bildende K\u00fcnste (HBK) in Braunschweig geht es gerade zu wie in Hogwarts. Zu&hellip;\n","protected":false},"author":2,"featured_media":275498,"comment_status":"","ping_status":"","sticky":false,"template":"","format":"standard","meta":{"footnotes":""},"categories":[1850],"tags":[6429,3364,29,548,663,3934,30,13,14,15,1411,12],"class_list":{"0":"post-275497","1":"post","2":"type-post","3":"status-publish","4":"format-standard","5":"has-post-thumbnail","7":"category-braunschweig","8":"tag-braunschweig","9":"tag-de","10":"tag-deutschland","11":"tag-eu","12":"tag-europa","13":"tag-europe","14":"tag-germany","15":"tag-headlines","16":"tag-nachrichten","17":"tag-news","18":"tag-niedersachsen","19":"tag-schlagzeilen"},"share_on_mastodon":{"url":"https:\/\/pubeurope.com\/@de\/114875396677280089","error":""},"_links":{"self":[{"href":"https:\/\/www.europesays.com\/de\/wp-json\/wp\/v2\/posts\/275497","targetHints":{"allow":["GET"]}}],"collection":[{"href":"https:\/\/www.europesays.com\/de\/wp-json\/wp\/v2\/posts"}],"about":[{"href":"https:\/\/www.europesays.com\/de\/wp-json\/wp\/v2\/types\/post"}],"author":[{"embeddable":true,"href":"https:\/\/www.europesays.com\/de\/wp-json\/wp\/v2\/users\/2"}],"replies":[{"embeddable":true,"href":"https:\/\/www.europesays.com\/de\/wp-json\/wp\/v2\/comments?post=275497"}],"version-history":[{"count":0,"href":"https:\/\/www.europesays.com\/de\/wp-json\/wp\/v2\/posts\/275497\/revisions"}],"wp:featuredmedia":[{"embeddable":true,"href":"https:\/\/www.europesays.com\/de\/wp-json\/wp\/v2\/media\/275498"}],"wp:attachment":[{"href":"https:\/\/www.europesays.com\/de\/wp-json\/wp\/v2\/media?parent=275497"}],"wp:term":[{"taxonomy":"category","embeddable":true,"href":"https:\/\/www.europesays.com\/de\/wp-json\/wp\/v2\/categories?post=275497"},{"taxonomy":"post_tag","embeddable":true,"href":"https:\/\/www.europesays.com\/de\/wp-json\/wp\/v2\/tags?post=275497"}],"curies":[{"name":"wp","href":"https:\/\/api.w.org\/{rel}","templated":true}]}}