{"id":275521,"date":"2025-07-18T17:35:27","date_gmt":"2025-07-18T17:35:27","guid":{"rendered":"https:\/\/www.europesays.com\/de\/275521\/"},"modified":"2025-07-18T17:35:27","modified_gmt":"2025-07-18T17:35:27","slug":"viel-bewegung-in-der-stadt","status":"publish","type":"post","link":"https:\/\/www.europesays.com\/de\/275521\/","title":{"rendered":"Viel Bewegung in der Stadt"},"content":{"rendered":"<p class=\"initial richtext text-em-55 !leading-serif mx-6 desktop:mx-0\">Die gut sechs Wochen, die die Kinder Schulferien haben, kann wohl kein Elternteil frei machen, um mit dem eigenen Nachwuchs l\u00fcckenlos etwas zu unternehmen. Da ist es herzlich willkommen, dem Kind Freizeitm\u00f6glichkeiten bieten zu k\u00f6nnen, die au\u00dfergew\u00f6hnlich und bezahlbar sind und dazu noch Gemeinschaft und Gesundheit f\u00f6rdern. Wuppertal und seine Vereinslandschaft tut sich da l\u00f6blich hervor. Was hier in Gemeinschaftsarbeit an Ferienkursen Jahr f\u00fcr Jahr auf die Beine gestellt wird, ist schon au\u00dfergew\u00f6hnlich. Daf\u00fcr geb\u00fchrt sowohl dem Sportamt als Koordinator als auch und vor allem den vielen ehrenamtlichen \u00dcbungsleitern und Betreuern aus den Sportvereinen ein gro\u00dfes Lob. Das darf man direkt auf das Sommer-Mitmachangebot Sport im Park ausweiten, das an alle Altersschichten gerichtet ist und sich in unserer Stadt wachsender Beliebtheit erfreut. Wer einmal selbst mitgemacht und erlebt hat, mit welchem Engagement hier Bewegungsfreude vermittelt wird, d\u00fcrfte mir da zustimmen. Dass die Vereine damit Werbung f\u00fcr sich betreiben und mit dem ein oder anderen Neuzugang belohnt werden, der \u201ekleben\u201c bleibt, ist ein erfreulicher Nebeneffekt. So viel Bewegung w\u00fcrde man sich in vielen anderen Bereichen der Stadt \u2013 von Baustellenfortschritt bis Aktenbearbeitung \u2013 w\u00fcnschen.<\/p>\n","protected":false},"excerpt":{"rendered":"Die gut sechs Wochen, die die Kinder Schulferien haben, kann wohl kein Elternteil frei machen, um mit dem&hellip;\n","protected":false},"author":2,"featured_media":275522,"comment_status":"","ping_status":"","sticky":false,"template":"","format":"standard","meta":{"footnotes":""},"categories":[1840],"tags":[82430,703,82431,3364,29,30,1209,4418],"class_list":{"0":"post-275521","1":"post","2":"type-post","3":"status-publish","4":"format-standard","5":"has-post-thumbnail","7":"category-wuppertal","8":"tag-aussergewoehnlich","9":"tag-bewegung","10":"tag-bewegungsfreude","11":"tag-de","12":"tag-deutschland","13":"tag-germany","14":"tag-nordrhein-westfalen","15":"tag-wuppertal"},"share_on_mastodon":{"url":"https:\/\/pubeurope.com\/@de\/114875447677519776","error":""},"_links":{"self":[{"href":"https:\/\/www.europesays.com\/de\/wp-json\/wp\/v2\/posts\/275521","targetHints":{"allow":["GET"]}}],"collection":[{"href":"https:\/\/www.europesays.com\/de\/wp-json\/wp\/v2\/posts"}],"about":[{"href":"https:\/\/www.europesays.com\/de\/wp-json\/wp\/v2\/types\/post"}],"author":[{"embeddable":true,"href":"https:\/\/www.europesays.com\/de\/wp-json\/wp\/v2\/users\/2"}],"replies":[{"embeddable":true,"href":"https:\/\/www.europesays.com\/de\/wp-json\/wp\/v2\/comments?post=275521"}],"version-history":[{"count":0,"href":"https:\/\/www.europesays.com\/de\/wp-json\/wp\/v2\/posts\/275521\/revisions"}],"wp:featuredmedia":[{"embeddable":true,"href":"https:\/\/www.europesays.com\/de\/wp-json\/wp\/v2\/media\/275522"}],"wp:attachment":[{"href":"https:\/\/www.europesays.com\/de\/wp-json\/wp\/v2\/media?parent=275521"}],"wp:term":[{"taxonomy":"category","embeddable":true,"href":"https:\/\/www.europesays.com\/de\/wp-json\/wp\/v2\/categories?post=275521"},{"taxonomy":"post_tag","embeddable":true,"href":"https:\/\/www.europesays.com\/de\/wp-json\/wp\/v2\/tags?post=275521"}],"curies":[{"name":"wp","href":"https:\/\/api.w.org\/{rel}","templated":true}]}}