{"id":275606,"date":"2025-07-18T18:22:13","date_gmt":"2025-07-18T18:22:13","guid":{"rendered":"https:\/\/www.europesays.com\/de\/275606\/"},"modified":"2025-07-18T18:22:13","modified_gmt":"2025-07-18T18:22:13","slug":"putin-will-bis-nach-berlin-marschieren-diepresse-com","status":"publish","type":"post","link":"https:\/\/www.europesays.com\/de\/275606\/","title":{"rendered":"\u201ePutin will bis nach Berlin marschieren\u201c \u2013 DiePresse.com"},"content":{"rendered":"<p class=\"lead\">Die US-polnische Historikerin h\u00e4lt am 26. Juli die Er\u00f6ffnungsrede bei den Salzburger Festspielen: Im Exklusivinterview erkl\u00e4rt sie der \u201ePresse\u201c vorab, wie sie Putins Pl\u00e4ne f\u00fcr Europa sieht.<\/p>\n<p>        <img decoding=\"async\" class=\"figure__image\" src=\"https:\/\/www.europesays.com\/de\/wp-content\/uploads\/2025\/07\/1126097935.webp\" alt=\"\u201eZu Putins Vorstellung des Russischen Reichs geh\u00f6rt auch Deutschland\u201c, meint die Historikerin Anne Applebaum. Die antieurop\u00e4ische Propaganda solle die Russen wohl mental auf einen Konflikt mit Europa vorbereiten.\" width=\"600\" height=\"360\" fetchpriority=\"high\"\/><\/p>\n<p>\u201eZu Putins Vorstellung des Russischen Reichs geh\u00f6rt auch Deutschland\u201c, meint die Historikerin Anne Applebaum. Die antieurop\u00e4ische Propaganda solle die Russen wohl mental auf einen Konflikt mit Europa vorbereiten.\u2003Getty<\/p>\n<p> <b>Sie haben viel \u00fcber osteurop\u00e4ische Geschichte w\u00e4hrend der Sowjetzeit geforscht. Wie kam es dazu?<\/b> <\/p>\n<p> Wahrscheinlich begann es mit meinem Interesse an Russland. Ich habe Russisch gelernt und einen Sommer an der Universit\u00e4t Leningrad verbracht, 1985, glaube ich. Nach Leningrad zu reisen war f\u00fcr einen Amerikaner damals wie eine Reise durch den Spiegel, wie Alice im Wunderland. Es war eine ganz andere Welt und sehr, sehr schwer zu verstehen.  Ich habe Erkl\u00e4rungen daf\u00fcr gesucht, warum die Menschen sich so verhalten haben, das System so aufgebaut war. Und habe wohl mein weiteres Leben mit diesem Versuch verbracht, es zu erkl\u00e4ren. <\/p>\n<p> <b>Wo waren Sie, als die Sowjetunion zusammenbrach?<\/b> <\/p>\n<p> 1989 war ich als sehr junge Journalistin in Polen und habe dort das Ende des Regimes miterlebt. Auch da habe ich mich gefragt: Woher kam das? Wo fing es an? In den 1990ern bin ich dann viel durch die ehemalige Sowjetunion gereist. Warum und wie sich ein Land in eine Diktatur verwandelt, wie man Menschen ihrer Freiheit beraubt, eine Gesellschaft so umstrukturiert, das waren, glaube ich, die gro\u00dfen Fragen, die mich an dieser Region besch\u00e4ftigt haben. Und immer geht es auch um die Beziehung zwischen der Geschichte und der Zeit, in der wir heute leben.  <\/p>\n<p> <b>Von der Geschichte auf die Gegenwart schlie\u00dfen zu wollen kann auch leicht in die Irre f\u00fchren\u2009\u2026<\/b> <\/p>\n<p> Nat\u00fcrlich muss man sich vor vereinfachten Vorstellungen h\u00fcten. Andererseits \u00e4ndern sich die Menschen nicht so sehr und die menschliche Natur wiederholt sich auf unterschiedliche Weise. Die Geschichte zeigt einem bestimmte Muster auf. Dann kann man dar\u00fcber nachdenken, inwiefern diese Muster auf die Gegenwart \u00fcbertragbar sind oder nicht. Zu verstehen, wie Menschen in einer fr\u00fcheren Zeit reagiert haben oder wie sie versucht haben, die Welt zu sehen, kann sehr hilfreich sein, um Dinge zu erkl\u00e4ren, die jetzt geschehen. Aber nat\u00fcrlich gibt es keine direkte Eins-zu-eins-Entsprechung, au\u00dfer in F\u00e4llen, in denen dies absichtlich so gewollt ist. <\/p>\n<p> Ein Beispiel daf\u00fcr ist 2014, als die Russen in die Krim einmarschierten. Ich habe diese Invasion mit Staunen beobachtet, weil sie in vielen, vielen Details genau das war, was die Russen 1944 bei der Invasion Ostpolens getan haben. <\/p>\n<p>    Lesen Sie mehr zu diesen Themen:<\/p>\n","protected":false},"excerpt":{"rendered":"Die US-polnische Historikerin h\u00e4lt am 26. Juli die Er\u00f6ffnungsrede bei den Salzburger Festspielen: Im Exklusivinterview erkl\u00e4rt sie der&hellip;\n","protected":false},"author":2,"featured_media":275607,"comment_status":"","ping_status":"","sticky":false,"template":"","format":"standard","meta":{"footnotes":""},"categories":[1825],"tags":[38854,296,29,30,82445,111,82444,312],"class_list":{"0":"post-275606","1":"post","2":"type-post","3":"status-publish","4":"format-standard","5":"has-post-thumbnail","7":"category-berlin","8":"tag-anne-applebaum","9":"tag-berlin","10":"tag-deutschland","11":"tag-germany","12":"tag-krieg-in-europa","13":"tag-putin","14":"tag-salzburger-festspiele","15":"tag-ukrainekrieg"},"share_on_mastodon":{"url":"https:\/\/pubeurope.com\/@de\/114875632912458694","error":""},"_links":{"self":[{"href":"https:\/\/www.europesays.com\/de\/wp-json\/wp\/v2\/posts\/275606","targetHints":{"allow":["GET"]}}],"collection":[{"href":"https:\/\/www.europesays.com\/de\/wp-json\/wp\/v2\/posts"}],"about":[{"href":"https:\/\/www.europesays.com\/de\/wp-json\/wp\/v2\/types\/post"}],"author":[{"embeddable":true,"href":"https:\/\/www.europesays.com\/de\/wp-json\/wp\/v2\/users\/2"}],"replies":[{"embeddable":true,"href":"https:\/\/www.europesays.com\/de\/wp-json\/wp\/v2\/comments?post=275606"}],"version-history":[{"count":0,"href":"https:\/\/www.europesays.com\/de\/wp-json\/wp\/v2\/posts\/275606\/revisions"}],"wp:featuredmedia":[{"embeddable":true,"href":"https:\/\/www.europesays.com\/de\/wp-json\/wp\/v2\/media\/275607"}],"wp:attachment":[{"href":"https:\/\/www.europesays.com\/de\/wp-json\/wp\/v2\/media?parent=275606"}],"wp:term":[{"taxonomy":"category","embeddable":true,"href":"https:\/\/www.europesays.com\/de\/wp-json\/wp\/v2\/categories?post=275606"},{"taxonomy":"post_tag","embeddable":true,"href":"https:\/\/www.europesays.com\/de\/wp-json\/wp\/v2\/tags?post=275606"}],"curies":[{"name":"wp","href":"https:\/\/api.w.org\/{rel}","templated":true}]}}