{"id":275610,"date":"2025-07-18T18:24:15","date_gmt":"2025-07-18T18:24:15","guid":{"rendered":"https:\/\/www.europesays.com\/de\/275610\/"},"modified":"2025-07-18T18:24:15","modified_gmt":"2025-07-18T18:24:15","slug":"kelly-family-patricia-kelly-verkauft-familien-haus-fuer-14-mio-euro-unterhaltung","status":"publish","type":"post","link":"https:\/\/www.europesays.com\/de\/275610\/","title":{"rendered":"Kelly Family: Patricia Kelly verkauft Familien-Haus f\u00fcr 1,4 Mio. Euro | Unterhaltung"},"content":{"rendered":"<p>Heiligenhaus (NRW) \u2013 <b>Die S\u00f6hne sind aus dem Haus \u2013 jetzt kann sie sich verkleinern. \u201eKelly Family\u201c-S\u00e4ngerin Patricia Kelly hat ihre Familien-Villa in Heiligenhaus (bei D\u00fcsseldorf) f\u00fcr 1,4 Millionen Euro verkauft \u2013 und ist umgezogen.<\/b><\/p>\n<p><img decoding=\"async\" width=\"992\" height=\"790\" alt=\"Patricia Kelly (55, 2.v.l.) mit Mann Denis (54) und den S\u00f6hnen Alex (24) und Iggi (21, v.l.) in ihrem neuen Haus mit Mann\" src=\"https:\/\/www.europesays.com\/de\/wp-content\/uploads\/2025\/07\/2232b7fd814322c8ea2962dfa1373053,a0661201\"   class=\"dynamic\" loading=\"lazy\"\/><\/p>\n<p class=\"fig__caption__text\">Patricia Kelly (55, 2. v. l.) mit Mann Denis (54) und den S\u00f6hnen Alex (24) und Iggi (21, v. l.) im neuen Haus<\/p>\n<p>Foto: patriciakelly.official\/Instagram<\/p>\n<p>Nachdem <a href=\"https:\/\/www.bild.de\/unterhaltung\/musik\/kelly-family-patricia-kelly-verkauft-ihre-traumvilla-in-heiligenhaus-6735c1dab0ce946580dff4fa\" class=\"text-link\" target=\"_blank\" rel=\"noopener\">das Haus einige Monate lang auf einem Immobilienportal angeboten wurde<\/a>, einigten sich Patricia und ihr Mann Denis laut BILD-Infos nun mit einer Familie, die f\u00fcr den Millionen-Betrag den Zuschlag erhielt.<\/p>\n<p>Vor rund zwei Monaten zog das Ehepaar um, Ostern feierten sie schon mit ihren S\u00f6hnen Alex und Iggi im neuen Haus, das in einer anderen Stadt, aber ebenfalls in der N\u00e4he von D\u00fcsseldorf steht.<\/p>\n<p>Lesen Sie auchVon 400 zu 150 Quadratmetern verkleinert<\/p>\n<p>Nachdem beide S\u00f6hne inzwischen eigene Wege gehen, verkleinerte sich das Ehepaar ganz bewusst. <a href=\"https:\/\/www.bild.de\/themen\/personen\/kelly-family\/unterhaltung-nachrichten-news-fotos-videos-20557070.bild.html\" class=\"text-link\" target=\"_blank\" rel=\"noopener\">Patricia Kelly<\/a> zu BILD: \u201eUnser altes Haus war ein Traum, aber \u00fcber 400 Quadratmeter gro\u00df. Das muss ja auch mit Leben gef\u00fcllt werden. Die Kinder sind jetzt aus dem Haus. Das hatte alles seine Zeit, aber jetzt sind wir in einem kleineren Haus mit 150 Quadratmetern plus Kellerr\u00e4umen. Wir f\u00fchlen uns hier so wohl wie nie.\u201c<\/p>\n<p><img decoding=\"async\" width=\"992\" height=\"744\" alt=\"Das neue Wohnzimmer von Patricia Kelly: Die gelben Sessel sind neu, die beiden Sofas nahmen sie aus dem alten Haus mit\" src=\"https:\/\/www.europesays.com\/de\/wp-content\/uploads\/2025\/07\/6f0a100ba2394d63bfcea0aabf95ec8d,562cee5e\"   class=\"dynamic\" loading=\"lazy\"\/><\/p>\n<p class=\"fig__caption__text\">Das neue Wohnzimmer von Patricia Kelly: Die gelben Sessel sind neu, die beiden Sofas nahmen sie aus dem alten Haus mit<\/p>\n<p>Foto: Privat<\/p>\n<p><img decoding=\"async\" width=\"992\" height=\"1315\" alt=\"Jesus wacht \u00fcber die Familie im Esszimmer: Hier empf\u00e4ngt das Ehepaar oft auch G\u00e4ste zum Essen, auch die beiden S\u00f6hne \u2013 auch wenn die inzwischen ausgezogen sind\" src=\"https:\/\/www.europesays.com\/de\/wp-content\/uploads\/2025\/07\/6edb8b538673d0f320208755d71cec4f,5f50e91f\"   class=\"dynamic\" loading=\"lazy\"\/><\/p>\n<p class=\"fig__caption__text\">Jesus wacht \u00fcber die Familie im Esszimmer: Hier empf\u00e4ngt das Ehepaar oft G\u00e4ste<\/p>\n<p>Foto: Privat<\/p>\n<p><img decoding=\"async\" width=\"992\" height=\"1323\" alt=\"Patricia Kelly gestaltete das neue Haus komplett selbst \u2013 sie achtet dabei auch auf kleine Accessoires\" src=\"https:\/\/www.europesays.com\/de\/wp-content\/uploads\/2025\/07\/379160aa68595a925d271e4f75fd64e9,1e671892\"   class=\"dynamic\" loading=\"lazy\"\/><\/p>\n<p class=\"fig__caption__text\">Patricia Kelly gestaltete das neue Haus komplett selbst \u2013 sie achtet dabei auch auf Accessoires<\/p>\n<p>Foto: Privat<\/p>\n<p>Sie habe ohnehin nie den puren Luxus gebraucht, so die \u201e<a href=\"https:\/\/www.bild.de\/themen\/personen\/kelly-family\/unterhaltung-nachrichten-news-fotos-videos-20557070.bild.html\" class=\"text-link\" target=\"_blank\" rel=\"noopener\">Kelly Family<\/a>\u201c-S\u00e4ngerin weiter. \u201eIch bin in Bussen und Schiffen gro\u00df geworden. Es war mir unheimlich, allein in einem Riesenhaus zu sein, wenn Denis auf Gesch\u00e4ftsreise war. Das war nicht meins. Um so enger, desto sch\u00f6ner. Ich bin ein Familienmensch durch und durch. Und ein kleiner Hippie ist auch noch in mir drin.\u201c<\/p>\n<p>Nach den ersten zwei Monaten im neuen Zuhause seien Denis und sie auch schon \u201erichtig im neuen Haus angekommen\u201c, verr\u00e4t Patricia. \u201eNur noch ein paar Kisten stehen im Keller, die werden aber sicher erst beim n\u00e4chsten Umzug ausgepackt oder weggeworfen. Denn seitdem ich mit Denis zusammen bin, also in den letzten 20 Jahren, sind wir schon zehnmal umgezogen.\u201c<\/p>\n<p>Sie lacht: \u201eIch bin halt ein Vagabunden-Kind. Meine Kinder machen schon Scherze, wann ich das n\u00e4chste Mal umziehe.\u201c<\/p>\n","protected":false},"excerpt":{"rendered":"Heiligenhaus (NRW) \u2013 Die S\u00f6hne sind aus dem Haus \u2013 jetzt kann sie sich verkleinern. \u201eKelly Family\u201c-S\u00e4ngerin Patricia&hellip;\n","protected":false},"author":2,"featured_media":275611,"comment_status":"","ping_status":"","sticky":false,"template":"","format":"standard","meta":{"footnotes":""},"categories":[1776],"tags":[1801,29,214,30,82446,25849,53973,1802,45,215],"class_list":{"0":"post-275610","1":"post","2":"type-post","3":"status-publish","4":"format-standard","5":"has-post-thumbnail","7":"category-prominente","8":"tag-celebrities","9":"tag-deutschland","10":"tag-entertainment","11":"tag-germany","12":"tag-kelly-angelo","13":"tag-kelly-family","14":"tag-mutterschaft","15":"tag-prominente","16":"tag-texttospeech","17":"tag-unterhaltung"},"share_on_mastodon":{"url":"https:\/\/pubeurope.com\/@de\/114875640864084554","error":""},"_links":{"self":[{"href":"https:\/\/www.europesays.com\/de\/wp-json\/wp\/v2\/posts\/275610","targetHints":{"allow":["GET"]}}],"collection":[{"href":"https:\/\/www.europesays.com\/de\/wp-json\/wp\/v2\/posts"}],"about":[{"href":"https:\/\/www.europesays.com\/de\/wp-json\/wp\/v2\/types\/post"}],"author":[{"embeddable":true,"href":"https:\/\/www.europesays.com\/de\/wp-json\/wp\/v2\/users\/2"}],"replies":[{"embeddable":true,"href":"https:\/\/www.europesays.com\/de\/wp-json\/wp\/v2\/comments?post=275610"}],"version-history":[{"count":0,"href":"https:\/\/www.europesays.com\/de\/wp-json\/wp\/v2\/posts\/275610\/revisions"}],"wp:featuredmedia":[{"embeddable":true,"href":"https:\/\/www.europesays.com\/de\/wp-json\/wp\/v2\/media\/275611"}],"wp:attachment":[{"href":"https:\/\/www.europesays.com\/de\/wp-json\/wp\/v2\/media?parent=275610"}],"wp:term":[{"taxonomy":"category","embeddable":true,"href":"https:\/\/www.europesays.com\/de\/wp-json\/wp\/v2\/categories?post=275610"},{"taxonomy":"post_tag","embeddable":true,"href":"https:\/\/www.europesays.com\/de\/wp-json\/wp\/v2\/tags?post=275610"}],"curies":[{"name":"wp","href":"https:\/\/api.w.org\/{rel}","templated":true}]}}