{"id":275676,"date":"2025-07-18T18:58:11","date_gmt":"2025-07-18T18:58:11","guid":{"rendered":"https:\/\/www.europesays.com\/de\/275676\/"},"modified":"2025-07-18T18:58:11","modified_gmt":"2025-07-18T18:58:11","slug":"die-eu-sanktionen-gegen-russland-sind-noetig-aber-nur-ein-schritt","status":"publish","type":"post","link":"https:\/\/www.europesays.com\/de\/275676\/","title":{"rendered":"Die EU-Sanktionen gegen Russland sind n\u00f6tig, aber nur ein Schritt"},"content":{"rendered":"<ol class=\"id-DonaldBreadcrumb lp_west_breadcrumb id-DonaldBreadcrumb--default\" data-k5a-pos=\"west_breadcrumb\">\n<li class=\"id-Breadcrumb-item\"><a href=\"https:\/\/www.fr.de\/\" class=\"id-Breadcrumb-link\" data-id-ec=\"{\" shn=\"\" textlink=\"\" data-k5a-pos=\"1_startseite\" rel=\"nofollow noopener\" target=\"_blank\">Startseite<\/a><\/li>\n<li class=\"id-Breadcrumb-item\"><a href=\"https:\/\/www.fr.de\/politik\/\" class=\"id-Breadcrumb-link\" data-id-ec=\"{\" shn=\"\" textlink=\"\" data-k5a-pos=\"2_politik\" rel=\"nofollow noopener\" target=\"_blank\">Politik<\/a><\/li>\n<\/ol>\n<p class=\"id-Story-timestamp id-Story-timestamp--default\">Stand: 18.07.2025, 20:49 Uhr<\/p>\n<p class=\"id-Story-authors id-Story-authors--default\">Von: <a class=\"id-Story-authors-link lp_west_author\" href=\"https:\/\/www.fr.de\/autor\/andreas-schwarzkopf-tnf7nf634.html\" title=\"Zur Autorenseite von Andreas Schwarzkopf\" data-id-ec=\"{\" shn=\"\" author-link=\"\" schwarzkopf=\"\" data-k5a-pos=\"west_author\" rel=\"nofollow noopener\" target=\"_blank\">Andreas Schwarzkopf<\/a><\/p>\n<p class=\"id-Story-interactionBar id-Story-interactionBar--default\">DruckenTeilen<\/p>\n<p class=\"id-StoryElement-leadText\">Die EU-Sanktionen gegen Russland sind n\u00f6tig, aber nur ein Schritt<\/p>\n<p class=\"id-StoryElement-paragraph\">Endlich haben sich die EU-Staaten auf das 18. Sanktionspaket gegen Russland verst\u00e4ndigt, um mit einem weiteren Schritt dem russischen Autokraten Wladimir Putin zu verdeutlichen, dass er mit seinem v\u00f6lkerrechtswidrigen \u00dcberfall auf die Ukraine nichts gewinnen kann. \u00dcberzeugender w\u00e4re es allerdings gewesen, wenn die politisch Verantwortlichen schon fr\u00fcher der Slowakei versichert h\u00e4tten, nicht durch die beschlossenen Schritte gesch\u00e4digt zu werden. <\/p>\n<p class=\"id-StoryElement-paragraph\">Das h\u00e4tte wom\u00f6glich das wochenlange Gezerre verhindert, das am Ende alles andere \u00fcberlagert hat. Es entsteht der Eindruck, die EU sei unf\u00e4hig, bei solch wichtigen Themen schnell zu entscheiden. Das best\u00e4rkt lediglich EU-Skeptikerinnen und -Skeptiker. Dieser politische Schaden \u00fcberlagert das Signal, mit dem zuvorderst ein Fehlverhalten wie das von Russland verurteilt werden soll.<\/p>\n<p class=\"id-StoryElement-paragraph\">Effektvoller w\u00e4re es zudem gewesen, die Sanktionen zusammen mit der Entscheidung von US-Pr\u00e4sident Donald Trump zu beschlie\u00dfen, Russland ein Ultimatum von 50 Tagen zu setzen und der Ukraine weiter Waffen zukommen zu lassen. <\/p>\n<p><img decoding=\"async\" class=\"id-RatioPlaceholder-element wv_story_el_image\" src=\"https:\/\/www.europesays.com\/de\/wp-content\/uploads\/2025\/07\/38917816-andreas-schwarzkopf-kommentarbild-PABG.jpg\" loading=\"lazy\"   height=\"1100\" width=\"1100\" alt=\"Andreas Schwarzkopf. Kommentarbild\"\/>Andreas Schwarzkopf  \u00a9\u00a0peter-juelich.com<\/p>\n<p class=\"id-StoryElement-paragraph\">Abgesehen davon bleibt es allerdings richtig, den Druck auf Moskau zu erh\u00f6hen. Daran \u00e4ndert auch nichts, dass die Sanktionen eher mittel- und langfristig wirken. Denn die Kosten des Krieges steigen damit weiter. <\/p>\n<p class=\"id-StoryElement-paragraph\">Sanktionen sind nicht der wichtigste Schritt der EU, der wichtigere Aufgaben noch bevorstehen. Sie wird entschiedener nachr\u00fcsten und die Produktion von Waffen sowie Munition drastisch erh\u00f6hen m\u00fcssen. Sie muss sich darauf vorbereiten, dass die US-Regierung sich weiter weniger f\u00fcr die Ukraine engagiert. Ein Fingerzeig sind die Flugabwehrsysteme, die die Europ\u00e4er von Washington kaufen sollen, um sie anschlie\u00dfend an Kiew zu liefern.                            <\/p>\n","protected":false},"excerpt":{"rendered":"Startseite Politik Stand: 18.07.2025, 20:49 Uhr Von: Andreas Schwarzkopf DruckenTeilen Die EU-Sanktionen gegen Russland sind n\u00f6tig, aber nur&hellip;\n","protected":false},"author":2,"featured_media":275677,"comment_status":"","ping_status":"","sticky":false,"template":"","format":"standard","meta":{"footnotes":""},"categories":[4013],"tags":[331,332,13,14,15,4043,4044,850,307,12],"class_list":{"0":"post-275676","1":"post","2":"type-post","3":"status-publish","4":"format-standard","5":"has-post-thumbnail","7":"category-russland","8":"tag-aktuelle-nachrichten","9":"tag-aktuelle-news","10":"tag-headlines","11":"tag-nachrichten","12":"tag-news","13":"tag-russia","14":"tag-russian-federation","15":"tag-russische-foederation","16":"tag-russland","17":"tag-schlagzeilen"},"share_on_mastodon":{"url":"https:\/\/pubeurope.com\/@de\/114875774763997744","error":""},"_links":{"self":[{"href":"https:\/\/www.europesays.com\/de\/wp-json\/wp\/v2\/posts\/275676","targetHints":{"allow":["GET"]}}],"collection":[{"href":"https:\/\/www.europesays.com\/de\/wp-json\/wp\/v2\/posts"}],"about":[{"href":"https:\/\/www.europesays.com\/de\/wp-json\/wp\/v2\/types\/post"}],"author":[{"embeddable":true,"href":"https:\/\/www.europesays.com\/de\/wp-json\/wp\/v2\/users\/2"}],"replies":[{"embeddable":true,"href":"https:\/\/www.europesays.com\/de\/wp-json\/wp\/v2\/comments?post=275676"}],"version-history":[{"count":0,"href":"https:\/\/www.europesays.com\/de\/wp-json\/wp\/v2\/posts\/275676\/revisions"}],"wp:featuredmedia":[{"embeddable":true,"href":"https:\/\/www.europesays.com\/de\/wp-json\/wp\/v2\/media\/275677"}],"wp:attachment":[{"href":"https:\/\/www.europesays.com\/de\/wp-json\/wp\/v2\/media?parent=275676"}],"wp:term":[{"taxonomy":"category","embeddable":true,"href":"https:\/\/www.europesays.com\/de\/wp-json\/wp\/v2\/categories?post=275676"},{"taxonomy":"post_tag","embeddable":true,"href":"https:\/\/www.europesays.com\/de\/wp-json\/wp\/v2\/tags?post=275676"}],"curies":[{"name":"wp","href":"https:\/\/api.w.org\/{rel}","templated":true}]}}