{"id":275711,"date":"2025-07-18T19:17:19","date_gmt":"2025-07-18T19:17:19","guid":{"rendered":"https:\/\/www.europesays.com\/de\/275711\/"},"modified":"2025-07-18T19:17:19","modified_gmt":"2025-07-18T19:17:19","slug":"hakenkreuz-und-hass-parolen-in-toilette-uni-reagiert","status":"publish","type":"post","link":"https:\/\/www.europesays.com\/de\/275711\/","title":{"rendered":"Hakenkreuz und Hass-Parolen in Toilette \u2013 Uni reagiert"},"content":{"rendered":"<p>Staatsschutz eingeschaltet <\/p>\n<p>Hakenkreuz und Hass-Parolen in Toilette \u2013 so reagiert die TU Dresden<\/p>\n<p>18.07.2025 &#8211; 17:19 UhrLesedauer: 1 Min.<\/p>\n<p><a href=\"#focus-0\" class=\"transition-colors duration-200 focus-within:text-magenta block text-current relative\" data-sctrack=\"FocusGalleryImage.Reference\"><img fetchpriority=\"high\" data-testid=\"Opener.Image\" style=\"--lqipURL:url('https:\/\/images.t-online.de\/2025\/07\/jzuzn-0hcUXf\/0x0:720x405\/fit-in\/150x0\/filters:blur(25)\/image.jpg')\"   loading=\"eager\" src=\"https:\/\/www.europesays.com\/de\/wp-content\/uploads\/2025\/07\/1752866239_166_image.jpg\" alt=\"Die T\u00e4ter hinterlie\u00dfen diese Botschaft auf der Sp\u00fclung: Die verfassungswidrigen Symbole wurden entfernt und der Staatsschutz eingeschaltet.\" title=\"Die T\u00e4ter hinterlie\u00dfen diese Botschaft auf der Sp\u00fclung: Die verfassungswidrigen Symbole wurden entfernt und der Staatsschutz eingeschaltet.\" width=\"720\" height=\"405\" class=\"bg-[url:var(--lqipURL)] bg-cover bg-center flex h-full w-full max-w-full\" decoding=\"async\"\/><img style=\"--width:32;--height:32\" loading=\"lazy\" src=\"https:\/\/www.t-online.de\/s\/paper\/_next\/static\/media\/zoom-in.f7dae02f.svg\" alt=\"Vergr\u00f6\u00dfern des Bildes\" title=\"Vergr\u00f6\u00dfern des Bildes\" class=\"block h-[calc(var(--height)_\/_16_*_1rem)] w-[calc(var(--width)_\/_16_*_1rem)] max-w-none absolute bottom-8 right-8 rounded-4 bg-snow p-8\" decoding=\"async\"\/><\/a><\/p>\n<p>Die T\u00e4ter hinterlie\u00dfen diese Botschaft auf der Sp\u00fclung: Die verfassungswidrigen Symbole wurden entfernt und der Staatsschutz eingeschaltet. (Quelle: Antifa Elbflorenz)<\/p>\n<p class=\"font-bold text-18 leading-17\">In einem Geb\u00e4ude der TU Dresden sind verfassungswidrige Symbole und antisemitische Hass-Parolen aufgetaucht. Die Universit\u00e4t k\u00fcndigte an, Kontrollen zu verst\u00e4rken und Pr\u00e4ventionsarbeit auszubauen.<\/p>\n<p class=\"text-18 leading-17\">&#8222;Jede Sp\u00fclung 1 toter Jude!&#8220;: Diese antisemitische Parole stand auf der Toilettensp\u00fclung im Gerber-Bau der TU <a class=\"transition-colors duration-200 cursor-pointer text-inherit no-underline text-salemsfur md:hover:text-magenta md:hover:border-magenta md:focus:text-magenta border-current border-b border-solid break-words\" href=\"https:\/\/www.t-online.de\/region\/dresden\/\" data-sctrack=\"BodyAnchor\" target=\"_blank\" rel=\"noopener\">Dresden<\/a>. Die T\u00e4ter h\u00e4tten eine gesperrte Kabine in der Herrentoilette aufgebrochen und mit Hass-Botschaften und verbotenen Nazi-Symbolen verunstaltet, teilte die TU Dresden mit.<\/p>\n<p class=\"text-18 leading-17\">Neben der Gewaltfantasie hinterlie\u00dfen sie unter anderem ein Hakenkreuz auf dem Toilettensitz sowie die Nazi-Codes 18 und 88. Die Zahlen stehen in der rechtsextremen Szene f\u00fcr die Initialen Adolf Hitlers und &#8222;Heil Hitler&#8220;.<\/p>\n<p class=\"text-18 leading-17\">Die Universit\u00e4t reagierte am Donnerstagmorgen, nachdem sie auf die Vorf\u00e4lle aufmerksam gemacht worden war. &#8222;Die menschenverachtenden Schmierereien wurden dokumentiert, entfernt, es wurde Strafanzeige gestellt und der Vorgang dem Staatsschutz gemeldet&#8220;, erkl\u00e4rte die TU auf Anfrage.<\/p>\n<p class=\"text-18 leading-17\">Als Konsequenz k\u00fcndigte die Hochschule an, dass es im betroffenen Geb\u00e4ude verst\u00e4rkte Kontrollg\u00e4nge geben solle. Zudem wolle die Universit\u00e4t ihre Angebote gegen Rechtsextremismus und Antisemitismus ausbauen.<\/p>\n<p class=\"text-18 leading-17\">Im Gerber-Bau ist haupts\u00e4chlich die Philosophische Fakult\u00e4t untergebracht. Ob die T\u00e4ter dort studieren oder \u00fcberhaupt zur Universit\u00e4t geh\u00f6ren, sei unklar. Die Uni habe keinerlei Hinweise auf die Identit\u00e4t der T\u00e4ter, teilte die TU mit.<\/p>\n<p class=\"text-18 leading-17\">Die Universit\u00e4t verurteilte die Tat scharf: &#8222;Dieser Vorfall steht in sch\u00e4rfstem Widerspruch zu unserer Wertegemeinschaft und wird mit den uns zur Verf\u00fcgung stehenden Mitteln verfolgt.&#8220; Gleichzeitig r\u00e4umte sie ein, dass Hochschulen ein Spiegel der Gesellschaft seien, in dem sich auch s\u00e4mtliche politischen Str\u00f6mungen wiederfinden w\u00fcrden.<\/p>\n","protected":false},"excerpt":{"rendered":"Staatsschutz eingeschaltet Hakenkreuz und Hass-Parolen in Toilette \u2013 so reagiert die TU Dresden 18.07.2025 &#8211; 17:19 UhrLesedauer: 1&hellip;\n","protected":false},"author":2,"featured_media":275712,"comment_status":"","ping_status":"","sticky":false,"template":"","format":"standard","meta":{"footnotes":""},"categories":[1835],"tags":[5791,3364,29,2386,30,42896,64016,859,82466,3447,36048,13852,5162],"class_list":{"0":"post-275711","1":"post","2":"type-post","3":"status-publish","4":"format-standard","5":"has-post-thumbnail","7":"category-dresden","8":"tag-adolf-hitler","9":"tag-de","10":"tag-deutschland","11":"tag-dresden","12":"tag-germany","13":"tag-hakenkreuz","14":"tag-praeventionsarbeit","15":"tag-sachsen","16":"tag-spuelung","17":"tag-staatsschutz","18":"tag-tu","19":"tag-tu-dresden","20":"tag-universitaet"},"share_on_mastodon":{"url":"https:\/\/pubeurope.com\/@de\/114875849046631275","error":""},"_links":{"self":[{"href":"https:\/\/www.europesays.com\/de\/wp-json\/wp\/v2\/posts\/275711","targetHints":{"allow":["GET"]}}],"collection":[{"href":"https:\/\/www.europesays.com\/de\/wp-json\/wp\/v2\/posts"}],"about":[{"href":"https:\/\/www.europesays.com\/de\/wp-json\/wp\/v2\/types\/post"}],"author":[{"embeddable":true,"href":"https:\/\/www.europesays.com\/de\/wp-json\/wp\/v2\/users\/2"}],"replies":[{"embeddable":true,"href":"https:\/\/www.europesays.com\/de\/wp-json\/wp\/v2\/comments?post=275711"}],"version-history":[{"count":0,"href":"https:\/\/www.europesays.com\/de\/wp-json\/wp\/v2\/posts\/275711\/revisions"}],"wp:featuredmedia":[{"embeddable":true,"href":"https:\/\/www.europesays.com\/de\/wp-json\/wp\/v2\/media\/275712"}],"wp:attachment":[{"href":"https:\/\/www.europesays.com\/de\/wp-json\/wp\/v2\/media?parent=275711"}],"wp:term":[{"taxonomy":"category","embeddable":true,"href":"https:\/\/www.europesays.com\/de\/wp-json\/wp\/v2\/categories?post=275711"},{"taxonomy":"post_tag","embeddable":true,"href":"https:\/\/www.europesays.com\/de\/wp-json\/wp\/v2\/tags?post=275711"}],"curies":[{"name":"wp","href":"https:\/\/api.w.org\/{rel}","templated":true}]}}