{"id":275713,"date":"2025-07-18T19:18:12","date_gmt":"2025-07-18T19:18:12","guid":{"rendered":"https:\/\/www.europesays.com\/de\/275713\/"},"modified":"2025-07-18T19:18:12","modified_gmt":"2025-07-18T19:18:12","slug":"bpol-hb-gesuchter-algerischer-raeuber-geht-bundespolizisten-in-lueneburg-ins-netz","status":"publish","type":"post","link":"https:\/\/www.europesays.com\/de\/275713\/","title":{"rendered":"BPOL-HB: Gesuchter algerischer R\u00e4uber geht Bundespolizisten in L\u00fcneburg ins Netz"},"content":{"rendered":"<p class=\"date\">18.07.2025 \u2013 20:00<\/p>\n<p class=\"customer\">\n                        <a class=\"story-customer\" title=\"weiter zum newsroom von Bundespolizeiinspektion Bremen\" href=\"https:\/\/www.presseportal.de\/blaulicht\/nr\/70255\" rel=\"nofollow noopener\" target=\"_blank\">Bundespolizeiinspektion Bremen<\/a>\n                    <\/p>\n<p><a class=\"glightbox event-trigger\" href=\"https:\/\/cache.pressmailing.net\/thumbnail\/story_hires\/863935c6-6dad-42b8-b3e1-f5f91a58e54d\/BPOLRLG2025.jpg.jpg\" data-description=\"Bundespolizei Bremen \/ Revier L\u00fcneburg \/ 2025 \/ Bahnhof L\u00fcneburg\" data-category=\"medialightbox\" data-action=\"click\" data-label=\"single\" data-value=\"687a8bd4270000fd2cfff0e3\" rel=\"nofollow noopener\" target=\"_blank\"><img decoding=\"async\" height=\"540\" with=\"720\" src=\"https:\/\/www.europesays.com\/de\/wp-content\/uploads\/2025\/07\/bpol-hb-gesuchter-algerischer-r-uber-geht-bundespolizisten-in-l-neburg-ins-netz.jpeg\"   alt=\"BPOL-HB: Gesuchter algerischer R\u00e4uber geht Bundespolizisten in L\u00fcneburg ins Netz\" class=\"single\"\/><\/a><\/p>\n<p><a data-category=\"citylink-story-view\" data-action=\"click\" data-label=\"Citylink in Meldungsansicht\" class=\"story-city event-trigger\" href=\"https:\/\/www.presseportal.de\/regional\/Bremen\" title=\"News aus Bremen \" rel=\"nofollow noopener\" target=\"_blank\">Bremen<\/a> (ots)<\/p>\n<p>L\u00fcneburg, Bahnhof, 17.07.2025 \/ 20:55 Uhr<\/p>\n<p>Am Donnerstagabend verst\u00e4ndigte eine Schaffnerin des ICE 584 auf der Fahrt von Kassel nach Hamburg die Bundespolizei. Ein Fahrgast hatte offenbar versucht mit einer Flex-Fahrkarte zu betr\u00fcgen.<\/p>\n<p>Mit Halt des Zuges am Bahnhof L\u00fcneburg kam es zum Einsatz von Beamten der Bundespolizei. Und dieser Einsatz brachte noch ganz andere Straftaten ans Licht: Bei dem 22-J\u00e4hrigen, der bei der Fahrkartenkontrolle aufgefallen war, handelte es sich um einen amtsbekannten jungen Algerier. Wie die Bundespolizisten feststellten wurde der Mann gleichzeitig vom Amtsgericht K\u00f6ln, der Staatsanwaltschaft K\u00f6ln, der Staatsanwaltschaft Hamburg und europaweit von niederl\u00e4ndischen Beh\u00f6rden gesucht.<\/p>\n<p>Die Fahndungen beinhalten einen Untersuchungshaftbefehl wegen Raubes des AG K\u00f6ln, jeweils einer Aufenthaltsermittlung wegen Angriffen auf Polizeibeamte der STA Hamburg und K\u00f6ln, sowie der Schengenfahndung der Niederlande, die auf eine R\u00fcckf\u00fchrung des Mannes nach Algerien abzielt.<\/p>\n<p>Das Amtsgericht L\u00fcneburg ordnete den sofortigen Vollzug der Untersuchungshaft an, so dass der junge Mann unmittelbar aus dem Polizeigewahrsam der Bundespolizei in eine Justizvollzugsanstalt \u00fcberf\u00fchrt wurde.<\/p>\n<p>Die wegen des aktuellen Falls er\u00f6ffneten Ermittlungsverfahren wegen unerlaubten Aufenthalts und Betrugs erg\u00e4nzen die laufenden Verfahren gegen nun den Verhafteten, der erstmals im Jahr 2022 nach Deutschland eingereist war.<\/p>\n<p class=\"contact-headline\">R\u00fcckfragen bitte an:<\/p>\n<p class=\"contact-text\">Bundespolizeiinspektion Bremen<br \/>Pressesprecher<br \/>Simon Gruhl<br \/>Telefon: 0421 16299 &#8211; 6101<br \/>Mobil: 0172 &#8211; 34 67 750<br \/>E-Mail: <a href=\"https:\/\/www.presseportal.de\/blaulicht\/pm\/70255\/mailto: bpoli.bremen.oea@polizei.bund.de\" class=\"uri-mailto\" rel=\"nofollow noopener\" target=\"_blank\"> bpoli.bremen.oea@polizei.bund.de<\/a><br \/><a target=\"_blank\" class=\"uri-ext outbound\" rel=\"noopener nofollow\" href=\"https:\/\/www.bundespolizei.de\">www.bundespolizei.de<\/a><br \/>X @bpol_nord<\/p>\n<p class=\"originator\">Original-Content von: Bundespolizeiinspektion Bremen, \u00fcbermittelt durch news aktuell<\/p>\n","protected":false},"excerpt":{"rendered":"18.07.2025 \u2013 20:00 Bundespolizeiinspektion Bremen Bremen (ots) L\u00fcneburg, Bahnhof, 17.07.2025 \/ 20:55 Uhr Am Donnerstagabend verst\u00e4ndigte eine Schaffnerin&hellip;\n","protected":false},"author":2,"featured_media":275714,"comment_status":"","ping_status":"","sticky":false,"template":"","format":"standard","meta":{"footnotes":""},"categories":[1824],"tags":[2420,3364,29,30,7309,691,177,1352,5404,121,178,180,179,181],"class_list":{"0":"post-275713","1":"post","2":"type-post","3":"status-publish","4":"format-standard","5":"has-post-thumbnail","7":"category-bremen","8":"tag-bremen","9":"tag-de","10":"tag-deutschland","11":"tag-germany","12":"tag-hb","13":"tag-hh","14":"tag-kriminalitt","15":"tag-mv","16":"tag-ni","17":"tag-polizei","18":"tag-presse","19":"tag-pressemeldung","20":"tag-pressemitteilung","21":"tag-pressemitteilungen"},"share_on_mastodon":{"url":"https:\/\/pubeurope.com\/@de\/114875852975243428","error":""},"_links":{"self":[{"href":"https:\/\/www.europesays.com\/de\/wp-json\/wp\/v2\/posts\/275713","targetHints":{"allow":["GET"]}}],"collection":[{"href":"https:\/\/www.europesays.com\/de\/wp-json\/wp\/v2\/posts"}],"about":[{"href":"https:\/\/www.europesays.com\/de\/wp-json\/wp\/v2\/types\/post"}],"author":[{"embeddable":true,"href":"https:\/\/www.europesays.com\/de\/wp-json\/wp\/v2\/users\/2"}],"replies":[{"embeddable":true,"href":"https:\/\/www.europesays.com\/de\/wp-json\/wp\/v2\/comments?post=275713"}],"version-history":[{"count":0,"href":"https:\/\/www.europesays.com\/de\/wp-json\/wp\/v2\/posts\/275713\/revisions"}],"wp:featuredmedia":[{"embeddable":true,"href":"https:\/\/www.europesays.com\/de\/wp-json\/wp\/v2\/media\/275714"}],"wp:attachment":[{"href":"https:\/\/www.europesays.com\/de\/wp-json\/wp\/v2\/media?parent=275713"}],"wp:term":[{"taxonomy":"category","embeddable":true,"href":"https:\/\/www.europesays.com\/de\/wp-json\/wp\/v2\/categories?post=275713"},{"taxonomy":"post_tag","embeddable":true,"href":"https:\/\/www.europesays.com\/de\/wp-json\/wp\/v2\/tags?post=275713"}],"curies":[{"name":"wp","href":"https:\/\/api.w.org\/{rel}","templated":true}]}}