{"id":275715,"date":"2025-07-18T19:19:09","date_gmt":"2025-07-18T19:19:09","guid":{"rendered":"https:\/\/www.europesays.com\/de\/275715\/"},"modified":"2025-07-18T19:19:09","modified_gmt":"2025-07-18T19:19:09","slug":"warum-bremen-immer-vor-bayern-in-die-sommerferien-startet","status":"publish","type":"post","link":"https:\/\/www.europesays.com\/de\/275715\/","title":{"rendered":"Warum Bremen immer vor Bayern in die Sommerferien startet"},"content":{"rendered":"<p class=\"article-toplinewrapper\">\nFragen &amp; Antworten<\/p>\n<p>Standdatum: 18. Juli 2025.<\/p>\n<p>Autorinnen und Autoren:<br \/>\nMalte D\u00f6bert<\/p>\n<p><img decoding=\"async\" class=\"image -image-with-fallback -image-rounded  lazyload\" src=\"data:image\/gif;base64,R0lGODlhEAAJAIAAAP\/\/\/\/\/\/\/yH5BAEKAAEALAAAAAAQAAkAAAIKjI+py+0Po5yUFQA7\"   alt=\"Sch\u00fclerinnen und Sch\u00fcler blicken zur Schultafel, auf der eine Lehrerin den Satz: &quot;Sch\u00f6ne Ferien&quot; schreibt.\" data-image-owner=\"dpa | Bernd Wei\u00dfbrod\" data-image-title=\"Sch\u00fclerinnen und Sch\u00fcler blicken zur Schultafel, auf der eine Lehrerin den Satz: &quot;Sch\u00f6ne Ferien&quot; schreibt.\" data-image-src=\"https:\/\/www.butenunbinnen.de\/bilder\/sommerferien-kinder-schule-100~_v-800x450_c-1752864210029.jpg\" data-image-rights-src=\"\/bilder\/sommerferien-kinder-schule-100~_v-640x360_c-1752864210029.jpg\"\/><\/p>\n<p>Sch\u00fclerinnen und Sch\u00fcler aus Baden-W\u00fcrttemberg starten immer als letzte in die Sommerferien. Aber warum ist ein sp\u00e4ter Ferienstart so beliebt?<\/p>\n<p>Bild: dpa | Bernd Wei\u00dfbrod<\/p>\n<p class=\"article-intro\">Dass Bayern und Baden-W\u00fcrttemberg immer als letzte in die Sommerferien starten, finden einige andere Bundesl\u00e4nder unfair. Aber wieso ist ein sp\u00e4terer Ferienstart besser?<\/p>\n<p>&#8222;Die Kinder m\u00fcssen bei der Ernte helfen&#8220;: Mit dieser Begr\u00fcndung haben sich Bayern und Baden-W\u00fcrttemberg vor Jahrzehnten das Recht erstritten, immer als letzte in die Sommerferien gehen zu d\u00fcrfen. Die Regel ist l\u00e4ngst \u00fcberholt und einige der norddeutschen Bundesl\u00e4nder empfinden sie als unfair. <\/p>\n<p>Aber wieso ist der sp\u00e4te Ferienstart bei den Bundesl\u00e4ndern so beliebt? Und wie realistisch ist eine \u00c4nderung des Systems? Birthe S\u00f6nnichsen aus dem ARD-Hauptstadtstudio in Berlin gibt Antworten.<\/p>\n<p>Warum f\u00fchlen sich vor allem die norddeutschen Bundesl\u00e4nder bei der Sommerferienregelung benachteiligt?<\/p>\n<p class=\"questions-and-answers-answers\">Es kann ja durchaus ein Vorteil sein, am Schluss dran zu sein. Denn im September kann es schon mal deutlich g\u00fcnstiger und leerer in den Urlaubsorten sein. Den Vorteil haben die norddeutschen L\u00e4nder momentan nicht. <\/p>\n<p>Es gibt auch Stimmen die sagen, dass ein sp\u00e4terer Ferienstart auch gut f\u00fcr die Sch\u00fclerinnen und Sch\u00fcler w\u00e4re, da sie dann zwischen den Oster- und Sommerferien mehr Zeit am St\u00fcck f\u00fcr das Lernen h\u00e4tten.<\/p>\n<p>Wie werden denn eigentlich die Termine f\u00fcr Ferien festgelegt? Kann Bremen nicht einfach sagen: &#8222;Wir machen das jetzt auch sp\u00e4ter?&#8220;<\/p>\n<p class=\"questions-and-answers-answers\">Damit w\u00fcrde Bremen gegen eine Vereinbarung versto\u00dfen, denn die Bundesl\u00e4nder haben untereinander vereinbart sich abzustimmen, damit nicht zu viele Menschen gleichzeitig im Urlaub sind. Das bedeutet, dass die Ferien manchmal schon fr\u00fch im Juni beginnen und manchmal erst Mitte Juli \u2013 da wird zwischen den Bundesl\u00e4ndern durchgewechselt. <\/p>\n<p><a href=\"https:\/\/www.butenunbinnen.de\/bilder\/stau-autobahn-bremen-nord-100~_v-512x288_c-1729621925757.jpg\" data-gallery-entry-for=\"sommerferien-bremen-bundeslaender-100\" data-size=\"1920x1080\" class=\"text-link\" target=\"_blank\" rel=\"noopener\"><\/p>\n<p><img decoding=\"async\" class=\"image -image-with-fallback -image-rounded  lazyload\" src=\"data:image\/gif;base64,R0lGODlhEAAJAIAAAP\/\/\/\/\/\/\/yH5BAEKAAEALAAAAAAQAAkAAAIKjI+py+0Po5yUFQA7\"   alt=\"Stau auf der A27 in Bremen Nord.\" title=\"Bild: Radio Bremen\" data-image-owner=\"Radio Bremen\" data-image-title=\"Stau auf der A27 in Bremen Nord.\" data-image-src=\"https:\/\/www.butenunbinnen.de\/bilder\/stau-autobahn-bremen-nord-100~_v-512x288_c-1729621925757.jpg\" data-image-rights-src=\"\/bilder\/stau-autobahn-bremen-nord-100~_v-640x360_c-1729621925757.jpg\"\/><\/p>\n<p><\/a><\/p>\n<p>W\u00fcrden alle Bundesl\u00e4nder den Ferienzeitraum gleichzeitig setzen, g\u00e4be es ein gro\u00dfes Verkehrschaos. Daher ist es wichtig, dass die Bundesl\u00e4nder zeitversetzt in die Sommerferien starten.<\/p>\n<p>Bild: Radio Bremen<\/p>\n<p>Aber es machen eben nicht alle L\u00e4nder mit: nur 14 der 16 Bundesl\u00e4nder. Bremen ist dabei, aber Bayern und Baden-W\u00fcrttemberg eben nicht, die sind immer ganz zum Schluss dran.<\/p>\n<p>Gibt es Chancen, die Ferienregelung in Deutschland zu \u00e4ndern \u2013 und wenn ja, ab wann?<\/p>\n<p class=\"questions-and-answers-answers\">Theoretisch k\u00f6nnten sich die L\u00e4nder auf eine \u00c4nderung der Regel verst\u00e4ndigen. Praktisch wird das eher schwierig. Fr\u00fchestens w\u00e4re eine \u00c4nderung ab dem Schuljahr 2030\/31 m\u00f6glich, denn bis dahin ist alles schon grob abgestimmt. <\/p>\n<p>Aber damit es ge\u00e4ndert werden k\u00f6nnte, m\u00fcssten Bayern und Baden-W\u00fcrttemberg sagen: &#8222;Okay, wir sind dabei, wir machen jetzt auch mit. Wir machen vielleicht auch mal fr\u00fcher Ferien.&#8220; Da hat allerdings der bayrische Ministerpr\u00e4sident Markus S\u00f6der schon klar gesagt: &#8222;Ne, auf gar keinen Fall. Das bleibt alles beim Alten&#8220;. Das sei in der bayrischen DNA.<\/p>\n<p>Jetzt k\u00f6nnten die anderen L\u00e4nder nat\u00fcrlich sagen, wenn sich Bayern und Baden-W\u00fcrttemberg nicht dran halten, dann halten wir uns auch nicht dran, dann schicken wir halt viele Leute gleichzeitig in die Ferien und machen es eben auch mal sp\u00e4t. Oder die anderen 14 L\u00e4nder akzeptieren diese &#8222;Extrawurst&#8220; und stimmen sich weiter untereinander ab.<\/p>\n<p>Was sagt Bremens Bildungsressort zu der Ferientaktung?<\/p>\n<p>F\u00fcr Bremen sei es besonders wichtig, weiterhin gemeinsam mit Niedersachsen in die Sommerferien zu starten, sagt Pressesprecherin Patricia Brandt. Das sei allein schon vor den Hintergrund der zahlreichen Pendler f\u00fcr Bremen unumg\u00e4nglich. So k\u00f6nnen Arbeitnehmer ihre Urlaubszeiten mit den Sommerferien der Sch\u00fclerinnen und Sch\u00fcler abstimmen. Das soll auch f\u00fcr den zuk\u00fcnftigen Planungszeitraum von 2030 bis 2035 so bleiben. <\/p>\n<p>Die Sonderrolle von Bayern und Baden-W\u00fcrttemberg st\u00f6\u00dft im Bildungsressort nicht auf Kritik. Bremens Bildungssenatorin erkl\u00e4rt: <\/p>\n<blockquote class=\"citation -citation-type-simple\">\n<p class=\"citation-text\">Uns ist wichtig, dass wir gemeinsam mit Niedersachsen vorgehen und dass es einvernehmliche L\u00f6sungen unter den Bundesl\u00e4ndern gibt, bislang ist das immer gelungen, und das wird auch in Zukunft gewiss nicht an Bremen scheitern.<\/p>\n<p>Sascha Aulepp, Bildungssenatorin<\/p>\n<\/blockquote>\n<p class=\"article-legal-agencies\"><strong>Quelle<\/strong>:<br \/>\nbuten un binnen.\n<\/p>\n<p class=\"article-legal-broadcast-reference\"><strong>Dieses Thema im Programm:<\/strong><br \/>\nBremen Vier, 15. Juli 2025, 14:15 Uhr<\/p>\n","protected":false},"excerpt":{"rendered":"Fragen &amp; Antworten Standdatum: 18. Juli 2025. Autorinnen und Autoren: Malte D\u00f6bert Sch\u00fclerinnen und Sch\u00fcler aus Baden-W\u00fcrttemberg starten&hellip;\n","protected":false},"author":2,"featured_media":275716,"comment_status":"","ping_status":"","sticky":false,"template":"","format":"standard","meta":{"footnotes":""},"categories":[1824],"tags":[1634,772,2420,6703,3364,29,4532,30,1079,966,11290,1163,631],"class_list":{"0":"post-275715","1":"post","2":"type-post","3":"status-publish","4":"format-standard","5":"has-post-thumbnail","7":"category-bremen","8":"tag-baden-wuerttemberg","9":"tag-bayern","10":"tag-bremen","11":"tag-bremerhaven","12":"tag-de","13":"tag-deutschland","14":"tag-ferien","15":"tag-germany","16":"tag-reisen","17":"tag-schule","18":"tag-sommerferien","19":"tag-tourismus","20":"tag-urlaub"},"share_on_mastodon":{"url":"https:\/\/pubeurope.com\/@de\/114875856976643322","error":""},"_links":{"self":[{"href":"https:\/\/www.europesays.com\/de\/wp-json\/wp\/v2\/posts\/275715","targetHints":{"allow":["GET"]}}],"collection":[{"href":"https:\/\/www.europesays.com\/de\/wp-json\/wp\/v2\/posts"}],"about":[{"href":"https:\/\/www.europesays.com\/de\/wp-json\/wp\/v2\/types\/post"}],"author":[{"embeddable":true,"href":"https:\/\/www.europesays.com\/de\/wp-json\/wp\/v2\/users\/2"}],"replies":[{"embeddable":true,"href":"https:\/\/www.europesays.com\/de\/wp-json\/wp\/v2\/comments?post=275715"}],"version-history":[{"count":0,"href":"https:\/\/www.europesays.com\/de\/wp-json\/wp\/v2\/posts\/275715\/revisions"}],"wp:featuredmedia":[{"embeddable":true,"href":"https:\/\/www.europesays.com\/de\/wp-json\/wp\/v2\/media\/275716"}],"wp:attachment":[{"href":"https:\/\/www.europesays.com\/de\/wp-json\/wp\/v2\/media?parent=275715"}],"wp:term":[{"taxonomy":"category","embeddable":true,"href":"https:\/\/www.europesays.com\/de\/wp-json\/wp\/v2\/categories?post=275715"},{"taxonomy":"post_tag","embeddable":true,"href":"https:\/\/www.europesays.com\/de\/wp-json\/wp\/v2\/tags?post=275715"}],"curies":[{"name":"wp","href":"https:\/\/api.w.org\/{rel}","templated":true}]}}