{"id":275720,"date":"2025-07-18T19:22:19","date_gmt":"2025-07-18T19:22:19","guid":{"rendered":"https:\/\/www.europesays.com\/de\/275720\/"},"modified":"2025-07-18T19:22:19","modified_gmt":"2025-07-18T19:22:19","slug":"pol-do-raeuberische-erpressung-mit-waffe-in-dortmund-hoerde-polizei-sucht-zeugen","status":"publish","type":"post","link":"https:\/\/www.europesays.com\/de\/275720\/","title":{"rendered":"POL-DO: R\u00e4uberische Erpressung mit Waffe in Dortmund-H\u00f6rde: Polizei sucht Zeugen"},"content":{"rendered":"<p class=\"date\">18.07.2025 \u2013 13:52<\/p>\n<p class=\"customer\">\n                        <a class=\"story-customer\" title=\"weiter zum newsroom von Polizei Dortmund\" href=\"https:\/\/www.presseportal.de\/blaulicht\/nr\/4971\" rel=\"nofollow noopener\" target=\"_blank\">Polizei Dortmund<\/a>\n                    <\/p>\n<p><a data-category=\"citylink-story-view\" data-action=\"click\" data-label=\"Citylink in Meldungsansicht\" class=\"story-city event-trigger\" href=\"https:\/\/www.presseportal.de\/regional\/Dortmund\" title=\"News aus Dortmund \" rel=\"nofollow noopener\" target=\"_blank\">Dortmund<\/a> (ots)<\/p>\n<p>Lfd. Nr.: 0622<\/p>\n<p>Am gestrigen Abend (17. Juli) kam es zu einer r\u00e4uberischen Erpressung in einem Kiosk in Dortmund-H\u00f6rde. Die Polizei sucht Zeugen.<\/p>\n<p>Gegen 22:20 Uhr betrat ein bislang unbekannter Tatverd\u00e4chtige einen Kiosk Am Oelpfad. Unter Vorhalt einer Schusswaffe forderte er den 34-j\u00e4hrigen Kiosk-Mitarbeiter auf, Geld und Zigaretten auszuh\u00e4ndigen. Anschlie\u00dfend fl\u00fcchtete er mit einem niedrigen dreistelligen Geldbetrag und diversen Schachteln Zigaretten aus dem Kiosk in \u00f6stliche Richtung. Eine sofortige Fahndung verlief negativ. Ob es sich um eine scharfe Schusswaffe handelt, kann nicht ausgeschlossen werden.<\/p>\n<p>Der Tatverd\u00e4chtige wird wie folgt beschrieben:<br \/>\n&#8211;\tm\u00e4nnlich<br \/>\n&#8211;\tca. 1,85 m<br \/>\n&#8211;\tca. 25 Jahre alt<br \/>\n&#8211;\tschlank<br \/>\n&#8211;\tvermummt<br \/>\n&#8211;\tblass<br \/>\n&#8211;\tdunkle Augen<br \/>\n&#8211;\tgraue Wollm\u00fctze<br \/>\n&#8211;\tschwarzer Schlauchschal<br \/>\n&#8211;\tgraue Jacke mit Kapuze \u00fcber dem Kopf<br \/>\n&#8211;\tJogginghose<br \/>\n&#8211;\tunsichere Gangart<\/p>\n<p>Die Polizei ermittelt nun wegen r\u00e4uberischer Erpressung und sucht Zeugen, die den Vorfall beobachtet haben, sowie Hinweisgeber, die zur Identifizierung des T\u00e4ters beitragen k\u00f6nnen. Hinweise bitte an die Kriminalwache Dortmund unter der Tel. 0231 132 7441 melden.<\/p>\n<p class=\"contact-headline\">Journalisten wenden sich mit R\u00fcckfragen bitte an:<\/p>\n<p class=\"contact-text\">Polizei Dortmund<br \/>\u00d6zlem Demirtas<br \/>Telefon: 0231-132-1039<br \/>E-Mail: <a href=\"https:\/\/www.presseportal.de\/blaulicht\/pm\/4971\/mailto: poea.dortmund@polizei.nrw.de\" class=\"uri-mailto\" rel=\"nofollow noopener\" target=\"_blank\"> poea.dortmund@polizei.nrw.de<\/a><br \/><a target=\"_blank\" class=\"uri-ext outbound\" rel=\"noopener nofollow\" href=\"https:\/\/dortmund.polizei.nrw\/\">https:\/\/dortmund.polizei.nrw\/<\/a><\/p>\n<p class=\"originator\">Original-Content von: Polizei Dortmund, \u00fcbermittelt durch news aktuell<\/p>\n","protected":false},"excerpt":{"rendered":"18.07.2025 \u2013 13:52 Polizei Dortmund Dortmund (ots) Lfd. Nr.: 0622 Am gestrigen Abend (17. Juli) kam es zu&hellip;\n","protected":false},"author":2,"featured_media":108,"comment_status":"","ping_status":"","sticky":false,"template":"","format":"standard","meta":{"footnotes":""},"categories":[1833],"tags":[3364,29,217,30,177,1209,176,121,178,180,179,181],"class_list":{"0":"post-275720","1":"post","2":"type-post","3":"status-publish","4":"format-standard","5":"has-post-thumbnail","7":"category-dortmund","8":"tag-de","9":"tag-deutschland","10":"tag-dortmund","11":"tag-germany","12":"tag-kriminalitt","13":"tag-nordrhein-westfalen","14":"tag-nrw","15":"tag-polizei","16":"tag-presse","17":"tag-pressemeldung","18":"tag-pressemitteilung","19":"tag-pressemitteilungen"},"share_on_mastodon":{"url":"https:\/\/pubeurope.com\/@de\/114875868695600544","error":""},"_links":{"self":[{"href":"https:\/\/www.europesays.com\/de\/wp-json\/wp\/v2\/posts\/275720","targetHints":{"allow":["GET"]}}],"collection":[{"href":"https:\/\/www.europesays.com\/de\/wp-json\/wp\/v2\/posts"}],"about":[{"href":"https:\/\/www.europesays.com\/de\/wp-json\/wp\/v2\/types\/post"}],"author":[{"embeddable":true,"href":"https:\/\/www.europesays.com\/de\/wp-json\/wp\/v2\/users\/2"}],"replies":[{"embeddable":true,"href":"https:\/\/www.europesays.com\/de\/wp-json\/wp\/v2\/comments?post=275720"}],"version-history":[{"count":0,"href":"https:\/\/www.europesays.com\/de\/wp-json\/wp\/v2\/posts\/275720\/revisions"}],"wp:featuredmedia":[{"embeddable":true,"href":"https:\/\/www.europesays.com\/de\/wp-json\/wp\/v2\/media\/108"}],"wp:attachment":[{"href":"https:\/\/www.europesays.com\/de\/wp-json\/wp\/v2\/media?parent=275720"}],"wp:term":[{"taxonomy":"category","embeddable":true,"href":"https:\/\/www.europesays.com\/de\/wp-json\/wp\/v2\/categories?post=275720"},{"taxonomy":"post_tag","embeddable":true,"href":"https:\/\/www.europesays.com\/de\/wp-json\/wp\/v2\/tags?post=275720"}],"curies":[{"name":"wp","href":"https:\/\/api.w.org\/{rel}","templated":true}]}}