{"id":275721,"date":"2025-07-18T19:23:11","date_gmt":"2025-07-18T19:23:11","guid":{"rendered":"https:\/\/www.europesays.com\/de\/275721\/"},"modified":"2025-07-18T19:23:11","modified_gmt":"2025-07-18T19:23:11","slug":"gleisbauarbeiten-in-dortmund-wambel-und-brackel-verkehrsstoerungen-zu-erwarten","status":"publish","type":"post","link":"https:\/\/www.europesays.com\/de\/275721\/","title":{"rendered":"Gleisbauarbeiten in Dortmund-Wambel und -Brackel: Verkehrsst\u00f6rungen zu erwarten"},"content":{"rendered":"<p>\t\tGleisbauarbeiten in Wambel und Brackel<br \/>\n\t\t\t\t\tVerkehrsst\u00f6rungen f\u00fcr Autofahrer und bei Bus und Bahn<\/p>\n<p>    <a href=\"https:\/\/www.ruhrnachrichten.de\/wp-content\/uploads\/2025\/02\/24\/15\/630_0900_4516027_Haltestelle_am_Zehnthof_Koerne_4_-1648x824.jpg\" rel=\"nofollow noopener\" target=\"_blank\"><\/p>\n<p>            <img loading=\"lazy\" decoding=\"async\" src=\"https:\/\/www.europesays.com\/de\/wp-content\/uploads\/2025\/07\/630_0900_4516026_Haltestelle_am_Zehnthof_Koerne_4_-640x428.jpg\" width=\"640\" height=\"428\"  alt=\"Eine Stadtbahn an der Haltestelle \u201eAm Zehnthof\u201c in Dortmund\"\/><\/p>\n<p>    <\/a><br \/>\n    Unter anderem die Haltestelle \u201eAm Zehnthof\u201c wird von den Arbeiten betroffen sein. (Archivbild) \u00a9 Wilco Ruhland<\/p>\n<p class=\"article__teaser-text\">Etwa einen Monat lang baut DSW21 ab Ende Juli in der Schleife Wambel. Die Arbeiten werden auch Auswirkungen auf den Verkehr in Wambel und Brackel haben.<\/p>\n<p>1 Min Lesezeit<\/p>\n<p>Vom 25. Juli bis zum 22. August kommt es rund um Gleisbauarbeiten im Bereich der Schleife Wambel zu erheblichen Einschr\u00e4nkungen im \u00f6ffentlichen Nahverkehr und f\u00fcr Autofahrer. Das teilt <a href=\"https:\/\/www.ruhrnachrichten.de\/dortmund\/dsw21-stoppt-modernisierung-alte-stadtbahnen-dortmund-konsequenz-heiterblick-insolvenz-w1050883-2001720285\/\" data-imported=\"1\" rel=\"nofollow noopener\" target=\"_blank\">DSW21<\/a> mit.<\/p>\n<p>In der gesamten Zeit wird der Brackeler Hellweg zwischen Wambeler Hellweg\/Dorfstra\u00dfe und der Haltestelle \u201eKnappschaftskrankenhaus\u201c vollst\u00e4ndig gesperrt. Dies betrifft sowohl den Individualverkehr als auch die Buslinie NE3. Autofahrer m\u00fcssen gro\u00dfr\u00e4umige Umleitungen \u00fcber R\u00fcschebrinkstra\u00dfe, Hann\u00f6versche Stra\u00dfe, Flughafenstra\u00dfe und Am Westheck nutzen. F\u00fcr die Buslinie NE3 werden in Richtung Wickede Ersatzhaltestellen f\u00fcr \u201ePothecke\u201c und \u201eKnappschaftskrankenhaus\u201c eingerichtet, w\u00e4hrend in Richtung Stadtmitte die Haltestellen \u201eOberdorfstra\u00dfe\u201c, \u201eKnappschaftskrankenhaus\u201c und \u201ePothecke\u201c entfallen.<\/p>\n<p>Schienenersatzverkehr<\/p>\n<p>Vom 2. bis 4. August ist zus\u00e4tzlich die Stadtbahnlinie U43 betroffen. Der Betrieb zwischen den Haltestellen \u201eAm Zehnthof\u201c und \u201eD\u00f6ringhoff\u201c wird eingestellt. Ein Schienenersatzverkehr (SEV) mit Bussen verkehrt zwischen \u201eAm Zehnthof\u201c und \u201eAsseln Aplerbecker Stra\u00dfe\u201c im 10- bis 15-Minuten-Takt. Hierbei entfallen in Richtung City die Haltestellen \u201eAsseln Aplerbecker Stra\u00dfe\u201c, \u201eBusinkstra\u00dfe\u201c und \u201ePothecke\u201c. Die Einstiegshaltestelle f\u00fcr den SEV zur Stadt ist \u201eD\u00f6ringhoff\u201c.<\/p>\n<p>DSW21 investiert rund 410.000 Euro in diese Ma\u00dfnahme und bittet um Verst\u00e4ndnis. Fahrg\u00e4sten wird empfohlen, vorab die Fahrplanauskunft unter <a href=\"https:\/\/www.bus-und-bahn.de\" rel=\"nofollow noopener\" target=\"_blank\">bus-und-bahn.de<\/a> oder in der DSW21-App zu nutzen.<\/p>\n","protected":false},"excerpt":{"rendered":"Gleisbauarbeiten in Wambel und Brackel Verkehrsst\u00f6rungen f\u00fcr Autofahrer und bei Bus und Bahn Unter anderem die Haltestelle \u201eAm&hellip;\n","protected":false},"author":2,"featured_media":275722,"comment_status":"","ping_status":"","sticky":false,"template":"","format":"standard","meta":{"footnotes":""},"categories":[1833],"tags":[3364,29,217,10333,30,1209,3587],"class_list":{"0":"post-275721","1":"post","2":"type-post","3":"status-publish","4":"format-standard","5":"has-post-thumbnail","7":"category-dortmund","8":"tag-de","9":"tag-deutschland","10":"tag-dortmund","11":"tag-dsw21","12":"tag-germany","13":"tag-nordrhein-westfalen","14":"tag-verkehr-mobilitaet"},"share_on_mastodon":{"url":"https:\/\/pubeurope.com\/@de\/114875872827296297","error":""},"_links":{"self":[{"href":"https:\/\/www.europesays.com\/de\/wp-json\/wp\/v2\/posts\/275721","targetHints":{"allow":["GET"]}}],"collection":[{"href":"https:\/\/www.europesays.com\/de\/wp-json\/wp\/v2\/posts"}],"about":[{"href":"https:\/\/www.europesays.com\/de\/wp-json\/wp\/v2\/types\/post"}],"author":[{"embeddable":true,"href":"https:\/\/www.europesays.com\/de\/wp-json\/wp\/v2\/users\/2"}],"replies":[{"embeddable":true,"href":"https:\/\/www.europesays.com\/de\/wp-json\/wp\/v2\/comments?post=275721"}],"version-history":[{"count":0,"href":"https:\/\/www.europesays.com\/de\/wp-json\/wp\/v2\/posts\/275721\/revisions"}],"wp:featuredmedia":[{"embeddable":true,"href":"https:\/\/www.europesays.com\/de\/wp-json\/wp\/v2\/media\/275722"}],"wp:attachment":[{"href":"https:\/\/www.europesays.com\/de\/wp-json\/wp\/v2\/media?parent=275721"}],"wp:term":[{"taxonomy":"category","embeddable":true,"href":"https:\/\/www.europesays.com\/de\/wp-json\/wp\/v2\/categories?post=275721"},{"taxonomy":"post_tag","embeddable":true,"href":"https:\/\/www.europesays.com\/de\/wp-json\/wp\/v2\/tags?post=275721"}],"curies":[{"name":"wp","href":"https:\/\/api.w.org\/{rel}","templated":true}]}}