{"id":275760,"date":"2025-07-18T19:45:12","date_gmt":"2025-07-18T19:45:12","guid":{"rendered":"https:\/\/www.europesays.com\/de\/275760\/"},"modified":"2025-07-18T19:45:12","modified_gmt":"2025-07-18T19:45:12","slug":"erweiterung-von-loehle-neubauer-architekten-und-mse-in-kaufbeuren-purismus-im-gericht-architektur-und-architekten-news-meldungen-nachrichten","status":"publish","type":"post","link":"https:\/\/www.europesays.com\/de\/275760\/","title":{"rendered":"Erweiterung von l\u00f6hle neubauer architekten und mse in Kaufbeuren \/ Purismus im Gericht &#8211; Architektur und Architekten &#8211; News \/ Meldungen \/ Nachrichten"},"content":{"rendered":"<p>\u00dcber 70 Amtsgerichte gibt es in Bayern. Eines davon steht in der Ganghoferstra\u00dfe in Kaufbeuren im \u00f6stlichen Allg\u00e4u. Das Ensemble ist s\u00fcd\u00f6stlich des historischen Zentrums am Rande des Stadtparks zu finden und besteht aus zwei denkmalgesch\u00fctzten Altbauten aus dem 19. Jahrhundert, zu denen sich im letzten Jahr ein unauff\u00e4lliger Verbindungsbau gesellt hat \u0096 zumindest auf den ersten Blick, denn r\u00fcckw\u00e4rtig zeigt dieser eine ganz eigene Identit\u00e4t. Entwurf und Planung stammen von\u00a0l\u00f6hle neubauer architekten aus Augsburg, die hierf\u00fcr mit mse architekten aus Kaufbeuren in einer Arbeitsgemeinschaft zusammenarbeiteten.\u00a0<\/p>\n<p>Das Projekt ging auf ein VgV-Verfahren im Jahr 2018 zur\u00fcck und umfasste neben der Planung des Neubaus auch die Sanierung des Bestands. Dies erm\u00f6glichte eine konzeptionelle Umstrukturierung des Programms, die auch formal erkennbar ist. In den beiden Altbauten befinden sich jetzt nur noch die B\u00fcros der Mitarbeitenden. Alle \u00f6ffentlichen Bereiche wurden hingegen in der Erweiterung untergebracht.<\/p>\n<p>Stra\u00dfenseitig erh\u00e4lt die \u00f6ffentliche Nutzung dank der dunklen Fassade aus gepr\u00e4gten Metallpaneelen nun auch eine klare Adresse. Nach der Zugangskontrolle erwartet Besucher*innen ein ebenerdiges Foyer mit Sitzgelegenheiten und einem offenen B\u00fcrgerb\u00fcro. Im Untergeschoss werden unter anderem Prozessakten gelagert.<\/p>\n<p>Auf der R\u00fcckseite nutzt die Erweiterung die Topografie des Gel\u00e4ndes und entfaltet sich zum Park hin mit einem Split-Level-Trakt. Vom Foyer aus \u00fcber breite Halbtreppen \u0096 beziehungsweise barrierefrei \u00fcber einen Aufzug \u0096 zu erreichen, sind hier auf zwei Ebenen Sitzungss\u00e4le und Beratungszimmer angeordnet. Bodentiefe Verglasungen er\u00f6ffnen Ausblicke auf das nahe Gr\u00fcn. Dabei folgen die Fenster den teils schr\u00e4g gestellten Au\u00dfenw\u00e4nden des Volumens.<\/p>\n<p>Die Erweiterung ist als Stahlbetonkonstruktion ausgef\u00fchrt. Dank vieler Sichtbetonfl\u00e4chen ist dies im Innenraum deutlich ablesbar. Dar\u00fcber hinaus wurde die dunkle Farbe der H\u00fclle auch f\u00fcr alle Ausbauten und M\u00f6blierungen gew\u00e4hlt. Im Zusammenspiel mit hellen Terrazzob\u00f6den ergibt dies eine minimalistische, ja fast schon puristische Atmosph\u00e4re. (sb)<\/p>\n<p>Fotos: <a href=\"https:\/\/www.brigidagonzalez.de\/\" target=\"_blank\" rel=\"noopener\">Brigida Gonz\u00e1lez<\/a> <\/p>\n<p>Dieses Objekt &amp; Umgebung auf BauNetz-Maps anzeigen:<br \/>&#13;<br \/>\n                                    &#13;<br \/>\n                                            <a href=\"https:\/\/www.baunetz-maps.de\/quelle\/meldungen?cid=9974964\" title=\"Dieses Objekt &amp; Umgebung auf BauNetz-Maps anzeigen\" target=\"_blank\" rel=\"noopener\">&#13;<br \/>\n                                                <img loading=\"lazy\" decoding=\"async\" alt=\"BauNetz-Maps\" width=\"400\" height=\"200\" src=\"https:\/\/www.europesays.com\/de\/wp-content\/uploads\/2025\/04\/deutschland_400x200.png\" \/>&#13;<br \/>\n                                            <\/a>&#13;<br \/>\n                                    &#13;<br \/>\n                                &#13;\n                                <\/p>\n<p>&#13;<br \/>\n&#13;<br \/>\n&#13;<br \/>\n&#13;<br \/>\n&#13;<br \/>\n\t\t\t\t\t\t\tKommentare:<br \/>&#13;<br \/>\n\t\t\t\t\t\t\t<a href=\"https:\/\/www.baunetz.de\/meldungen\/Meldungen-Erweiterung_von_loehle_neubauer_architekten_und_mse_in_Kaufbeuren_9974964.html?backurl=https%3A%2F%2Fwww.baunetz.de%2Fmeldungen%2Findex.html&amp;action=kommentieren\" class=\"lightgrey underline unvisible_print\" target=\"_blank\" rel=\"noopener\">Kommentare (2) lesen \/ Meldung kommentieren<\/a>&#13;<br \/>\n&#13;<br \/>\n&#13;<br \/>\n&#13;\n\t\t\t\t\t\t<\/p>\n","protected":false},"excerpt":{"rendered":"\u00dcber 70 Amtsgerichte gibt es in Bayern. Eines davon steht in der Ganghoferstra\u00dfe in Kaufbeuren im \u00f6stlichen Allg\u00e4u.&hellip;\n","protected":false},"author":2,"featured_media":275761,"comment_status":"","ping_status":"","sticky":false,"template":"","format":"standard","meta":{"footnotes":""},"categories":[1775],"tags":[2252,2251,2250,1793,2248,2253,29,214,30,1794,2249,14,82470,215],"class_list":{"0":"post-275760","1":"post","2":"type-post","3":"status-publish","4":"format-standard","5":"has-post-thumbnail","7":"category-kunst-und-design","8":"tag-architekt","9":"tag-architekten","10":"tag-architektur","11":"tag-art-and-design","12":"tag-baunetz","13":"tag-bauwesen","14":"tag-deutschland","15":"tag-entertainment","16":"tag-germany","17":"tag-kunst-und-design","18":"tag-meldungen","19":"tag-nachrichten","20":"tag-purismus-im-gericht","21":"tag-unterhaltung"},"share_on_mastodon":{"url":"https:\/\/pubeurope.com\/@de\/114875958790572816","error":""},"_links":{"self":[{"href":"https:\/\/www.europesays.com\/de\/wp-json\/wp\/v2\/posts\/275760","targetHints":{"allow":["GET"]}}],"collection":[{"href":"https:\/\/www.europesays.com\/de\/wp-json\/wp\/v2\/posts"}],"about":[{"href":"https:\/\/www.europesays.com\/de\/wp-json\/wp\/v2\/types\/post"}],"author":[{"embeddable":true,"href":"https:\/\/www.europesays.com\/de\/wp-json\/wp\/v2\/users\/2"}],"replies":[{"embeddable":true,"href":"https:\/\/www.europesays.com\/de\/wp-json\/wp\/v2\/comments?post=275760"}],"version-history":[{"count":0,"href":"https:\/\/www.europesays.com\/de\/wp-json\/wp\/v2\/posts\/275760\/revisions"}],"wp:featuredmedia":[{"embeddable":true,"href":"https:\/\/www.europesays.com\/de\/wp-json\/wp\/v2\/media\/275761"}],"wp:attachment":[{"href":"https:\/\/www.europesays.com\/de\/wp-json\/wp\/v2\/media?parent=275760"}],"wp:term":[{"taxonomy":"category","embeddable":true,"href":"https:\/\/www.europesays.com\/de\/wp-json\/wp\/v2\/categories?post=275760"},{"taxonomy":"post_tag","embeddable":true,"href":"https:\/\/www.europesays.com\/de\/wp-json\/wp\/v2\/tags?post=275760"}],"curies":[{"name":"wp","href":"https:\/\/api.w.org\/{rel}","templated":true}]}}