{"id":275762,"date":"2025-07-18T19:46:15","date_gmt":"2025-07-18T19:46:15","guid":{"rendered":"https:\/\/www.europesays.com\/de\/275762\/"},"modified":"2025-07-18T19:46:15","modified_gmt":"2025-07-18T19:46:15","slug":"schermbeckerin-gudrun-gerwien-veroeffentlicht-ihr-erstes-buch","status":"publish","type":"post","link":"https:\/\/www.europesays.com\/de\/275762\/","title":{"rendered":"Schermbeckerin Gudrun Gerwien ver\u00f6ffentlicht ihr erstes Buch"},"content":{"rendered":"<p>\t\tSchermbeckerin Gudrun Gerwien ver\u00f6ffentlicht ihr erstes Buch<br \/>\n\t\t\t\t\t\u201eMein \u201aIrgendwann\u2018 war da\u201c<\/p>\n<p>    <a href=\"https:\/\/www.dorstenerzeitung.de\/wp-content\/uploads\/2025\/07\/17\/15\/630_0900_4879727_20250715_155850479_iOS-1648x824.jpg\" target=\"_blank\" rel=\"noopener\"><\/p>\n<p>            <img loading=\"lazy\" decoding=\"async\" src=\"https:\/\/www.europesays.com\/de\/wp-content\/uploads\/2025\/07\/630_0900_4879726_20250715_155850479_iOS-640x428.jpg\" width=\"640\" height=\"428\"  alt=\"Gudrun Gerwien aus Schermbeck h\u00e4lt ihr erstes Buch in der Hand.\"\/><\/p>\n<p>    <\/a><br \/>\n    Das Buch &#8222;An Gottes Hand&#8220; von Gudrun Gerwien gibt Einblicke in das Leben der Schermbeckerin und erz\u00e4hlt Geschichten aus ihrer ehrenamtlichen Arbeit.  \u00a9 Jule Lamers<\/p>\n<p class=\"article__teaser-text\">Gudrun Gerwien, bekannt durch die GAGU-Zwergenhilfe, ver\u00f6ffentlicht ihr erstes Buch. Es erz\u00e4hlt von ihr und Sierra Leone. Dinge, die sie ver\u00e4ndert haben.<\/p>\n<p>1 Min Lesezeit<\/p>\n<p>Eine BiografieZeitpunkt<\/p>\n","protected":false},"excerpt":{"rendered":"Schermbeckerin Gudrun Gerwien ver\u00f6ffentlicht ihr erstes Buch \u201eMein \u201aIrgendwann\u2018 war da\u201c Das Buch &#8222;An Gottes Hand&#8220; von Gudrun&hellip;\n","protected":false},"author":2,"featured_media":275763,"comment_status":"","ping_status":"","sticky":false,"template":"","format":"standard","meta":{"footnotes":""},"categories":[1774],"tags":[1784,1785,29,214,82471,30,215,7195],"class_list":{"0":"post-275762","1":"post","2":"type-post","3":"status-publish","4":"format-standard","5":"has-post-thumbnail","7":"category-buecher","8":"tag-books","9":"tag-buecher","10":"tag-deutschland","11":"tag-entertainment","12":"tag-gagu-zwergenhilfe","13":"tag-germany","14":"tag-unterhaltung","15":"tag-vereine"},"share_on_mastodon":{"url":"https:\/\/pubeurope.com\/@de\/114875962923460835","error":""},"_links":{"self":[{"href":"https:\/\/www.europesays.com\/de\/wp-json\/wp\/v2\/posts\/275762","targetHints":{"allow":["GET"]}}],"collection":[{"href":"https:\/\/www.europesays.com\/de\/wp-json\/wp\/v2\/posts"}],"about":[{"href":"https:\/\/www.europesays.com\/de\/wp-json\/wp\/v2\/types\/post"}],"author":[{"embeddable":true,"href":"https:\/\/www.europesays.com\/de\/wp-json\/wp\/v2\/users\/2"}],"replies":[{"embeddable":true,"href":"https:\/\/www.europesays.com\/de\/wp-json\/wp\/v2\/comments?post=275762"}],"version-history":[{"count":0,"href":"https:\/\/www.europesays.com\/de\/wp-json\/wp\/v2\/posts\/275762\/revisions"}],"wp:featuredmedia":[{"embeddable":true,"href":"https:\/\/www.europesays.com\/de\/wp-json\/wp\/v2\/media\/275763"}],"wp:attachment":[{"href":"https:\/\/www.europesays.com\/de\/wp-json\/wp\/v2\/media?parent=275762"}],"wp:term":[{"taxonomy":"category","embeddable":true,"href":"https:\/\/www.europesays.com\/de\/wp-json\/wp\/v2\/categories?post=275762"},{"taxonomy":"post_tag","embeddable":true,"href":"https:\/\/www.europesays.com\/de\/wp-json\/wp\/v2\/tags?post=275762"}],"curies":[{"name":"wp","href":"https:\/\/api.w.org\/{rel}","templated":true}]}}