{"id":275789,"date":"2025-07-18T20:01:11","date_gmt":"2025-07-18T20:01:11","guid":{"rendered":"https:\/\/www.europesays.com\/de\/275789\/"},"modified":"2025-07-18T20:01:11","modified_gmt":"2025-07-18T20:01:11","slug":"raubvorwurf-bleibt-vor-gericht-ungeklaert","status":"publish","type":"post","link":"https:\/\/www.europesays.com\/de\/275789\/","title":{"rendered":"Raubvorwurf bleibt vor Gericht ungekl\u00e4rt"},"content":{"rendered":"<p class=\"bold\">\n\t\t\t\t\t\t\t\t\t\tAm zweiten Prozesstag um die brutale Entf\u00fchrung eines Mannes aus Olbernhau bleibt das Opfer erneut fern. Vor dem Landgericht Chemnitz wird dar\u00fcber diskutiert, ob es sich nur um eine \u201eDenkzettel-Aktion\u201c oder doch auch um Raub handelte.\t\t\t\t<\/p>\n<p>\t\t\t\t Der zweite Verhandlungstag am Landgericht Chemnitz um die mutma\u00dfliche Entf\u00fchrung eines 20-j\u00e4hrigen Mannes aus Olbernhau hat Unstimmigkeiten zwischen Staatsanwaltschaft und Gericht offengelegt. W\u00e4hrend der Vorsitzende Richter am Freitag erneut vorschlug, den Tatvorwurf Raub aus dem Verfahren auszuklammern, bestand der Staatsanwalt auf dessen&#8230;<\/p>\n<p>\t\t<img decoding=\"async\" class=\"fp-plus-logo\" src=\"https:\/\/www.freiepresse.de\/img\/fpplus.svg\" alt=\"Freie Presse plus Logo\"\/><\/p>\n<p>Registrieren und testen.<\/p>\n<p>Jetzt mit Ihrer Registrierung 1 Monat gratis testen und alle Beitr\u00e4ge lesen.<\/p>\n<p>Schon Abonnent? Melden Sie sich mit ihren Zugangsdaten an.<\/p>\n","protected":false},"excerpt":{"rendered":"Am zweiten Prozesstag um die brutale Entf\u00fchrung eines Mannes aus Olbernhau bleibt das Opfer erneut fern. Vor dem&hellip;\n","protected":false},"author":2,"featured_media":275790,"comment_status":"","ping_status":"","sticky":false,"template":"","format":"standard","meta":{"footnotes":""},"categories":[1851],"tags":[2770,3364,29,548,663,3934,18853,30,13,14,15,859,12],"class_list":{"0":"post-275789","1":"post","2":"type-post","3":"status-publish","4":"format-standard","5":"has-post-thumbnail","7":"category-chemnitz","8":"tag-chemnitz","9":"tag-de","10":"tag-deutschland","11":"tag-eu","12":"tag-europa","13":"tag-europe","14":"tag-gericht-rechtsstreit","15":"tag-germany","16":"tag-headlines","17":"tag-nachrichten","18":"tag-news","19":"tag-sachsen","20":"tag-schlagzeilen"},"share_on_mastodon":{"url":"https:\/\/pubeurope.com\/@de\/114876021725088705","error":""},"_links":{"self":[{"href":"https:\/\/www.europesays.com\/de\/wp-json\/wp\/v2\/posts\/275789","targetHints":{"allow":["GET"]}}],"collection":[{"href":"https:\/\/www.europesays.com\/de\/wp-json\/wp\/v2\/posts"}],"about":[{"href":"https:\/\/www.europesays.com\/de\/wp-json\/wp\/v2\/types\/post"}],"author":[{"embeddable":true,"href":"https:\/\/www.europesays.com\/de\/wp-json\/wp\/v2\/users\/2"}],"replies":[{"embeddable":true,"href":"https:\/\/www.europesays.com\/de\/wp-json\/wp\/v2\/comments?post=275789"}],"version-history":[{"count":0,"href":"https:\/\/www.europesays.com\/de\/wp-json\/wp\/v2\/posts\/275789\/revisions"}],"wp:featuredmedia":[{"embeddable":true,"href":"https:\/\/www.europesays.com\/de\/wp-json\/wp\/v2\/media\/275790"}],"wp:attachment":[{"href":"https:\/\/www.europesays.com\/de\/wp-json\/wp\/v2\/media?parent=275789"}],"wp:term":[{"taxonomy":"category","embeddable":true,"href":"https:\/\/www.europesays.com\/de\/wp-json\/wp\/v2\/categories?post=275789"},{"taxonomy":"post_tag","embeddable":true,"href":"https:\/\/www.europesays.com\/de\/wp-json\/wp\/v2\/tags?post=275789"}],"curies":[{"name":"wp","href":"https:\/\/api.w.org\/{rel}","templated":true}]}}