{"id":275821,"date":"2025-07-18T20:20:14","date_gmt":"2025-07-18T20:20:14","guid":{"rendered":"https:\/\/www.europesays.com\/de\/275821\/"},"modified":"2025-07-18T20:20:14","modified_gmt":"2025-07-18T20:20:14","slug":"donald-trump-hat-die-huerden-fuer-die-todesstrafe-gesenkt","status":"publish","type":"post","link":"https:\/\/www.europesays.com\/de\/275821\/","title":{"rendered":"Donald Trump hat die H\u00fcrden f\u00fcr die Todesstrafe gesenkt"},"content":{"rendered":"<p class=\"p1 sm:p1-medium items-start pb-[20px]\" data-selector=\"body-paragraph\" data-external-selector=\"body-elements-paragraph\" data-v-af81c750=\"\" data-v-439309db=\"\">Am Dienstag traf es Michael Bernard Bell. Gegen 18 Uhr f\u00fchrte das Wachpersonal den Afroamerikaner in die Todeszelle des <a class=\"rtr-entity\" data-rtr-entity=\"Florida\" data-rtr-id=\"df2691847e1672ee43f75c54f8a6cc4384918e2f\" data-rtr-score=\"18.1936048907817\" data-rtr-etype=\"location\" href=\"https:\/\/www.faz.net\/aktuell\/politik\/thema\/florida\" title=\"Florida\" rel=\"nofollow noopener\" target=\"_blank\">Florida<\/a> State Prison bei Starke, setzte ihn auf den Hinrichtungsstuhl und spritzte ihm eine Giftmischung aus Nar\u00adkosemittel, Muskelrelaxans und Kaliumacetat. \u201eDanke, dass ihr mich nicht den Rest meines Lebens im Gef\u00e4ngnis sitzen lasst\u201c, sagte der Vierundf\u00fcnfzigj\u00e4hrige, bevor sein Herz aufh\u00f6rte zu schlagen.<\/p>\n<p class=\"p1 sm:p1-medium items-start pb-[20px]\" data-selector=\"body-paragraph\" data-external-selector=\"body-elements-paragraph\" data-v-af81c750=\"\" data-v-439309db=\"\">Vor 30 Jahren hatte ein Strafgericht des S\u00fcdstaats Bell zum Tode verurteilt. Mit einem Maschinengewehr hatte er im \u00adWinter 1993 vor einer Bar in Jacksonville Jimmy West und dessen Begleiterin \u00adTamecka Smith aufgelauert. Bevor das Paar in ein auff\u00e4lliges, gelbes Auto steigen konnte, er\u00f6ffnete Bell das Feuer. West wurde t\u00f6dlich verletzt, Smith starb auf dem Weg ins Krankenhaus. Wie sich sp\u00e4ter herausstellte, wollte Bell den Tod seines Bruders r\u00e4chen, der einige Monate zuvor von dem fr\u00fcheren Eigent\u00fcmer des gelben Wagens erschossen worden war. Dass der mutma\u00dfliche M\u00f6rder das Auto an West verkauft hatte, war ihm entgangen.<\/p>\n<p>26. Todeskandidat, der 2025 hingerichtet wurde<\/p>\n<p class=\"p1 sm:p1-medium items-start pb-[20px]\" data-selector=\"body-paragraph\" data-external-selector=\"body-elements-paragraph\" data-v-af81c750=\"\" data-v-439309db=\"\">Bell, dem die Staatsanwaltschaft in Florida sp\u00e4ter drei weitere Morde nachwies, war am Dienstag der 26. Todeskandidat, der seit Beginn des Jahres in den Vereinigten Staaten hingerichtet wurde. 2025 starben schon mehr Menschen durch Giftspritze, Stickstoff oder Erschie\u00dfungskommando als zwischen Januar und Dezember 2024. Vergangenes Jahr wurde die Todesstrafe insgesamt 25 Mal vollstreckt. Organisationen wie das Death Penalty Information Center schreiben die Hinrichtungswelle <a class=\"rtr-entity\" data-rtr-entity=\"Donald Trump\" data-rtr-id=\"4c2d461052e4493568027a1f701a31d1ee4b8779\" data-rtr-score=\"539.9752713284792\" data-rtr-etype=\"person\" href=\"https:\/\/www.faz.net\/aktuell\/politik\/thema\/donald-trump\" title=\"Donald Trump\" rel=\"nofollow noopener\" target=\"_blank\">Donald Trumps<\/a> Wiedereinzug in das Wei\u00dfe Haus zu. Zu den mehr als zwei Dutzend Dekreten, die der Pr\u00e4sident im vergangenen Januar an seinem ersten Tag im Oval Office unterzeichnete, geh\u00f6rte auch eine Executive Order zur \u201eWiederherstellung\u201c der Todesstrafe. Eher holzschnittartig wies Trump das Justizministerium in Washington an, \u201edie Todesstrafe f\u00fcr alle Verbrechen zu verfolgen, deren Schwere nach ihr verlangt\u201c.<\/p>\n<p class=\"p1 sm:p1-medium items-start pb-[20px]\" data-selector=\"body-paragraph\" data-external-selector=\"body-elements-paragraph\" data-v-af81c750=\"\" data-v-439309db=\"\">Zudem forderte der Republikaner die Justizbeh\u00f6rden der einzelnen Bundesstaaten auf, nach schweren Straftaten wie der Ermordung von Polizeibeamten und Kapitalverbrechen durch illegale Einwanderer die <a class=\"rtr-entity\" data-rtr-entity=\"Todesstrafe\" data-rtr-id=\"e865bbff3ba59bfe54c829a462e628766c5a44ce\" data-rtr-score=\"19.20049243419784\" data-rtr-etype=\"keyword\" href=\"https:\/\/www.faz.net\/aktuell\/politik\/thema\/todesstrafe\" title=\"Todesstrafe\" rel=\"nofollow noopener\" target=\"_blank\">Todesstrafe<\/a> zu verlangen. \u201eDie Todesstrafe stellt ein wesentliches Mittel dar, um Menschen abzuschrecken und zur Rechenschaft zu ziehen, welche die abscheulichsten Verbrechen gegen amerikanische B\u00fcrger begehen\u201c, begr\u00fcndete Trump das Dekret und verwies auf die Gr\u00fcnderv\u00e4ter der Vereinigten Staaten.<\/p>\n<p><img decoding=\"async\" alt=\"\u201eStop the death penalty\u201c: Im April  wurde in New York dagegen protestiert, dass Luigi Mangione die Todesstrafe droht.\" height=\"2000\" loading=\"lazy\"   src=\"https:\/\/www.europesays.com\/de\/wp-content\/uploads\/2025\/07\/stop-the-death-penalty-im.jpg\" width=\"3000\" class=\"sm:w-content-sm w-full\" tabindex=\"0\"\/>\u201eStop the death penalty\u201c: Im April  wurde in New York dagegen protestiert, dass Luigi Mangione die Todesstrafe droht.Laif<\/p>\n<p class=\"p1 sm:p1-medium items-start pb-[20px]\" data-selector=\"body-paragraph\" data-external-selector=\"body-elements-paragraph\" data-v-af81c750=\"\" data-v-439309db=\"\">Wie erwartet, kam Trumps Aufruf in konservativen Bundesstaaten wie Florida gut an. Bell war schon der achte \u00adTodeskandidat in diesem Jahr im Sun\u00adshine State, der hingerichtet wurde. Die Zahl hatte der S\u00fcdstaat w\u00e4hrend der vergangenen Jahrzehnte nur 1984 und 2014 erreicht. Vor einigen Tagen unterzeichnete Ron DeSantis, Gouverneur von Florida, einen weiteren Hinrichtungsbefehl. Der wegen der Ermordung seiner Ehefrau Sylvia sowie der gemeinsamen Kinder Anna und Kim zum Tode verurteilte fr\u00fchere Soldat Edward Zakrzewski wird voraussichtlich am 31. Juli als neunter Todeskandidat hingerichtet. Im vergangenen Jahr hatte Florida lediglich ein Todesurteil vollstreckt. \u201eWir glauben nicht, dass das T\u00f6ten von Menschen die Antwort f\u00fcr schwere Verbrechen ist\u201c, sagte Dustin Feddon, ein Priester der katholischen \u00adKirche Blessed Sacrament in Tallahassee, dem \u201eTallahassee Democrat\u201c jetzt. Zuvor war der Geistliche mit Vertretern anderer Kirchen vor das State Capitol gezogen, um Gouverneur DeSantis zur Aussetzung der Hinrichtungen aufzufordern.<\/p>\n<p class=\"p1 sm:p1-medium items-start pb-[20px]\" data-selector=\"body-paragraph\" data-external-selector=\"body-elements-paragraph\" data-v-af81c750=\"\" data-v-439309db=\"\">Trump hatte die \u201eWiederherstellung\u201c der Todesstrafe auch mit der angeblich \u00adlaxen Strafverfolgung seines Vorg\u00e4ngers <a class=\"rtr-entity\" data-rtr-entity=\"Joe Biden\" data-rtr-id=\"5334e0ad0bc87c2447b4349dddb93a48516367b5\" data-rtr-score=\"38.08215414205249\" data-rtr-etype=\"person\" href=\"https:\/\/www.faz.net\/aktuell\/politik\/thema\/joe-biden\" title=\"Joe Biden\" rel=\"nofollow noopener\" target=\"_blank\">Joe Biden<\/a> begr\u00fcndet. Der demokratische Pr\u00e4sident setzte bei seinem Amtsantritt im Januar 2021 nicht nur s\u00e4mtliche \u00adHinrichtungen auf Bundesebene aus. \u00adEnde Dezember vergangenen Jahres, \u00adwenige Wochen vor seinem Abschied aus dem Wei\u00dfen Haus, hob Biden auch die \u00adTodesurteile gegen 37 Straft\u00e4ter auf und ersetzte sie durch \u201elebenslang\u201c. \u201eDiese verabscheuungsw\u00fcrdige Entscheidung von Joe Biden ist ein Schlag ins Gesicht von Opfern, ihren Familien und Menschen, die ihnen nahestehen\u201c, lie\u00df Trumps Sprecher Steven Cheung damals wissen.<\/p>\n<p>H\u00fcrden der Todesstrafe sollen auf Trumps Wunsch gesenkt werden<\/p>\n<p class=\"p1 sm:p1-medium items-start pb-[20px]\" data-selector=\"body-paragraph\" data-external-selector=\"body-elements-paragraph\" data-v-af81c750=\"\" data-v-439309db=\"\">Schon w\u00e4hrend seiner ersten Amtszeit hatte Trump mehr Hinrichtungen auf Bundesebene vollziehen lassen als jeder andere Pr\u00e4sident in der j\u00fcngeren amerikanischen Geschichte. Kurz vor seinem Abschied aus Washington im Januar 2021 wurde Dustin John Higgs der 13. und letzte Straft\u00e4ter, den die Regierung w\u00e4hrend Trumps erster Amtszeit hinrichten lie\u00df. In den Tagen vor der Exekution des M\u00f6rders durch die Giftspritze waren auch der Serient\u00e4ter Corey Johnson und Lisa Mont\u00adgomery, die einer Schwangeren das Kind aus dem Bauch geschnitten hatte, in der Todeszelle in Terre Haute in Indiana hingerichtet worden.<\/p>\n<p class=\"p1 sm:p1-medium items-start pb-[20px]\" data-selector=\"body-paragraph\" data-external-selector=\"body-elements-paragraph\" data-v-af81c750=\"\" data-v-439309db=\"\">Der Oberste Gerichtshof der <a class=\"rtr-entity\" data-rtr-entity=\"USA\" data-rtr-id=\"5e61066c54a9df7162329159c04819b77ad9b596\" data-rtr-score=\"14.559220659370466\" data-rtr-etype=\"location\" href=\"https:\/\/www.faz.net\/aktuell\/politik\/thema\/usa\" title=\"USA\" rel=\"nofollow noopener\" target=\"_blank\">Vereinigten Staaten<\/a> war zuvor der Forderung der Bundesstaatsanwaltschaft gefolgt, die \u00adAntr\u00e4ge der Todeskandidaten, die Hinrichtungen zu verschieben oder die Todesurteile aufzuheben, abzulehnen. Nach \u00adseinem Dekret im Januar geht Trump noch weiter. Der Pr\u00e4sident wies das Justizministerium ausdr\u00fccklich an, die H\u00fcrden f\u00fcr die Todesstrafe, die der Oberste Gerichtshof in der Vergangenheit durch Pr\u00e4zedenzf\u00e4lle festsetzte, zu senken. Viele Amerikaner f\u00fcrchten jetzt um den achten Zusatzartikel der Verfassung, der \u201egrau\u00adsame und ungew\u00f6hnliche Bestrafung\u201c ausschlie\u00dft. Zudem k\u00f6nnte das Dekret die T\u00fcr zur Todesstrafe f\u00fcr Ange\u00adklagte unter 18 Jahren oder mit geistiger Behinderung \u00f6ffnen.<\/p>\n<p class=\"p1 sm:p1-medium items-start pb-[20px]\" data-selector=\"body-paragraph\" data-external-selector=\"body-elements-paragraph\" data-v-af81c750=\"\" data-v-439309db=\"\">Dabei steht Trumps Versch\u00e4rfung der Todesstrafe dem Trend entgegen. Bei einer Erhebung des Meinungsforschungsinstituts Gallup sprachen sich im vergangenen Oktober nur etwa 53 Prozent der Befragten f\u00fcr die \u201edeath penalty\u201c aus, der niedrigste Wert seit Mitte der Siebzigerjahre. Besonders bei j\u00fcngeren Amerikanern kommen Hinrichtungen nicht gut an. Zuletzt wurde in New York dagegen protestiert, dass Luigi Mangione die Todesstrafe droht, weil er den United-Health\u00adcare-CEO Brian Thompson erschossen haben soll. Zudem verzichten immer mehr Bundesstaaten auf die Todesstrafe \u2013 in den vergangenen etwa 15 Jahren unter anderen Colorado, Illinois und New Mexico. Von den 27 Bundesstaaten, die Todesurteile aussprechen, setzten Ohio, Oregon, Pennsylvania und Kalifornien die Vollstreckungen aus. Dennoch wird weiter hin\u00adgerichtet. Wie das Death Penalty Information Center in Washington errechnete, sind allein f\u00fcr 2025 nach Zakrzewskis \u00adExekution in zwei Wochen weitere acht Hinrichtungen geplant. F\u00fcr 2026 sind ebenfalls schon acht Exekutionen geplant.<\/p>\n","protected":false},"excerpt":{"rendered":"Am Dienstag traf es Michael Bernard Bell. Gegen 18 Uhr f\u00fchrte das Wachpersonal den Afroamerikaner in die Todeszelle&hellip;\n","protected":false},"author":2,"featured_media":275822,"comment_status":"","ping_status":"","sticky":false,"template":"","format":"standard","meta":{"footnotes":""},"categories":[3977],"tags":[331,332,13,14,15,12,4017,4018,4016,64,4019,4020],"class_list":{"0":"post-275821","1":"post","2":"type-post","3":"status-publish","4":"format-standard","5":"has-post-thumbnail","7":"category-usa","8":"tag-aktuelle-nachrichten","9":"tag-aktuelle-news","10":"tag-headlines","11":"tag-nachrichten","12":"tag-news","13":"tag-schlagzeilen","14":"tag-united-states","15":"tag-united-states-of-america","16":"tag-us","17":"tag-usa","18":"tag-vereinigte-staaten","19":"tag-vereinigte-staaten-von-amerika"},"share_on_mastodon":{"url":"https:\/\/pubeurope.com\/@de\/114876096454103302","error":""},"_links":{"self":[{"href":"https:\/\/www.europesays.com\/de\/wp-json\/wp\/v2\/posts\/275821","targetHints":{"allow":["GET"]}}],"collection":[{"href":"https:\/\/www.europesays.com\/de\/wp-json\/wp\/v2\/posts"}],"about":[{"href":"https:\/\/www.europesays.com\/de\/wp-json\/wp\/v2\/types\/post"}],"author":[{"embeddable":true,"href":"https:\/\/www.europesays.com\/de\/wp-json\/wp\/v2\/users\/2"}],"replies":[{"embeddable":true,"href":"https:\/\/www.europesays.com\/de\/wp-json\/wp\/v2\/comments?post=275821"}],"version-history":[{"count":0,"href":"https:\/\/www.europesays.com\/de\/wp-json\/wp\/v2\/posts\/275821\/revisions"}],"wp:featuredmedia":[{"embeddable":true,"href":"https:\/\/www.europesays.com\/de\/wp-json\/wp\/v2\/media\/275822"}],"wp:attachment":[{"href":"https:\/\/www.europesays.com\/de\/wp-json\/wp\/v2\/media?parent=275821"}],"wp:term":[{"taxonomy":"category","embeddable":true,"href":"https:\/\/www.europesays.com\/de\/wp-json\/wp\/v2\/categories?post=275821"},{"taxonomy":"post_tag","embeddable":true,"href":"https:\/\/www.europesays.com\/de\/wp-json\/wp\/v2\/tags?post=275821"}],"curies":[{"name":"wp","href":"https:\/\/api.w.org\/{rel}","templated":true}]}}