{"id":276212,"date":"2025-07-18T23:55:13","date_gmt":"2025-07-18T23:55:13","guid":{"rendered":"https:\/\/www.europesays.com\/de\/276212\/"},"modified":"2025-07-18T23:55:13","modified_gmt":"2025-07-18T23:55:13","slug":"trump-reicht-klage-gegen-wall-street-journal-ein","status":"publish","type":"post","link":"https:\/\/www.europesays.com\/de\/276212\/","title":{"rendered":"Trump reicht Klage gegen Wall Street Journal ein"},"content":{"rendered":"<p>Newsblog zur US-Politik <\/p>\n<p>Trump: Haben Klage gegen Wall Street Journal eingereicht<\/p>\n<p>Aktualisiert am 19.07.2025 &#8211; 01:03 UhrLesedauer: 15 Min.<\/p>\n<p><a href=\"#focus-0\" class=\"transition-colors duration-200 focus-within:text-magenta block text-current relative\" data-sctrack=\"FocusGalleryImage.Reference\"><img fetchpriority=\"high\" data-testid=\"Opener.Image\" style=\"--lqipURL:url('https:\/\/images.t-online.de\/2025\/07\/CtHrtA6mCLCv\/545x73:3455x1944\/fit-in\/150x0\/filters:blur(25)\/praesident-donald-trump-auf-einer-pressekonferenz-archivbild-demokraten-befuerchten-dass-die-streichung-das-aus-fuer-unzaehlige-rundfunkanstalten-bedeuten-koennte.jpg')\"   loading=\"eager\" src=\"https:\/\/www.europesays.com\/de\/wp-content\/uploads\/2025\/07\/praesident-donald-trump-auf-einer-pressekonferenz-archivbild-demokraten-befuerchten-dass-die-streich.jpeg\" alt=\"Pr\u00e4sident Donald Trump auf einer Pressekonferenz (Archivbild): Demokraten bef\u00fcrchten, dass die Streichung das Aus f\u00fcr unz\u00e4hlige Rundfunkanstalten bedeuten k\u00f6nnte.\" title=\"Pr\u00e4sident Donald Trump auf einer Pressekonferenz (Archivbild): Demokraten bef\u00fcrchten, dass die Streichung das Aus f\u00fcr unz\u00e4hlige Rundfunkanstalten bedeuten k\u00f6nnte.\" width=\"3455\" height=\"1944\" class=\"bg-[url:var(--lqipURL)] bg-cover bg-center flex h-full w-full max-w-full\" decoding=\"async\"\/><img style=\"--width:32;--height:32\" loading=\"lazy\" src=\"https:\/\/www.t-online.de\/s\/paper\/_next\/static\/media\/zoom-in.f7dae02f.svg\" alt=\"Vergr\u00f6\u00dfern des Bildes\" title=\"Vergr\u00f6\u00dfern des Bildes\" class=\"block h-[calc(var(--height)_\/_16_*_1rem)] w-[calc(var(--width)_\/_16_*_1rem)] max-w-none absolute bottom-8 right-8 rounded-4 bg-snow p-8\" decoding=\"async\"\/><\/a><\/p>\n<p>Pr\u00e4sident Donald Trump auf einer Pressekonferenz (Archivbild): Demokraten bef\u00fcrchten, dass die Streichung das Aus f\u00fcr unz\u00e4hlige Rundfunkanstalten bedeuten k\u00f6nnte. (Quelle: IMAGO\/BONNIE CASH\/imago-images-bilder)<\/p>\n<p class=\"font-bold text-18 leading-17\">Donald Trump verklagt das &#8222;Wall Street Journal&#8220;. Der Fall Epstein l\u00f6st weiterhin Diskussionen aus. Alle Entwicklungen im Newsblog.<\/p>\n<p class=\"text-18 leading-17\"><a class=\"transition-colors duration-200 cursor-pointer text-inherit no-underline text-salemsfur md:hover:text-magenta md:hover:border-magenta md:focus:text-magenta border-current border-b border-solid break-words\" href=\"https:\/\/www.t-online.de\/themen\/donald-trump\/\" data-sctrack=\"BodyAnchor\" target=\"_blank\" rel=\"noopener\">Donald Trump<\/a> hat auf seiner Plattform <a class=\"transition-colors duration-200 cursor-pointer text-inherit no-underline text-salemsfur md:hover:text-magenta md:hover:border-magenta md:focus:text-magenta border-current border-b border-solid break-words\" href=\"https:\/\/www.t-online.de\/themen\/truth-social\/\" data-sctrack=\"BodyAnchor\" target=\"_blank\" rel=\"noopener\">Truth Social<\/a> eine Klage gegen das &#8222;Wall Street Journal&#8220; und dessen Eigent\u00fcmer best\u00e4tigt. Der US-Pr\u00e4sident wirft der Zeitung vor, einen &#8222;verleumderischen&#8220; Artikel \u00fcber ihn ver\u00f6ffentlicht zu haben. &#8222;Wir haben soeben eine Klage gegen alle Beteiligten eingereicht, die an der Ver\u00f6ffentlichung des falschen, b\u00f6swilligen, verleumderischen Fake News-&#8218;Artikels&#8216; in diesem nutzlosen &#8218;K\u00e4seblatt&#8216;, dem <a class=\"transition-colors duration-200 cursor-pointer text-inherit no-underline text-salemsfur md:hover:text-magenta md:hover:border-magenta md:focus:text-magenta border-current border-b border-solid break-words\" href=\"https:\/\/www.t-online.de\/themen\/wall-street\/\" data-sctrack=\"BodyAnchor\" target=\"_blank\" rel=\"noopener\">Wall Street<\/a> Journal, mitgewirkt haben&#8220;, schrieb Trump auf seinem Netzwerk &#8222;Truth Social&#8220;.<\/p>\n<p class=\"text-18 leading-17\">Die Klage richte sich nicht nur in seinem eigenen Namen, sondern auch im Namen &#8222;aller Amerikaner&#8220;, die solche Medienberichte nicht l\u00e4nger tolerieren w\u00fcrden, erkl\u00e4rte Trump in seinem Post.<\/p>\n<p class=\"text-18 leading-17\">Eine Klage gegen das &#8222;Wall Street Journal&#8220; (WSJ), die von Donald Trump bei einem Gericht in S\u00fcdflorida eingereicht worden sein soll, wirft Fragen auf, berichtet der &#8222;Business Insider&#8220;. Es gebe zwar einen entsprechenden Eintrag, dem h\u00e4nge aber keine Klageschrift an. Aus dem Umfeld Trumps habe es gehei\u00dfen, dass man zwar eine Klage vorbereite, aber noch nicht fertiggestellt habe. In der Eingabe soll laut &#8222;Business Insider&#8220; auch stehen, dass der Antragsteller f\u00fcr sich spreche, als auf Anw\u00e4lte verzichte. Da US-Pr\u00e4sident Donald Trump viele Anw\u00e4lte zur Seite hat, wirft das Fragen \u00fcber die Echtheit der Eingabe auf.<\/p>\n<p class=\"text-18 leading-17\">Trump hatte zuvor auf seinem Netzwerk &#8222;Truth Social&#8220; geschrieben, dass er klagen wolle. &#8222;Ich freue mich darauf, Rupert Murdoch in meiner Klage gegen ihn und seine &#8222;M\u00fcllhalde&#8220; von Zeitung, das Wall Street Journal, als Zeugen zu laden. Das wird eine interessante Erfahrung&#8220;, schrieb er.<\/p>\n<p class=\"text-18 leading-17\">Laut dem beim Bundesgericht in S\u00fcdflorida eingereichten Gerichtsregister verklagt Trump wegen Verleumdung, t\u00e4tlichen Angriffs und \u00fcbler Nachrede. Eine Kopie der Klage war dem Register jedoch nicht beigef\u00fcgt. Trump bestreitet, die Notiz geschrieben zu haben.<\/p>\n<p class=\"text-18 leading-17\">Sie sehen harmlos aus, doch machen den Einwohnern einer Kleinstadt im US-Bundesstaat North Dakota das Leben schwer: Die Stadt spricht von einem aussichtslosen Kampf gegen eine Erdh\u00f6rnchen-Plage. <a class=\"transition-colors duration-200 cursor-pointer text-inherit no-underline text-salemsfur md:hover:text-magenta md:hover:border-magenta md:focus:text-magenta border-current border-b border-solid break-words\" href=\"https:\/\/www.t-online.de\/nachrichten\/panorama\/tiere\/id_100826240\/north-dakota-warum-eine-kleinstadt-von-erdhoernchen-kapituliert.html\" data-sctrack=\"BodyAnchor\" target=\"_blank\" rel=\"noopener\">Lesen Sie den ganzen Artikel hier<\/a>.<\/p>\n<p class=\"text-18 leading-17\">Neue Vorw\u00fcrfe gegen Donald Trump: Ein Angestellter berichtet von der Beziehung des US-Pr\u00e4sidenten und Jeffrey Epstein. Auch junge Frauen sollen eine Rolle gespielt haben. <a class=\"transition-colors duration-200 cursor-pointer text-inherit no-underline text-salemsfur md:hover:text-magenta md:hover:border-magenta md:focus:text-magenta border-current border-b border-solid break-words\" href=\"https:\/\/www.t-online.de\/nachrichten\/ausland\/internationale-politik\/id_100826170\/donald-trump-und-jeffrey-epstein-ex-casino-angestellter-nennt-details.html\" data-sctrack=\"BodyAnchor\" target=\"_blank\" rel=\"noopener\">Lesen Sie den ganzen Artikel hier<\/a>.<\/p>\n<p class=\"text-18 leading-17\">Bundeskanzler <a class=\"transition-colors duration-200 cursor-pointer text-inherit no-underline text-salemsfur md:hover:text-magenta md:hover:border-magenta md:focus:text-magenta border-current border-b border-solid break-words\" href=\"https:\/\/www.t-online.de\/themen\/friedrich-merz\/\" data-sctrack=\"BodyAnchor\" target=\"_blank\" rel=\"noopener\">Friedrich Merz<\/a> sieht die Verhandlungen von EU und <a class=\"transition-colors duration-200 cursor-pointer text-inherit no-underline text-salemsfur md:hover:text-magenta md:hover:border-magenta md:focus:text-magenta border-current border-b border-solid break-words\" href=\"https:\/\/www.t-online.de\/themen\/usa\/\" data-sctrack=\"BodyAnchor\" target=\"_blank\" rel=\"noopener\">USA<\/a> \u00fcber eine L\u00f6sung des Zollkonflikts in der Schlussphase. Das sagte er in seiner Sommer-Pressekonferenz in <a class=\"transition-colors duration-200 cursor-pointer text-inherit no-underline text-salemsfur md:hover:text-magenta md:hover:border-magenta md:focus:text-magenta border-current border-b border-solid break-words\" href=\"https:\/\/www.t-online.de\/region\/berlin\/\" data-sctrack=\"BodyAnchor\" target=\"_blank\" rel=\"noopener\">Berlin<\/a>. Er unterst\u00fctze die EU-Kommission dabei, nach Kr\u00e4ften einen vern\u00fcnftigen Kompromiss zu finden. &#8222;Je niedriger die Z\u00f6lle ausfallen auf beiden Seiten, umso besser ist es f\u00fcr beide Seiten.&#8220; Z\u00f6lle schadeten allen.<\/p>\n<p class=\"text-18 leading-17\">Ob man einzelne Sektoren unterschiedlich behandeln k\u00f6nne, sei eine offene Frage. &#8222;Auf der europ\u00e4ischen Seite wird das bef\u00fcrwortet, auf der amerikanischen Seite eher kritisch gesehen.&#8220; Merz hatte Anfang Juli gesagt, es komme f\u00fcr ihn vor allem auf die Schl\u00fcsselbranchen in Deutschland an: Chemie, Autobau, Pharma, Maschinenbau, Aluminium und Stahl.<\/p>\n","protected":false},"excerpt":{"rendered":"Newsblog zur US-Politik Trump: Haben Klage gegen Wall Street Journal eingereicht Aktualisiert am 19.07.2025 &#8211; 01:03 UhrLesedauer: 15&hellip;\n","protected":false},"author":2,"featured_media":276213,"comment_status":"","ping_status":"","sticky":false,"template":"","format":"standard","meta":{"footnotes":""},"categories":[134],"tags":[1217,326,7797,522,175,170,169,29,106,775,30,23542,6741,7893,171,174,3129,82522,8492,121,82520,82521,82519,3111,173,172,64,8975],"class_list":{"0":"post-276212","1":"post","2":"type-post","3":"status-publish","4":"format-standard","5":"has-post-thumbnail","7":"category-unternehmen-maerkte","8":"tag-1217","9":"tag-326","10":"tag-7797","11":"tag-522","12":"tag-business","13":"tag-companies","14":"tag-companies-markets","15":"tag-deutschland","16":"tag-donald-trump","17":"tag-friedrich-merz","18":"tag-germany","19":"tag-jeffrey-epstein","20":"tag-karoline-leavitt","21":"tag-los-angeles","22":"tag-markets","23":"tag-maerkte","24":"tag-newsblog","25":"tag-north-dakota","26":"tag-pam-bondi","27":"tag-polizei","28":"tag-rundfunkanstalten","29":"tag-rupert-murdoch","30":"tag-suedflorida","31":"tag-truth-social","32":"tag-unternehmen","33":"tag-unternehmen-maerkte","34":"tag-usa","35":"tag-wsj"},"share_on_mastodon":{"url":"https:\/\/pubeurope.com\/@de\/114876942100835867","error":""},"_links":{"self":[{"href":"https:\/\/www.europesays.com\/de\/wp-json\/wp\/v2\/posts\/276212","targetHints":{"allow":["GET"]}}],"collection":[{"href":"https:\/\/www.europesays.com\/de\/wp-json\/wp\/v2\/posts"}],"about":[{"href":"https:\/\/www.europesays.com\/de\/wp-json\/wp\/v2\/types\/post"}],"author":[{"embeddable":true,"href":"https:\/\/www.europesays.com\/de\/wp-json\/wp\/v2\/users\/2"}],"replies":[{"embeddable":true,"href":"https:\/\/www.europesays.com\/de\/wp-json\/wp\/v2\/comments?post=276212"}],"version-history":[{"count":0,"href":"https:\/\/www.europesays.com\/de\/wp-json\/wp\/v2\/posts\/276212\/revisions"}],"wp:featuredmedia":[{"embeddable":true,"href":"https:\/\/www.europesays.com\/de\/wp-json\/wp\/v2\/media\/276213"}],"wp:attachment":[{"href":"https:\/\/www.europesays.com\/de\/wp-json\/wp\/v2\/media?parent=276212"}],"wp:term":[{"taxonomy":"category","embeddable":true,"href":"https:\/\/www.europesays.com\/de\/wp-json\/wp\/v2\/categories?post=276212"},{"taxonomy":"post_tag","embeddable":true,"href":"https:\/\/www.europesays.com\/de\/wp-json\/wp\/v2\/tags?post=276212"}],"curies":[{"name":"wp","href":"https:\/\/api.w.org\/{rel}","templated":true}]}}