{"id":276659,"date":"2025-07-19T04:08:13","date_gmt":"2025-07-19T04:08:13","guid":{"rendered":"https:\/\/www.europesays.com\/de\/276659\/"},"modified":"2025-07-19T04:08:13","modified_gmt":"2025-07-19T04:08:13","slug":"hermann-piecq-anlage-in-moenchengladbach-vier-wochen-gesperrt-fuer-radfahrer-und-fussgaenger","status":"publish","type":"post","link":"https:\/\/www.europesays.com\/de\/276659\/","title":{"rendered":"Hermann-Piecq-Anlage in M\u00f6nchengladbach vier Wochen gesperrt f\u00fcr Radfahrer und Fu\u00dfg\u00e4nger"},"content":{"rendered":"<p class=\"text_ohne_einzug richtext text-em-55 !leading-serif mx-6 desktop:mx-0\">Seit gut zwei Monaten ist die Bettrather Br\u00fccke f\u00fcr Fu\u00dfg\u00e4nger und Radfahrer gesperrt. F\u00fcr die Bauzeit eines neuen \u00dcbergangs von rund einem Jahr k\u00f6nnen Fu\u00dfg\u00e4nger und Radfahrer deswegen nicht mehr direkt aus der Innenstadt zur Fahrradstra\u00dfe auf der Bettrather Stra\u00dfe und Peter-Nonnenm\u00fchlen-Allee gelangen. Seit Ende April ist au\u00dferdem auf der darunter verlaufenden Hermann-Piecq-Anlage eine Fahrzeugspur f\u00fcr die Baustelle gesperrt.<\/p>\n","protected":false},"excerpt":{"rendered":"Seit gut zwei Monaten ist die Bettrather Br\u00fccke f\u00fcr Fu\u00dfg\u00e4nger und Radfahrer gesperrt. F\u00fcr die Bauzeit eines neuen&hellip;\n","protected":false},"author":2,"featured_media":276660,"comment_status":"","ping_status":"","sticky":false,"template":"","format":"standard","meta":{"footnotes":""},"categories":[1849],"tags":[82573,32504,600,3364,29,548,663,3934,30,13,4455,14,2190,15,1209,47070,12,6441],"class_list":{"0":"post-276659","1":"post","2":"type-post","3":"status-publish","4":"format-standard","5":"has-post-thumbnail","7":"category-moenchengladbach","8":"tag-aufgerissen","9":"tag-bettrather","10":"tag-bruecke","11":"tag-de","12":"tag-deutschland","13":"tag-eu","14":"tag-europa","15":"tag-europe","16":"tag-germany","17":"tag-headlines","18":"tag-moenchengladbach","19":"tag-nachrichten","20":"tag-neubau","21":"tag-news","22":"tag-nordrhein-westfalen","23":"tag-reimann","24":"tag-schlagzeilen","25":"tag-uwe"},"share_on_mastodon":{"url":"https:\/\/pubeurope.com\/@de\/114877936903581075","error":""},"_links":{"self":[{"href":"https:\/\/www.europesays.com\/de\/wp-json\/wp\/v2\/posts\/276659","targetHints":{"allow":["GET"]}}],"collection":[{"href":"https:\/\/www.europesays.com\/de\/wp-json\/wp\/v2\/posts"}],"about":[{"href":"https:\/\/www.europesays.com\/de\/wp-json\/wp\/v2\/types\/post"}],"author":[{"embeddable":true,"href":"https:\/\/www.europesays.com\/de\/wp-json\/wp\/v2\/users\/2"}],"replies":[{"embeddable":true,"href":"https:\/\/www.europesays.com\/de\/wp-json\/wp\/v2\/comments?post=276659"}],"version-history":[{"count":0,"href":"https:\/\/www.europesays.com\/de\/wp-json\/wp\/v2\/posts\/276659\/revisions"}],"wp:featuredmedia":[{"embeddable":true,"href":"https:\/\/www.europesays.com\/de\/wp-json\/wp\/v2\/media\/276660"}],"wp:attachment":[{"href":"https:\/\/www.europesays.com\/de\/wp-json\/wp\/v2\/media?parent=276659"}],"wp:term":[{"taxonomy":"category","embeddable":true,"href":"https:\/\/www.europesays.com\/de\/wp-json\/wp\/v2\/categories?post=276659"},{"taxonomy":"post_tag","embeddable":true,"href":"https:\/\/www.europesays.com\/de\/wp-json\/wp\/v2\/tags?post=276659"}],"curies":[{"name":"wp","href":"https:\/\/api.w.org\/{rel}","templated":true}]}}