{"id":276661,"date":"2025-07-19T04:09:19","date_gmt":"2025-07-19T04:09:19","guid":{"rendered":"https:\/\/www.europesays.com\/de\/276661\/"},"modified":"2025-07-19T04:09:19","modified_gmt":"2025-07-19T04:09:19","slug":"14-ferientipps-fuer-den-sommer-in-herten","status":"publish","type":"post","link":"https:\/\/www.europesays.com\/de\/276661\/","title":{"rendered":"14 Ferientipps f\u00fcr den Sommer in Herten"},"content":{"rendered":"<p>    <a href=\"https:\/\/www.hertener-allgemeine.de\/wp-content\/uploads\/2025\/07\/17\/15\/630_0900_4881316_HAL_Strassentheater_10_-1648x824.jpg\" target=\"_blank\" rel=\"noopener\"><\/p>\n<p>            <img loading=\"lazy\" decoding=\"async\" src=\"https:\/\/www.europesays.com\/de\/wp-content\/uploads\/2025\/07\/630_0900_4881315_HAL_Strassentheater_10_-640x428.jpg\" width=\"640\" height=\"428\"  alt=\"Menschen auf der B\u00fchne am Antoniusplatz.\"\/><\/p>\n<p>    <\/a><br \/>\n    Die Theatergruppe La Poesia begeisterte im vergangenen Jahr die Besucher vor der Antoniuskirche in Herten. F\u00fcr diesen Sommer ist bei \u201esummer in the city\u201c eine Akrobatik- und Zirkus-Show geplant. \u00a9 Meike Holz<\/p>\n<p class=\"article__teaser-text\">Endlich Ferien! Zeit f\u00fcr Abenteuer, Entspannung und Unterhaltung: Hier gibt es 14 Freizeittipps f\u00fcr den Sommer in Herten.<\/p>\n<p>4 Min Lesezeit<\/p>\n<p>Wie schreibe ich einen Witz? Der Frage k\u00f6nnen Kinder ab Dienstag, 22. Juli, in der <a target=\"_blank\" href=\"https:\/\/www.hertener-allgemeine.de\/\" data-imported=\"1\" rel=\"noopener\">Hertener<\/a> Stadtbibliothek nachgehen. Die Wochenaufgabe ist Teil des <strong>Sommerlesecamps<\/strong>, das nicht nur an Regentagen Unterhaltung f\u00fcr Ferienkinder bietet. Im Sommerlesecamp in der B\u00fccherei k\u00f6nnen Kinder jeden Alters im Team mit Freunden, Geschwistern, Verwandten oder alleine Comics zeichnen, ihr Wissen bei einem Quizabend unter Beweis stellen, Programmieren lernen \u2013 und nat\u00fcrlich: lesen. Die Ergebnisse k\u00f6nnen die Kleinen in einem Logbuch festhalten. Die Teilnahme an den Challenges und einzelnen Veranstaltungen ist kostenlos, eine Anmeldung erforderlich.<\/p>\n<p>Ein buntes Programm gibt es auch beim <strong>Wasserfl\u00f6he-Ferienspa\u00df<\/strong> im Copa Ca Backum. Bei mehreren Terminen, wie bei der Copa-Olympiade am Samstag, 19. Juli, k\u00f6nnen Kinder die Ferien bei einer Abk\u00fchlung im Nichtschwimmerbecken des Schwimmbads genie\u00dfen. H\u00f6hepunkt ist das Sommerfest am Mittwoch, 23. August, bei dem Kidsclub-Leiterin Ioana ein abwechslungsreiches Programm mit Musik, Spielen und Leckereien vorbereitet hat.<\/p>\n<p>Wer keine Ferien hat, kann dennoch in Urlaubsstimmung kommen: Am Freitag, 25. Juli, von 16 bis 21 Uhr l\u00e4dt der Brauchtums- und Kulturverein zum <strong>Mallorca-Abend<\/strong> auf der Kranzplatte in Langenbochum ein. Bei dieser Ausgabe des Feierabendmarkts gibt es sommerliche Cocktails und Musik von DJ Peter R\u00f6sner.<\/p>\n<p>\t\t<a href=\"https:\/\/www.hertener-allgemeine.de\/herten\/herten-langenbochum-feierlaune-schoenste-fotos-feierabendmarkt-brauchtums-kulturverein-just-4-fun-w1048965-8001016730\/\" rel=\"nofollow noopener\" aria-hidden=\"true\" tabindex=\"-1\" title=\"Herten-Langenbochum in Feierlaune Die sch\u00f6nsten Fotos vom Feierabendmarkt\" aria-label=\"Herten-Langenbochum in Feierlaune Die sch\u00f6nsten Fotos vom Feierabendmarkt\" target=\"_blank\"><\/p>\n<p>                <img decoding=\"async\" src=\"https:\/\/www.europesays.com\/de\/wp-content\/uploads\/2025\/06\/630_0900_4826573_Hal_Feierabendmarkt_0625_Herten_Langenb-640x428.jpg\"  width=\"640\" height=\"428\" alt=\"Eindr\u00fccke von Juni-Feierabendmarkt in Herten-Langenbochum.\" loading=\"lazy\"\/><\/p>\n<p>\t\t<\/a><\/p>\n<p><img decoding=\"async\" width=\"1024\" height=\"683\" loading=\"lazy\" src=\"https:\/\/www.europesays.com\/de\/wp-content\/uploads\/2025\/07\/630_0900_4881318_HAL_Feierabendmarkt_Ewald_130625_Leserf-1024x683.jpg\" alt=\"Das Horizontobservatorium.\" class=\"wp-image-8001036185\" title=\"Das Horizontobservatorium.\"  \/>Auch in den Ferien gibt es After-Work-Events \u2013 in Herten sogar an drei Orten. Dieses Foto vom Feierabendmarkt auf Ewald im Sonnenuntergang im Juni machte Leserin Angelina Schirmer.\u00a9 Angelina Schirmer (Leserbild)<\/p>\n<p>Egal wie das Wetter ist, bei der <strong>Wahlarena<\/strong> der Hertener Allgemeinen k\u00f6nnte es hei\u00df hergehen: Vor Live-Publikum geht es f\u00fcr die B\u00fcrgermeister-Kandidatinnen und -Kandidaten von Herten ins Rededuell. Die Wahlarena findet am Dienstag, 29. Juli, im Medienhaus Bauer statt. Noch sind Pl\u00e4tze im Publikum frei: Wer dabei sein m\u00f6chte, kann eine E-Mail an <a target=\"_blank\" href=\"https:\/\/wahlarena-ha@medienhaus-bauer.de\" title=\"wahlarena-ha@medienhaus-bauer.de\" rel=\"noopener\">wahlarena-ha@medienhaus-bauer.de<\/a> senden, Einsendeschluss ist der 23. Juli.<\/p>\n<p>F\u00fcr ein riesiges Spektakel ist in den Sommerferien keine weite Reise n\u00f6tig: Ein St\u00fcck hinter der Stadtgrenze startet am Donnerstag, 31. Juli, die <strong>Cranger Kirme<\/strong><strong>s<\/strong>. F\u00fcr das offizielle Er\u00f6ffnungsfeuerwerk am Tag darauf lohnt sich der Aufstieg auf die Halde Hoheward.<\/p>\n<p><img decoding=\"async\" width=\"1024\" height=\"683\" loading=\"lazy\" src=\"https:\/\/www.europesays.com\/de\/wp-content\/uploads\/2025\/07\/630_0900_4881334_HAL_Crange_031-1024x683.jpg\" alt=\"Ein Kettenkarussell mit Feuerwerk dahinter.\" class=\"wp-image-8001036186\" title=\"Ein Kettenkarussell mit Feuerwerk dahinter.\"  \/>Das Er\u00f6ffnungsfeuerwerk der Cranger Kirmes l\u00e4sst sich auch gut von der Halde Hoheward aus bestaunen.\u00a9 Andr\u00e9 Przybyl<\/p>\n<p>Feuerwerk an der Stadtgrenze<\/p>\n<p>Wer das Feuerwerk mit bester Aussicht von der Halde genie\u00dfen m\u00f6chte, kann dabei gleichzeitig Wissenswertes \u00fcber die Sonnenuhr und das Horizontobservatorium erfahren. Das RVR Besucherzentrum bietet jeweils eine F\u00fchrung zum Er\u00f6ffnungs- und zum Abschlussfeuerwerk an. Die <strong>zweieinhalbst\u00fcndigen Wanderungen<\/strong> am Freitag, 1. August, und Sonntag, 10. August, starten um 21 Uhr. Die Teilnahme kostet 12 \u20ac f\u00fcr Erwachsene und 6 \u20ac f\u00fcr Kinder und Jugendliche, Anmeldung telefonisch unter 02366\/181160, per E-Mail an <a href=\"https:\/\/www.hertener-allgemeine.de\/herten\/herten-ferien-freizeittipps-sommerferien-unterhaltung-cranger-kirmes-sommerkino-w1055550-8001036187\/mailto:hoheward@rvr.ruhr\" title=\"hoheward@rvr.ruhr\" target=\"_blank\" rel=\"noopener\">hoheward@rvr.ruhr<\/a> oder \u00fcber die Website des Besucherzentrums.<\/p>\n<p>Ebenfalls am Freitag, 1. August, l\u00e4sst sich \u2013 dann auf der Zeche Ewald \u2013 bei Musik, gutem Essen und k\u00fchlen Getr\u00e4nken in den Feierabend starten. Die Eventreihe der Motorworld und Wolff Sicherheit und Service setzt sich nur wenige Wochen sp\u00e4ter fort: Auch am Freitag, 22. August, gibt es einen <strong>Feierabendmarkt<\/strong>. Start ist um 17 Uhr, die Veranstaltung endet um Mitternacht.<\/p>\n<p>Industriekultur k\u00fcsst Natur: Bei zwei Terminen erfahren Familien, welche Tiere und Pflanzen sich die Zeche Westerholt zur\u00fcckerobert haben. Die <strong>Naturf\u00fchrung<\/strong> auf dem ehemaligen Bergbaugel\u00e4nde startet jeweils um 10 Uhr am Samstag, 2. August, und Samstag, 16. August. Treffpunkt ist das Pf\u00f6rtnerhaus. Die Veranstalter bitten um Anmeldung unter <a href=\"https:\/\/www.hertener-allgemeine.de\/herten\/herten-ferien-freizeittipps-sommerferien-unterhaltung-cranger-kirmes-sommerkino-w1055550-8001036187\/mailto:fuehrungen@egnzw.de\" title=\"fuehrungen@egnzw.de\" target=\"_blank\" rel=\"noopener\">fuehrungen@egnzw.de<\/a> mit Angabe von Kontaktdaten. Erwachsene: 9 \u20ac, Kinder: 4,50 \u20ac.<\/p>\n<p>Mit Boogie Man &amp; Drums startet die n\u00e4chste <strong>Blues Session<\/strong> im B\u00fcrgerhaus Herten. Das Duo startet am Freitag, 8. August, um 19 Uhr. Der Eintritt ist frei, eine Anmeldung unter <a href=\"https:\/\/www.hertener-allgemeine.de\/herten\/herten-ferien-freizeittipps-sommerferien-unterhaltung-cranger-kirmes-sommerkino-w1055550-8001036187\/mailto:blues-session-herten@t-online.de\" title=\"blues-session-herten@t-online.de\" target=\"_blank\" rel=\"noopener\">blues-session-herten@t-online.de<\/a> empfiehlt die Blues Initiative Vest, die den musikalischen Abend organisiert.<\/p>\n<p>Zirkuskunst in der Innenstadt<\/p>\n<p>Angst verdirbt den Charakter: Das ist der Titel des Programms, das der minimal circus am Mittwoch, 13. August, um 18 Uhr auf den Antoniusplatz in der Innenstadt bringt. Die Artistin Julia Knaust verbindet Zirkuskunst, Theater und gesellschaftliches Statement, hei\u00dft es vom Kulturb\u00fcro. Das <strong>Stra\u00dfentheater<\/strong> geh\u00f6rt zur \u201esummer-in-the-city\u201c-Reihe. Der Eintritt ist frei.<\/p>\n<p>\t\t<a href=\"https:\/\/www.hertener-allgemeine.de\/herten\/herten-veranstaltungen-kulturbuero-summer-in-the-city-strassentheater-la-poesia-platz-antoniuskirche-w914265-8000715232\/\" rel=\"nofollow noopener\" aria-hidden=\"true\" tabindex=\"-1\" title=\"Kirchplatz wird zur Theaterb\u00fchne Viele Bilder vom Auftritt von \u201eLa Poesia\u201c in Herten\" aria-label=\"Kirchplatz wird zur Theaterb\u00fchne Viele Bilder vom Auftritt von \u201eLa Poesia\u201c in Herten\" target=\"_blank\"><\/p>\n<p>                <img decoding=\"async\" src=\"https:\/\/www.europesays.com\/de\/wp-content\/uploads\/2025\/07\/630_0900_3965913_HAL_Strassentheater_16_-640x428.jpg\"  width=\"640\" height=\"428\" alt=\"Ausschnitt aus dem Theaterst\u00fcck \u201eAndiamo \u2013 auf geht\u2019s\u201c der Theatergruppe La Poesia in Herten-Mitte.\" loading=\"lazy\"\/><\/p>\n<p>\t\t<\/a><\/p>\n<p>Im Hertener S\u00fcden flimmern von Mittwoch, 13. August, bis Freitag, 15. August, Filme \u00fcber eine riesige Leinwand auf der Zeche Ewald. Das <strong>Hertener Sommerkino<\/strong> startet jeweils um 21 Uhr. Karten f\u00fcr die Vorstellungen sind noch im Vorverkauf im Studio B der Stadtwerke, im Glashaus und im RVR Besucherzentrum zum Preis von 4 \u20ac erh\u00e4ltlich.<\/p>\n<p>\t\t<a href=\"https:\/\/www.hertener-allgemeine.de\/herten\/herten-sommerkino-zeche-ewald-open-air-kino-freiluftkino-filmabend-stadtwerke-w1032187-8000976821\/\" rel=\"nofollow noopener\" aria-hidden=\"true\" tabindex=\"-1\" title=\"Tickets, Filme, Startzeiten Hier gibt\u2019s alle Infos zum Hertener Sommerkino auf Zeche Ewald\" aria-label=\"Tickets, Filme, Startzeiten Hier gibt\u2019s alle Infos zum Hertener Sommerkino auf Zeche Ewald\" target=\"_blank\"><\/p>\n<p>                <img decoding=\"async\" src=\"https:\/\/www.europesays.com\/de\/wp-content\/uploads\/2025\/07\/630_0900_4712645_hal_Herten_Sommerkino_Stadtwerke_2025-160x160.jpg\"  width=\"160\" height=\"160\" alt=\"Eine gro\u00dfe Leinwand steht auf dem Doncaster-Platz in Herten-S\u00fcd, im Hintergrund der F\u00f6rderturm von Zeche Ewald.\" loading=\"lazy\"\/><\/p>\n<p>\t\t<\/a><\/p>\n<p>Auch in der Katze im Busch treffen Ferien auf Feierabend: Halfway &amp; Happy, die <strong>After-Work-Party<\/strong> im Garten der Gastst\u00e4tte am Katzenbusch, findet \u2013 wie der Name schon sagt \u2013 zur Mitte der Woche am Mittwoch, 13. August, ab 17 Uhr statt. Der Eintritt ist frei.<\/p>\n<p>Live-Action-Rollenspiele (LARP) gibt es bei einem Sommercamp der Waldritter. In der einem Raumschiff nachempfundenen Bildungsst\u00e4tte in der Innenstadt soll unter dem Motto \u201eQueer in Space\u201c ein <strong>queer-freundliches LARP<\/strong> entstehen. Die Veranstaltung startet am Freitag, 15. August, und geht \u00fcber zehn Tage bis Sonntag, 24. August. Die Teilnahme kostet 50 \u20ac, weitere Informationen gibt es unter der E-Mail-Adresse <a href=\"https:\/\/www.hertener-allgemeine.de\/herten\/herten-ferien-freizeittipps-sommerferien-unterhaltung-cranger-kirmes-sommerkino-w1055550-8001036187\/mailto:Peter.Gotthardt@waldritter.de\" title=\"Peter.Gotthardt@waldritter.de\" target=\"_blank\" rel=\"noopener\">Peter.Gotthardt@waldritter.de<\/a>.<\/p>\n<p>Mit einem Lachen den Sommer verabschieden: Das Improvisationsformat <strong>LOL \u2013 Das Comedy Start-up<\/strong> kommt nur zwei Tage nach dem Ende der gro\u00dfen Ferien ins Glashaus. Am Donnerstag, 28. August, startet das Finale von \u201esummer in the city\u201c um 20.07 Uhr mit Witz und jeder Menge Live-Comedy. Karten gibt es im Vorverkauf f\u00fcr 22 \u20ac und an der Abendkasse f\u00fcr 24 \u20ac (erm. 12 \u20ac).<\/p>\n","protected":false},"excerpt":{"rendered":"Die Theatergruppe La Poesia begeisterte im vergangenen Jahr die Besucher vor der Antoniuskirche in Herten. F\u00fcr diesen Sommer&hellip;\n","protected":false},"author":2,"featured_media":276662,"comment_status":"","ping_status":"","sticky":false,"template":"","format":"standard","meta":{"footnotes":""},"categories":[1848],"tags":[3364,29,548,663,3934,3658,30,13,14,15,1209,12,11290,6185],"class_list":{"0":"post-276661","1":"post","2":"type-post","3":"status-publish","4":"format-standard","5":"has-post-thumbnail","7":"category-gelsenkirchen","8":"tag-de","9":"tag-deutschland","10":"tag-eu","11":"tag-europa","12":"tag-europe","13":"tag-gelsenkirchen","14":"tag-germany","15":"tag-headlines","16":"tag-nachrichten","17":"tag-news","18":"tag-nordrhein-westfalen","19":"tag-schlagzeilen","20":"tag-sommerferien","21":"tag-veranstaltungen-kultur"},"share_on_mastodon":{"url":"https:\/\/pubeurope.com\/@de\/114877941168513022","error":""},"_links":{"self":[{"href":"https:\/\/www.europesays.com\/de\/wp-json\/wp\/v2\/posts\/276661","targetHints":{"allow":["GET"]}}],"collection":[{"href":"https:\/\/www.europesays.com\/de\/wp-json\/wp\/v2\/posts"}],"about":[{"href":"https:\/\/www.europesays.com\/de\/wp-json\/wp\/v2\/types\/post"}],"author":[{"embeddable":true,"href":"https:\/\/www.europesays.com\/de\/wp-json\/wp\/v2\/users\/2"}],"replies":[{"embeddable":true,"href":"https:\/\/www.europesays.com\/de\/wp-json\/wp\/v2\/comments?post=276661"}],"version-history":[{"count":0,"href":"https:\/\/www.europesays.com\/de\/wp-json\/wp\/v2\/posts\/276661\/revisions"}],"wp:featuredmedia":[{"embeddable":true,"href":"https:\/\/www.europesays.com\/de\/wp-json\/wp\/v2\/media\/276662"}],"wp:attachment":[{"href":"https:\/\/www.europesays.com\/de\/wp-json\/wp\/v2\/media?parent=276661"}],"wp:term":[{"taxonomy":"category","embeddable":true,"href":"https:\/\/www.europesays.com\/de\/wp-json\/wp\/v2\/categories?post=276661"},{"taxonomy":"post_tag","embeddable":true,"href":"https:\/\/www.europesays.com\/de\/wp-json\/wp\/v2\/tags?post=276661"}],"curies":[{"name":"wp","href":"https:\/\/api.w.org\/{rel}","templated":true}]}}