{"id":276693,"date":"2025-07-19T04:25:11","date_gmt":"2025-07-19T04:25:11","guid":{"rendered":"https:\/\/www.europesays.com\/de\/276693\/"},"modified":"2025-07-19T04:25:11","modified_gmt":"2025-07-19T04:25:11","slug":"gefangenendeal-zwischen-venezuela-usa-und-el-salvador-suedtirol-news","status":"publish","type":"post","link":"https:\/\/www.europesays.com\/de\/276693\/","title":{"rendered":"Gefangenendeal zwischen Venezuela, USA und El Salvador \u2013 S\u00fcdtirol News"},"content":{"rendered":"<p>Rubio verk\u00fcndet Freilassung von zehn Landsleuten (Archivbild) <\/p>\n<p>                        <a href=\"https:\/\/www.europesays.com\/de\/wp-content\/uploads\/2025\/07\/rubio-verkuendet-freilassung-von-zehn-landsleuten-archivbild.jpg.webp.webp\" class=\"image-item\" data-sub-html=\"APA\/APA\/AFP\/POOL\/MANDEL NGAN\"><img decoding=\"async\"  alt=\"Rubio verk\u00fcndet Freilassung von zehn Landsleuten (Archivbild)\" src=\"https:\/\/www.europesays.com\/de\/wp-content\/uploads\/2025\/07\/rubio-verkuendet-freilassung-von-zehn-landsleuten-archivbild.jpg.webp.webp\"\/><\/p>\n<p>APA\/APA\/AFP\/POOL\/MANDEL NGAN<\/p>\n<p><\/a><\/p>\n<p>Von: APA\/dpa\/Reuters<\/p>\n<p>Venezuela, El Salvador und die USA haben einen gro\u00dfangelegten Gefangenenaustausch abgeschlossen. \u201cHeute haben wir alle venezolanischen B\u00fcrger freigelassen, die in unserem Land festgehalten wurden, angeklagt wegen Zugeh\u00f6rigkeit zur kriminellen Organisation Tren de Aragua\u201d, teilte El Salvadors Pr\u00e4sident Nayib Bukele auf der Plattform X mit. Im Gegenzug seien eine \u201cbetr\u00e4chtliche Anzahl venezolanischer politischer Gefangener\u201d und zehn US-Amerikaner freigekommen.<\/p>\n<p>US-Au\u00dfenminister Marco Rubio schrieb auf X, sie seien \u201cauf dem Weg in die Freiheit\u201d. Rubio dankte seinem Team im US-Au\u00dfenministerium sowie Bukele. \u201cIch m\u00f6chte meinem Team im @StateDep und insbesondere Pr\u00e4sident @nayibbukele daf\u00fcr danken, dass sie dazu beigetragen haben, eine Vereinbarung \u00fcber die Freilassung aller unserer amerikanischen Gefangenen sowie die Freilassung der venezolanischen politischen Gefangenen zu erreichen\u201d, erkl\u00e4rte Rubio in einem Beitrag im Onlinenetzwerk X.<\/p>\n<p>Im April hatte Bukele Venezuelas autorit\u00e4rem Pr\u00e4sidenten Nicol\u00e1s Maduro den Gefangenentausch angeboten. Venezuela habe einen hohen Preis f\u00fcr die Freiheit dieser Landsleute gezahlt, teilte Venezuelas Regierung mit und best\u00e4tigte den vollzogenen Austausch.<\/p>\n<p>Kontroverse um US-Abschiebepraxis<\/p>\n<p>Die US-Regierung zahlt El Salvador eine Millionensumme f\u00fcr die Aufnahme von abgeschobenen Migranten, die sie als Schwerkriminelle einstuft. Die Rechtm\u00e4\u00dfigkeit der Transfers ist allerdings hochumstritten. Recherchen mehrerer US-Medien wecken erhebliche Zweifel an der angeblich kriminellen Vergangenheit zahlreicher Abgeschobener.<\/p>\n<p>Ein prominenter Einzelfall betrifft Kilmar Abrego Garcia: Der Mann war im M\u00e4rz trotz Abschiebeschutzes aus den USA nach El Salvador gebracht worden. Nach langem juristischem Tauziehen wurde er im Juni in die USA zur\u00fcckgebracht, wo gegen ihn ein Strafverfahren unter anderem wegen Menschenschmuggels eingeleitet wurde.<\/p>\n","protected":false},"excerpt":{"rendered":"Rubio verk\u00fcndet Freilassung von zehn Landsleuten (Archivbild) APA\/APA\/AFP\/POOL\/MANDEL NGAN Von: APA\/dpa\/Reuters Venezuela, El Salvador und die USA haben&hellip;\n","protected":false},"author":2,"featured_media":276694,"comment_status":"","ping_status":"","sticky":false,"template":"","format":"standard","meta":{"footnotes":""},"categories":[3977],"tags":[331,332,13,14,15,12,4017,4018,4016,64,4019,4020],"class_list":{"0":"post-276693","1":"post","2":"type-post","3":"status-publish","4":"format-standard","5":"has-post-thumbnail","7":"category-usa","8":"tag-aktuelle-nachrichten","9":"tag-aktuelle-news","10":"tag-headlines","11":"tag-nachrichten","12":"tag-news","13":"tag-schlagzeilen","14":"tag-united-states","15":"tag-united-states-of-america","16":"tag-us","17":"tag-usa","18":"tag-vereinigte-staaten","19":"tag-vereinigte-staaten-von-amerika"},"share_on_mastodon":{"url":"https:\/\/pubeurope.com\/@de\/114878003689598711","error":""},"_links":{"self":[{"href":"https:\/\/www.europesays.com\/de\/wp-json\/wp\/v2\/posts\/276693","targetHints":{"allow":["GET"]}}],"collection":[{"href":"https:\/\/www.europesays.com\/de\/wp-json\/wp\/v2\/posts"}],"about":[{"href":"https:\/\/www.europesays.com\/de\/wp-json\/wp\/v2\/types\/post"}],"author":[{"embeddable":true,"href":"https:\/\/www.europesays.com\/de\/wp-json\/wp\/v2\/users\/2"}],"replies":[{"embeddable":true,"href":"https:\/\/www.europesays.com\/de\/wp-json\/wp\/v2\/comments?post=276693"}],"version-history":[{"count":0,"href":"https:\/\/www.europesays.com\/de\/wp-json\/wp\/v2\/posts\/276693\/revisions"}],"wp:featuredmedia":[{"embeddable":true,"href":"https:\/\/www.europesays.com\/de\/wp-json\/wp\/v2\/media\/276694"}],"wp:attachment":[{"href":"https:\/\/www.europesays.com\/de\/wp-json\/wp\/v2\/media?parent=276693"}],"wp:term":[{"taxonomy":"category","embeddable":true,"href":"https:\/\/www.europesays.com\/de\/wp-json\/wp\/v2\/categories?post=276693"},{"taxonomy":"post_tag","embeddable":true,"href":"https:\/\/www.europesays.com\/de\/wp-json\/wp\/v2\/tags?post=276693"}],"curies":[{"name":"wp","href":"https:\/\/api.w.org\/{rel}","templated":true}]}}