{"id":276821,"date":"2025-07-19T05:36:15","date_gmt":"2025-07-19T05:36:15","guid":{"rendered":"https:\/\/www.europesays.com\/de\/276821\/"},"modified":"2025-07-19T05:36:15","modified_gmt":"2025-07-19T05:36:15","slug":"nordrhein-westfalen-gleich-sieben-demos-in-muenster-strassensperrungen-und-parkverbote","status":"publish","type":"post","link":"https:\/\/www.europesays.com\/de\/276821\/","title":{"rendered":"Nordrhein-Westfalen: Gleich sieben Demos in M\u00fcnster: Stra\u00dfensperrungen und Parkverbote"},"content":{"rendered":"<p class=\"metatextline\">Stand: 19.07.2025 06:00 Uhr<\/p>\n<p class=\"textabsatz columns twelve  m-ten  m-offset-one l-eight l-offset-two\">\n        <strong>Heute finden in der M\u00fcnsteraner Innenstadt gleich sieben Versammlungen statt. Die Polizei rechnet mit starken Verkehrsproblemen.<\/strong>\n    <\/p>\n<p class=\"textabsatz m-ten m-offset-one l-eight l-offset-two columns twelve\">\nErneut hat eine Privatperson aus dem rechtsextremen Spektrum zu einer Versammlung aufgerufen. Erst vor zwei Wochen gab es eine solche Demonstration mit rund 120 Personen. \u00dcber 1100 Menschen haben gegen die Rechtsextremen demonstriert.<\/p>\n<p>    Neo-Nazi-Begr\u00e4bnis ist Grund f\u00fcr Versammlung<\/p>\n<p class=\"textabsatz m-ten m-offset-one l-eight l-offset-two columns twelve\">\nHintergrund ist ein Rechtsstreit um das Begr\u00e4bnis von Neo-Nazi Siegfried Borchardt. Das Begr\u00e4bnis m\u00f6chte die Stadt Dortmund anonym halten, damit kein Wallfahrtsort f\u00fcr die rechtsextreme Szene entsteht. Das entsprechende Verfahren ist nun vom Oberverwaltungsgericht f\u00fcr das Land NRW in M\u00fcnster anh\u00e4ngig, weshalb Anh\u00e4nger von Siegfried Borchardt zu <a href=\"https:\/\/www1.wdr.de\/uebersicht-demonstrationen-100.html\" title=\"Demonstrationen in NRW\" class=\"textlink--extern\" target=\"_blank\" rel=\"noopener nofollow\">Demonstrationen<\/a> aufgerufen haben.<\/p>\n<p class=\"textabsatz m-ten m-offset-one l-eight l-offset-two columns twelve\">\nBei der vergangenen Demo gab es l\u00e4ngere Unterbrechungen, weil viele der Teilnehmenden schwarz-wei\u00df-rote Fahnen trugen. Die Polizei pr\u00fcfte &#8222;paramilit\u00e4risches Verhalten&#8220;, kassierte mehrere Fahnen ein und nahm 39 Personalien auf. Insgesamt gab es an dem Tag 75 Strafanzeigen.<\/p>\n<p>    Insgesamt sieben Demonstrationen in M\u00fcnster<\/p>\n<p class=\"textabsatz m-ten m-offset-one l-eight l-offset-two columns twelve\">\nNachdem bekannt wurde, dass es einen neuen Aufmarsch von Rechtsextremen geben soll, formierte sich Gegenprotest. Bisher haben vier Privatpersonen Kundgebungen und einen Aufzug angemeldet.<\/p>\n<p class=\"textabsatz m-ten m-offset-one l-eight l-offset-two columns twelve\">\nZus\u00e4tzlich sind zwei weitere unabh\u00e4ngige Versammlungen zu den Themen &#8222;Kinder in Gaza&#8220; auf dem Prinzipalmarkt sowie &#8222;Wegbereiter f\u00fcr Frieden im Iran&#8220; auf dem Schlossplatz angemeldet. Alle Versammlungen finden im Zeitraum von 12 bis 22 Uhr statt.<\/p>\n<ul class=\"buttongroup buttongroup--copytext\">\n<li class=\"buttongroup__item\">\n<p>    <a class=\"btn btn--text btn--standard-secondary btn--fullwidth\" href=\"https:\/\/www1.wdr.de\/nachrichten\/westfalen-lippe\/nazi-demo-sperrungen-muenster-100.html\" rel=\"nofollow noopener\" target=\"_blank\"><br \/>\n        1.100 Menschen demonstrieren in M\u00fcnster gegen Rechtsextreme<br \/>\n        Pfeil rechts<\/p>\n<p>    <\/a>\n<\/li>\n<\/ul>\n<p>    Stra\u00dfensperrungen und Parkverbote<\/p>\n<p class=\"textabsatz m-ten m-offset-one l-eight l-offset-two columns twelve\">\nUm einen reibungslosen Ablauf zu erm\u00f6glichen, f\u00fchrt die Polizei M\u00fcnster sogenannte Kooperationsgespr\u00e4che mit den Organisatoren der Demos. &#8222;Inhalt der Gespr\u00e4che sind unter anderem die Versammlungsorte und -strecken&#8220;, schreibt die Polizei in ihrer Pressemitteilung.<\/p>\n<ul class=\"buttongroup buttongroup--copytext\">\n<li class=\"buttongroup__item\">\n<p>    <a class=\"btn btn--text btn--standard-secondary btn--fullwidth\" href=\"https:\/\/www1.wdr.de\/nachrichten\/westfalen-lippe\/haendler-protest-unterschriftenliste-gegen-demo-100.html\" rel=\"nofollow noopener\" target=\"_blank\"><br \/>\n        H\u00e4ndler am M\u00fcnsteraner Hbf k\u00e4mpfen gegen Demos<br \/>\n        Pfeil rechts<\/p>\n<p>    <\/a>\n<\/li>\n<\/ul>\n<p class=\"textabsatz m-ten m-offset-one l-eight l-offset-two columns twelve\">\nSchwerpunkt der Veranstaltungen wird auf der Westseite des Hauptbahnhofs bis zum Bereich des Ludgeriplatzes liegen. Die Versammlungen der Gegendemonstranten werden auf der Westseite des Hauptbahnhofs, an der Ecke Hafenstra\u00dfe\/Von Steuben-Stra\u00dfe, am Ludgeriplatz und auf dem Servatiiplatz stattfinden.<\/p>\n<p>    B\u00fcrgertelefon eingerichtet<\/p>\n<p class=\"textabsatz m-ten m-offset-one l-eight l-offset-two columns twelve\">\nDaf\u00fcr sind am Samstag erneut Parkverbotszonen und Stra\u00dfensperrungen in den Bereichen eingerichtet. Die Polizei M\u00fcnster hat am Mittwoch rund tausend Flyer verteilt, um Anwohnende und Gesch\u00e4ftsbetreibende \u00fcber die Beeintr\u00e4chtigungen zu informieren.<\/p>\n<p class=\"textabsatz m-ten m-offset-one l-eight l-offset-two columns twelve\">\nZudem gibt es ein <a href=\"https:\/\/www.presseportal.de\/blaulicht\/pm\/11187\/6078153\" title=\"B\u00fcrgertelefon\" class=\"textlink--extern js-link-dialog\" rel=\"noopener noreferrer nofollow\" target=\"_blank\" data-type=\"external\">B\u00fcrgertelefon<\/a>, wor\u00fcber B\u00fcrger aktuelle Informationen rund um die Demonstrationen und Einschr\u00e4nkungen bekommen k\u00f6nnen.<\/p>\n<p>    Unsere Quellen:<\/p>\n<p>                                        <a class=\"backlink__link\" href=\"https:\/\/www1.wdr.de\/nachrichten\/westfalen-lippe\/sieben-demos-muenster-strassensperrungen-100.html\" rel=\"nofollow noopener\" target=\"_blank\"><\/p>\n<p>                                                <img decoding=\"async\" src=\"https:\/\/images.tagesschau.de\/image\/9ef70e2e-6dd6-4b18-afd2-7063c40e8939\/AAABlap_yqU\/AAABkZLrr6A\/original\/lra-wdr-logo-100.svg\" alt=\"Westdeutscher Rundfunk\"\/><\/p>\n<p>                                        <\/a><\/p>\n","protected":false},"excerpt":{"rendered":"Stand: 19.07.2025 06:00 Uhr Heute finden in der M\u00fcnsteraner Innenstadt gleich sieben Versammlungen statt. Die Polizei rechnet mit&hellip;\n","protected":false},"author":2,"featured_media":276822,"comment_status":"","ping_status":"","sticky":false,"template":"","format":"standard","meta":{"footnotes":""},"categories":[1843],"tags":[3364,29,30,8970,1209,225],"class_list":{"0":"post-276821","1":"post","2":"type-post","3":"status-publish","4":"format-standard","5":"has-post-thumbnail","7":"category-muenster","8":"tag-de","9":"tag-deutschland","10":"tag-germany","11":"tag-muenster","12":"tag-nordrhein-westfalen","13":"tag-wdr"},"share_on_mastodon":{"url":"https:\/\/pubeurope.com\/@de\/114878282761322318","error":""},"_links":{"self":[{"href":"https:\/\/www.europesays.com\/de\/wp-json\/wp\/v2\/posts\/276821","targetHints":{"allow":["GET"]}}],"collection":[{"href":"https:\/\/www.europesays.com\/de\/wp-json\/wp\/v2\/posts"}],"about":[{"href":"https:\/\/www.europesays.com\/de\/wp-json\/wp\/v2\/types\/post"}],"author":[{"embeddable":true,"href":"https:\/\/www.europesays.com\/de\/wp-json\/wp\/v2\/users\/2"}],"replies":[{"embeddable":true,"href":"https:\/\/www.europesays.com\/de\/wp-json\/wp\/v2\/comments?post=276821"}],"version-history":[{"count":0,"href":"https:\/\/www.europesays.com\/de\/wp-json\/wp\/v2\/posts\/276821\/revisions"}],"wp:featuredmedia":[{"embeddable":true,"href":"https:\/\/www.europesays.com\/de\/wp-json\/wp\/v2\/media\/276822"}],"wp:attachment":[{"href":"https:\/\/www.europesays.com\/de\/wp-json\/wp\/v2\/media?parent=276821"}],"wp:term":[{"taxonomy":"category","embeddable":true,"href":"https:\/\/www.europesays.com\/de\/wp-json\/wp\/v2\/categories?post=276821"},{"taxonomy":"post_tag","embeddable":true,"href":"https:\/\/www.europesays.com\/de\/wp-json\/wp\/v2\/tags?post=276821"}],"curies":[{"name":"wp","href":"https:\/\/api.w.org\/{rel}","templated":true}]}}