{"id":276968,"date":"2025-07-19T06:59:10","date_gmt":"2025-07-19T06:59:10","guid":{"rendered":"https:\/\/www.europesays.com\/de\/276968\/"},"modified":"2025-07-19T06:59:10","modified_gmt":"2025-07-19T06:59:10","slug":"wir-verlosen-karten-fuer-das-kilkennys-konzert-in-bielefeld","status":"publish","type":"post","link":"https:\/\/www.europesays.com\/de\/276968\/","title":{"rendered":"Wir verlosen Karten f\u00fcr das Kilkennys-Konzert in Bielefeld"},"content":{"rendered":"<p id=\"absatz1\">Bielefeld. Die Band aus Kilkenny, dem sonnigen S\u00fcdosten Irlands, l\u00e4sst die Korken knallen: Im Herbst feiert das Quintett 25. Bundjubil\u00e4um. F\u00fcr das Jubil\u00e4umskonzert in Bielefeld verlosen wir 2x 2 Karten.<\/p>\n<p id=\"absatz2\" class=\"em_text\">Diesmal erstmals auf Tour als festes Bandmitglied auf dem Akkordeon, dem Keyboard und dem innovativen Seaboard dabei: Jason Turk! Im Zusammenspiel der f\u00fcnf Freunde darf eine besondere Magie erwartet werden, die seit Jahren auch ein j\u00fcngeres Publikum anspricht.<\/p>\n<p id=\"absatz4\" class=\"em_text\">Seit 2000 bringen The Kilkennys mit gro\u00dfartigen Eigenkompositionen und Neuinterpretationen alter Klassiker frischen Wind in die Irish-Folk-Szene.<\/p>\n<p id=\"absatz5\" class=\"em_text\">Den Musikern gelingt es, die Musiktradition ihrer Heimat um eine moderne Note zu erweitern, die auch ein junges Publikum, das mit Irish Folk bisher wenig anfangen konnte, begeistert.<\/p>\n<p id=\"absatz6\" class=\"em_text\">Jedes Bandmitglied beherrscht mehrere Instrumente, darunter traditionell irische wie den irischen Dudelsack Uillean Pipes oder die Rahmentrommel Bodhran, meisterhaft und bringt sein K\u00f6nnen songdienlich ein. Unvergessen auch: Das absolute Markenzeichen der Kilkennys \u2013 der gemeinsame Harmoniegesang, der bei absolut jedem im Publikum f\u00fcr G\u00e4nsehautmomente sorgt.<\/p>\n<p id=\"absatz7\"><b class=\"bold\">The Kilkennys live in Bielefeld<\/b><\/p>\n<p id=\"absatz8\" class=\"em_text\">Mittwoch, 1.10., 20 Uhr, Lokschuppen, Bielefeld;<\/p>\n<p id=\"absatz9\" class=\"em_text\">Karten (33,70 \u0080): NW und <a href=\"https:\/\/www.nw.de\/events\/info\/1330526-the-kilkennys-germany-tour-2025-tickets-bielefeld\" target=\"_blank\" rel=\"noopener\">hier.<\/a><\/p>\n<p id=\"absatz10\"><b class=\"bold\">Gewinnspiel<\/b><\/p>\n<p id=\"absatz11\" class=\"em_text\">Wir verlosen 2x 2 Karten f\u00fcr das Kilkennys-Konzert im Oktober 2025 in Bielefeld. Das Gewinnspiel ist bis Sonntag, 31. August 2025, 23.59 Uhr online. Die Gewinner werden benachrichtigt, der Rechtsweg ist ausgeschlossen.<\/p>\n","protected":false},"excerpt":{"rendered":"Bielefeld. Die Band aus Kilkenny, dem sonnigen S\u00fcdosten Irlands, l\u00e4sst die Korken knallen: Im Herbst feiert das Quintett&hellip;\n","protected":false},"author":2,"featured_media":276969,"comment_status":"","ping_status":"","sticky":false,"template":"","format":"standard","meta":{"footnotes":""},"categories":[1841],"tags":[1605,82636,3364,29,30,3012,5300,82637,82638,16466,736,26866,735,1613,1209,26867],"class_list":{"0":"post-276968","1":"post","2":"type-post","3":"status-publish","4":"format-standard","5":"has-post-thumbnail","7":"category-bielefeld","8":"tag-bielefeld","9":"tag-bundjubilum","10":"tag-de","11":"tag-deutschland","12":"tag-germany","13":"tag-gewinnspiel","14":"tag-irland","15":"tag-jason-turk","16":"tag-kilkenny","17":"tag-meta_artikelklasse_service","18":"tag-meta_copyrights_nw","19":"tag-meta_no_paywall","20":"tag-meta_themen_medien_kultur","21":"tag-meta_userneeds_informieremich","22":"tag-nordrhein-westfalen","23":"tag-serie_event_kultur"},"share_on_mastodon":{"url":"https:\/\/pubeurope.com\/@de\/114878609102973470","error":""},"_links":{"self":[{"href":"https:\/\/www.europesays.com\/de\/wp-json\/wp\/v2\/posts\/276968","targetHints":{"allow":["GET"]}}],"collection":[{"href":"https:\/\/www.europesays.com\/de\/wp-json\/wp\/v2\/posts"}],"about":[{"href":"https:\/\/www.europesays.com\/de\/wp-json\/wp\/v2\/types\/post"}],"author":[{"embeddable":true,"href":"https:\/\/www.europesays.com\/de\/wp-json\/wp\/v2\/users\/2"}],"replies":[{"embeddable":true,"href":"https:\/\/www.europesays.com\/de\/wp-json\/wp\/v2\/comments?post=276968"}],"version-history":[{"count":0,"href":"https:\/\/www.europesays.com\/de\/wp-json\/wp\/v2\/posts\/276968\/revisions"}],"wp:featuredmedia":[{"embeddable":true,"href":"https:\/\/www.europesays.com\/de\/wp-json\/wp\/v2\/media\/276969"}],"wp:attachment":[{"href":"https:\/\/www.europesays.com\/de\/wp-json\/wp\/v2\/media?parent=276968"}],"wp:term":[{"taxonomy":"category","embeddable":true,"href":"https:\/\/www.europesays.com\/de\/wp-json\/wp\/v2\/categories?post=276968"},{"taxonomy":"post_tag","embeddable":true,"href":"https:\/\/www.europesays.com\/de\/wp-json\/wp\/v2\/tags?post=276968"}],"curies":[{"name":"wp","href":"https:\/\/api.w.org\/{rel}","templated":true}]}}