{"id":277505,"date":"2025-07-19T11:56:10","date_gmt":"2025-07-19T11:56:10","guid":{"rendered":"https:\/\/www.europesays.com\/de\/277505\/"},"modified":"2025-07-19T11:56:10","modified_gmt":"2025-07-19T11:56:10","slug":"woa-2025-die-gelaendeplaene-sind-da","status":"publish","type":"post","link":"https:\/\/www.europesays.com\/de\/277505\/","title":{"rendered":"W:O:A 2025 &#8211; Die Gel\u00e4ndepl\u00e4ne sind da!"},"content":{"rendered":"<p>Holt die Kartenlupe raus, denn die <strong>Gel\u00e4ndepl\u00e4ne f\u00fcr das W:O:A 2025<\/strong> sind da!<\/p>\n<p>Wir haben wieder zwei Versionen f\u00fcr euch:<\/p>\n<p>1. Ein <strong>Gesamtplan<\/strong>, der euch das gro\u00dfe Ganze samt Camping-Areas zeigt.\u00a0<\/p>\n<p>2. Ein <strong>Detailplan<\/strong>, der sich auf das Festivalgel\u00e4nde konzentriert.<\/p>\n<p>Auch dieses Jahr haben wir wieder einige Neuerungen f\u00fcr euch \u2013 und die wollen wir euch nat\u00fcrlich nicht vorenthalten:<\/p>\n<ul class=\"list-normal\">\n<li>Ab sofort gibt es in allen gro\u00dfen Sanit\u00e4rcamps auf den Camping-Areas Duschen f\u00fcr Rollstuhlfahrer*innen.<\/li>\n<li>Die Sanit\u00e4ranlagen auf dem Infield wurden aufger\u00fcstet \u2013 mit modernen Vakuum-Toiletten f\u00fcr mehr Komfort und Hygiene.<\/li>\n<li>Unsere Special Camping-Areas wurden fl\u00e4chentechnisch erweitert \u2013 mehr Raum f\u00fcr euch und eure Crew!<\/li>\n<li>Dieses Jahr wird konsequent M\u00fcll auf allen Camping-Areas getrennt! Alle Infos dazu (und viele weitere Ma\u00dfnahmen rund ums Thema Nachhaltigkeit) findet ihr im Bereich <a href=\"https:\/\/www.wacken.com\/de\/community\/green-wacken\/\" target=\"_blank\" rel=\"nofollow noopener\"><strong>Green Wacken<\/strong><\/a>.<\/li>\n<li>Wenn ihr zwischen Headbangen und Feiern mal eine Pause braucht oder einfach jemanden zum Reden sucht: Die Festival-Seelsorge der Nordkirche ist f\u00fcr euch da \u2013 erkennbar an den blauen Westen mit der Aufschrift \u201eFestival Seelsorge\/Counseling\u201c. Und ganz neu: der Festival-Seelsorge-Bus \u2013 ein Ort zum Durchatmen.<\/li>\n<\/ul>\n<p><a href=\"https:\/\/www.wacken.com\/de\/medien\/uebersichtsplaene\/\" rel=\"nofollow noopener\" target=\"_blank\"><strong>Hier k\u00f6nnt ihr euch direkt die PDFs mit allen wichtigen Infos herunterladen.<\/strong><\/a><\/p>\n<p>Eine interaktive Version des Gel\u00e4ndeplans f\u00fcr die App ist in Arbeit und wird rechtzeitig zum Festivalbeginn fertig sein \u2013 damit ihr euch jederzeit orientieren k\u00f6nnt.\u00a0<br \/>Wenn ihr wissen wollt, was sich wo befindet oder was bestimmte Begriffe bedeuten: Unser <a href=\"https:\/\/help.wacken.com\/help\/de-de\/57-festival-abc\" target=\"_blank\" rel=\"noreferrer nofollow noopener\"><strong>Festival ABC<\/strong>,<\/a> wurde \u00fcberarbeitet und ist Teil der Wissensdatenbank.<br \/>Wir hoffen, ihr freut euch genauso wie wir auf all die neuen Features \u2013 wir sind schon jetzt gespannt auf euer Feedback nach dem Festival!<\/p>\n<p>Euer\u00a0<\/p>\n<p>W:O:A-Team<\/p>\n","protected":false},"excerpt":{"rendered":"Holt die Kartenlupe raus, denn die Gel\u00e4ndepl\u00e4ne f\u00fcr das W:O:A 2025 sind da! Wir haben wieder zwei Versionen&hellip;\n","protected":false},"author":2,"featured_media":277506,"comment_status":"","ping_status":"","sticky":false,"template":"","format":"standard","meta":{"footnotes":""},"categories":[1772],"tags":[29,214,30,1779,810,215],"class_list":{"0":"post-277505","1":"post","2":"type-post","3":"status-publish","4":"format-standard","5":"has-post-thumbnail","7":"category-musik","8":"tag-deutschland","9":"tag-entertainment","10":"tag-germany","11":"tag-music","12":"tag-musik","13":"tag-unterhaltung"},"share_on_mastodon":{"url":"https:\/\/pubeurope.com\/@de\/114879777113709985","error":""},"_links":{"self":[{"href":"https:\/\/www.europesays.com\/de\/wp-json\/wp\/v2\/posts\/277505","targetHints":{"allow":["GET"]}}],"collection":[{"href":"https:\/\/www.europesays.com\/de\/wp-json\/wp\/v2\/posts"}],"about":[{"href":"https:\/\/www.europesays.com\/de\/wp-json\/wp\/v2\/types\/post"}],"author":[{"embeddable":true,"href":"https:\/\/www.europesays.com\/de\/wp-json\/wp\/v2\/users\/2"}],"replies":[{"embeddable":true,"href":"https:\/\/www.europesays.com\/de\/wp-json\/wp\/v2\/comments?post=277505"}],"version-history":[{"count":0,"href":"https:\/\/www.europesays.com\/de\/wp-json\/wp\/v2\/posts\/277505\/revisions"}],"wp:featuredmedia":[{"embeddable":true,"href":"https:\/\/www.europesays.com\/de\/wp-json\/wp\/v2\/media\/277506"}],"wp:attachment":[{"href":"https:\/\/www.europesays.com\/de\/wp-json\/wp\/v2\/media?parent=277505"}],"wp:term":[{"taxonomy":"category","embeddable":true,"href":"https:\/\/www.europesays.com\/de\/wp-json\/wp\/v2\/categories?post=277505"},{"taxonomy":"post_tag","embeddable":true,"href":"https:\/\/www.europesays.com\/de\/wp-json\/wp\/v2\/tags?post=277505"}],"curies":[{"name":"wp","href":"https:\/\/api.w.org\/{rel}","templated":true}]}}