{"id":277636,"date":"2025-07-19T13:07:16","date_gmt":"2025-07-19T13:07:16","guid":{"rendered":"https:\/\/www.europesays.com\/de\/277636\/"},"modified":"2025-07-19T13:07:16","modified_gmt":"2025-07-19T13:07:16","slug":"berlin-drk-vier-millionen-menschen-fuer-katastrophenfall-schulen","status":"publish","type":"post","link":"https:\/\/www.europesays.com\/de\/277636\/","title":{"rendered":"Berlin | DRK: Vier Millionen Menschen f\u00fcr Katastrophenfall schulen"},"content":{"rendered":"<p>Berlin (dpa) &#8211; In Deutschland fehlen nach Einsch\u00e4tzung des Deutschen Roten Kreuzes (DRK) Millionen Menschen, die der Bev\u00f6lkerung im Katastrophenfall helfen k\u00f6nnen. Es m\u00fcssten mehr Menschen in Erster Hilfe und Selbsthilfe in Notlagen ausgebildet werden, sagte Heike Spieker, Leiterin des DRK-Bereichs Nationale Hilfsgesellschaft. \u00abUm diese F\u00e4higkeiten nachhaltig aufzubauen, m\u00fcssten vier Millionen Menschen geschult werden.\u00bb Dann g\u00e4be es genug Wissen, um sich im Krisenfall selbst und gegenseitig zu helfen.<\/p>\n<p>Bei solchen Kursen wird dem Bundesamt f\u00fcr Bev\u00f6lkerungsschutz und Katastrophenhilfe zufolge neben Erster Hilfe vermittelt, was zu tun ist, wenn etwa der Strom ausf\u00e4llt oder Starkregen zu Hochwasser f\u00fchrt. Hilfsorganisationen bieten diese Kurse bereits an, finanziert vom Bund.<\/p>\n<p>Wie viele Menschen m\u00fcssten jedes Jahr ausgebildet werden?<\/p>\n<p>Um in f\u00fcnf Jahren einen \u00abvern\u00fcnftigen Stand\u00bb zu erreichen, m\u00fcssten Spieker zufolge jedes Jahr rund 800.000 Menschen ausgebildet werden. \u00abIn der Realit\u00e4t sind f\u00fcr die kommenden Jahre derzeit Mittel f\u00fcr durchschnittlich nicht einmal 100.000 Kursteilnehmende pro Jahr vorgesehen\u00bb, sagte die Leiterin, die zust\u00e4ndig ist beim Roten Kreuz zum Beispiel f\u00fcr Bev\u00f6lkerungsschutz, nationales Krisenmanagement und Sicherheitsforschung.<\/p>\n<p>Spieker kritisierte, dass im Haushaltsentwurf der Bundesregierung f\u00fcr 2025 nicht gen\u00fcgend Mittel f\u00fcr solche Kurse eingeplant seien. \u00abDie derzeitigen Budgetpl\u00e4ne sind absolut unzureichend und widersprechen den politischen Versprechen, den Bev\u00f6lkerungsschutz zu st\u00e4rken.\u00bb<\/p>\n<p>Kr\u00e4fte f\u00fcr Notunterk\u00fcnfte schulen<\/p>\n<p>Das DRK forderte zudem die Finanzierung der Ausbildung sogenannter Pflegeunterst\u00fctzungskr\u00e4fte. Dies aber bleibe in der Haushaltsplanung des Bundes f\u00fcr 2025 unber\u00fccksichtigt. \u00abDie ausgebildeten Kr\u00e4fte k\u00f6nnten in Ausnahmesituationen beispielsweise in Notunterk\u00fcnften pflegerisch unterst\u00fctzen und dadurch einen enorm wichtigen Beitrag leisten\u00bb, sagte Spieker. \u00abDie Finanzierung w\u00e4re mit einem geringen zweistelligen Millionenbetrag m\u00f6glich, also einem Betrag, der im Vergleich zum Bundeshaushalt minimal ist.\u00bb Die Wirkung im Krisenfall w\u00e4re aber enorm.<\/p>\n","protected":false},"excerpt":{"rendered":"Berlin (dpa) &#8211; In Deutschland fehlen nach Einsch\u00e4tzung des Deutschen Roten Kreuzes (DRK) Millionen Menschen, die der Bev\u00f6lkerung&hellip;\n","protected":false},"author":2,"featured_media":277637,"comment_status":"","ping_status":"","sticky":false,"template":"","format":"standard","meta":{"footnotes":""},"categories":[1825],"tags":[1941,1939,296,1937,29,30,1724,1940,1938,4338,4028,3772],"class_list":{"0":"post-277636","1":"post","2":"type-post","3":"status-publish","4":"format-standard","5":"has-post-thumbnail","7":"category-berlin","8":"tag-aktuelle-nachrichten-aus-berlin","9":"tag-aktuelle-news-aus-berlin","10":"tag-berlin","11":"tag-berlin-news","12":"tag-deutschland","13":"tag-germany","14":"tag-gesellschaft","15":"tag-nachrichten-aus-berlin","16":"tag-news-aus-berlin","17":"tag-notfall","18":"tag-unwetter","19":"tag-verbaende"},"share_on_mastodon":{"url":"https:\/\/pubeurope.com\/@de\/114880056248445074","error":""},"_links":{"self":[{"href":"https:\/\/www.europesays.com\/de\/wp-json\/wp\/v2\/posts\/277636","targetHints":{"allow":["GET"]}}],"collection":[{"href":"https:\/\/www.europesays.com\/de\/wp-json\/wp\/v2\/posts"}],"about":[{"href":"https:\/\/www.europesays.com\/de\/wp-json\/wp\/v2\/types\/post"}],"author":[{"embeddable":true,"href":"https:\/\/www.europesays.com\/de\/wp-json\/wp\/v2\/users\/2"}],"replies":[{"embeddable":true,"href":"https:\/\/www.europesays.com\/de\/wp-json\/wp\/v2\/comments?post=277636"}],"version-history":[{"count":0,"href":"https:\/\/www.europesays.com\/de\/wp-json\/wp\/v2\/posts\/277636\/revisions"}],"wp:featuredmedia":[{"embeddable":true,"href":"https:\/\/www.europesays.com\/de\/wp-json\/wp\/v2\/media\/277637"}],"wp:attachment":[{"href":"https:\/\/www.europesays.com\/de\/wp-json\/wp\/v2\/media?parent=277636"}],"wp:term":[{"taxonomy":"category","embeddable":true,"href":"https:\/\/www.europesays.com\/de\/wp-json\/wp\/v2\/categories?post=277636"},{"taxonomy":"post_tag","embeddable":true,"href":"https:\/\/www.europesays.com\/de\/wp-json\/wp\/v2\/tags?post=277636"}],"curies":[{"name":"wp","href":"https:\/\/api.w.org\/{rel}","templated":true}]}}