{"id":277815,"date":"2025-07-19T14:44:13","date_gmt":"2025-07-19T14:44:13","guid":{"rendered":"https:\/\/www.europesays.com\/de\/277815\/"},"modified":"2025-07-19T14:44:13","modified_gmt":"2025-07-19T14:44:13","slug":"holzklotz-bleibt-als-symbol-der-trauer-im-wohnzimmer-zurueck","status":"publish","type":"post","link":"https:\/\/www.europesays.com\/de\/277815\/","title":{"rendered":"Holzklotz bleibt als Symbol der Trauer im Wohnzimmer zur\u00fcck"},"content":{"rendered":"<p>Georgia (USA) &#8211; <b>Vor beinahe drei Jahren kullerte einem Jungen namens Briggs ein kleiner gelber Holzklotz beim Spielen unter den Schrank im Wohnzimmer. Dass er heute noch immer am selben Platz liegt, hat einen herzzerrei\u00dfenden Grund, den die Mutter des Kindes auf Instagram teilte.<\/b><\/p>\n<p>            <img loading=\"lazy\" decoding=\"async\" class=\"article__img\" alt=\"Vor fast drei Jahren verga\u00df ein Kind diesen Bauklotz unter einem Schrank. Seine Mutter kann ihn nach seinem Tod nicht wegr\u00e4umen.\" width=\"951\" height=\"634\" src=\"https:\/\/www.europesays.com\/de\/wp-content\/uploads\/2025\/07\/a2n6p81gdjd7w20n3r36zohbkj4d0opw.jpg\"  \/><\/p>\n<p>            Vor fast drei Jahren verga\u00df ein Kind diesen Bauklotz unter einem Schrank. Seine Mutter kann ihn nach seinem Tod nicht wegr\u00e4umen.\u00a0\u00a0\u00a9\u00a0Bildmontage\/Screenshot\/Instagram\/she_who_prays<\/p>\n<p>Meshea Ingram (34) aus Georgia wird es wohl nie \u00fcbers Herz bringen, den leuchtend gelben Klotz mit dem Buchstaben &#8222;C&#8220; jemals wegzur\u00e4umen. &#8222;Briggs hat ihn dort gelassen&#8220;, schreibt sie in einem <a href=\"https:\/\/www.instagram.com\/p\/DLVckPkR_aX\/\" target=\"_blank\" rel=\"noopener nofollow\" data-vars-href=\"https:\/\/www.instagram.com\/p\/DLVckPkR_aX\/\" data-vars->Instagram-Post<\/a>, wo sie die traurige Wahrheit \u00fcber das Spielzeug enth\u00fcllt. <\/p>\n<p>Der Bauklotz ist heute eine kleine aber umso sch\u00f6nere Erinnerung an ihren kleinen Sohn, der am 22. Juli 2022 bei einem tragischen Unfall ums Leben kam. <\/p>\n<p>Der Junge war nahe dem Haus seiner Gro\u00dfeltern in <a href=\"https:\/\/www.tag24.de\/thema\/aus-aller-welt\/usa\" rel=\"nofollow noopener\" target=\"_blank\">Alabama<\/a> in einen See gefallen und ertrunken.<\/p>\n<p>                             <a data-aid=\"3404976\" data-atype=\"news\" data-aplacement=\"inread-article\" data-aplacementid=\"3404749\" href=\"https:\/\/www.tag24.de\/thema\/unglueck\/freundin-von-felix-baumgartner-trauert-ich-bin-verloren-3404976\" rel=\"nofollow noopener\" target=\"_blank\"><img loading=\"lazy\" decoding=\"async\" width=\"85\" height=\"57\" alt=\"Freundin von Felix Baumgartner trauert: &quot;Ich bin verloren&quot;\" src=\"https:\/\/www.europesays.com\/de\/wp-content\/uploads\/2025\/07\/vo9x360d00tmkr4sup6kbtenz3618wtr.jpg\"\/><\/a><\/p>\n<p>            Ungl\u00fcck<br \/>\n                            <a class=\"inread-article__headline\" data-aid=\"3404976\" data-atype=\"news\" data-aplacement=\"inread-article\" data-aplacementid=\"3404749\" href=\"https:\/\/www.tag24.de\/thema\/unglueck\/freundin-von-felix-baumgartner-trauert-ich-bin-verloren-3404976\" rel=\"nofollow noopener\" target=\"_blank\">Freundin von Felix Baumgartner trauert: &#8222;Ich bin verloren&#8220;<\/a><\/p>\n<p>                             <a data-aid=\"3404659\" data-atype=\"news\" data-aplacement=\"inread-article\" data-aplacementid=\"3404749\" href=\"https:\/\/www.tag24.de\/thema\/unglueck\/felix-baumgartner-absturz-mit-gleitschirm-loest-obduktion-und-ermittlungen-aus-3404659\" rel=\"nofollow noopener\" target=\"_blank\"><img loading=\"lazy\" decoding=\"async\" width=\"85\" height=\"57\" alt=\"Obduktion nach Tod von Baumgartner (\u202056): War Extremsportler bei Absturz schon bewusstlos?\" src=\"https:\/\/www.europesays.com\/de\/wp-content\/uploads\/2025\/07\/y51vm913mq2wdap1guav1ookckk4vw21.jpg\"\/><\/a><\/p>\n<p>            Ungl\u00fcck<br \/>\n                            <a class=\"inread-article__headline\" data-aid=\"3404659\" data-atype=\"news\" data-aplacement=\"inread-article\" data-aplacementid=\"3404749\" href=\"https:\/\/www.tag24.de\/thema\/unglueck\/felix-baumgartner-absturz-mit-gleitschirm-loest-obduktion-und-ermittlungen-aus-3404659\" rel=\"nofollow noopener\" target=\"_blank\">Obduktion nach Tod von Baumgartner (\u202056): War Extremsportler bei Absturz schon bewusstlos?<\/a><\/p>\n<p><b>&#8222;Ich ging kurz weg, um zu saugen, und innerhalb weniger Augenblicke, Sekunden, war er weg&#8220;, erinnert sich Mutter Meshea an den Tag, der ihr Leben f\u00fcr immer ver\u00e4ndern sollte.<\/b><\/p>\n<p>            <img decoding=\"async\" class=\"article__img\" alt=\"Briggs ertrank auf tragische Weise im Jahr 2022 in einem See in Alabama.\" width=\"951\" height=\"634\" loading=\"lazy\" src=\"https:\/\/www.europesays.com\/de\/wp-content\/uploads\/2025\/07\/iupv1f4iphbwwc5kyrop23pgstwgpn0s.jpg\"  \/><\/p>\n<p>            Briggs ertrank auf tragische Weise im Jahr 2022 in einem See in Alabama.\u00a0\u00a0\u00a9\u00a0Bildmontage\/Screenshot\/Instagram\/she_who_prays<\/p>\n<p>Ihr Mann Josh, ein Feuerwehrmann, f\u00fchrte drei\u00dfig Minuten lang Wiederbelebungsma\u00dfnahmen durch, wodurch das Herz des Kindes tats\u00e4chlich wieder angefangen hatte zu schlagen. Briggs wurde dann mit einem Rettungshubschrauber in ein Kinderkrankenhaus geflogen. Dort erlag der Junge jedoch sp\u00e4ter den Folgen des Ertrinkens.<\/p>\n<p>&#8222;Er war mein Sonnenschein&#8220;, sagt Briggs Mutter gegen\u00fcber <a href=\"https:\/\/www.today.com\/parents\/family\/heartbreaking-reason-mom-keeps-toy-block-under-cabinet-rcna219339?utm_campaign=trueAnthem_manual&amp;utm_medium=trueAnthem&amp;utm_source=facebook&amp;fbclid=IwY2xjawLnCLRleHRuA2FlbQIxMQABHiqgSYWpvFeqki6jvL8gNA7k3XWe_BCj9BOBfS0CZbVo5pGU5oFIOJGFQuuv_aem_7XJj5x7-der9Cjz3rKPuXg\" target=\"_blank\" rel=\"noopener nofollow\" data-vars-href=\"https:\/\/www.today.com\/parents\/family\/heartbreaking-reason-mom-keeps-toy-block-under-cabinet-rcna219339?utm_campaign=trueAnthem_manual&amp;utm_medium=trueAnthem&amp;utm_source=facebook&amp;fbclid=IwY2xjawLnCLRleHRuA2FlbQIxMQABHiqgSYWpvFeqki6jvL8gNA7k3XWe_BCj9BOBfS0CZbVo5pGU5oFIOJGFQuuv_aem_7XJj5x7-der9Cjz3rKPuXg\" data-vars->TODAY<\/a>. Aus diesem Grund soll der Bauklotz auch an Ort und Stelle bleiben.<\/p>\n<p>&#8222;Manche Dinge bleiben genau dort, wo sie sind, nicht weil wir vergessen haben, sie wegzur\u00e4umen, sondern weil unsere Herzen es nie tun werden&#8220;, erkl\u00e4rt sie in ihrem Instagrambeitrag. Sie glaubt, dass ihr Sohn auf der anderen Seite des Himmels noch immer im Wohnzimmer spielen w\u00fcrde. <\/p>\n<p>                             <a data-aid=\"3404632\" data-atype=\"news\" data-aplacement=\"inread-article\" data-aplacementid=\"3404749\" href=\"https:\/\/www.tag24.de\/thema\/unglueck\/felix-baumgartner-ein-letzter-abschied-von-red-bulls-extremsport-pionier-3404632\" rel=\"nofollow noopener\" target=\"_blank\"><img loading=\"lazy\" decoding=\"async\" width=\"85\" height=\"57\" alt=\"Emotionaler Abschied von Rekord-Springer Baumgartner (\u202056): &quot;Ein unvergesslicher Freund&quot;\" src=\"https:\/\/www.europesays.com\/de\/wp-content\/uploads\/2025\/07\/ln4j6vbq97iwpjlkg0jkr3x5hs79ae2l.jpg\"\/><\/a><\/p>\n<p>            Ungl\u00fcck<br \/>\n                            <a class=\"inread-article__headline\" data-aid=\"3404632\" data-atype=\"news\" data-aplacement=\"inread-article\" data-aplacementid=\"3404749\" href=\"https:\/\/www.tag24.de\/thema\/unglueck\/felix-baumgartner-ein-letzter-abschied-von-red-bulls-extremsport-pionier-3404632\" rel=\"nofollow noopener\" target=\"_blank\">Emotionaler Abschied von Rekord-Springer Baumgartner (\u202056): &#8222;Ein unvergesslicher Freund&#8220;<\/a><\/p>\n<p>                             <a data-aid=\"3404961\" data-atype=\"news\" data-aplacement=\"inread-article\" data-aplacementid=\"3404749\" href=\"https:\/\/www.tag24.de\/thema\/unglueck\/explosion-toetet-drei-polizisten-entschaerfung-von-granate-misslungen-3404961\" rel=\"nofollow noopener\" target=\"_blank\"><img loading=\"lazy\" decoding=\"async\" width=\"85\" height=\"57\" alt=\"Explosion t\u00f6tet drei Polizisten: Entsch\u00e4rfung von Granate misslungen?\" src=\"https:\/\/www.europesays.com\/de\/wp-content\/uploads\/2025\/07\/2ge3j8x9jui76f7cu9edlfh3r7sh07r1.jpg\"\/><\/a><\/p>\n<p>            Ungl\u00fcck<br \/>\n                            <a class=\"inread-article__headline\" data-aid=\"3404961\" data-atype=\"news\" data-aplacement=\"inread-article\" data-aplacementid=\"3404749\" href=\"https:\/\/www.tag24.de\/thema\/unglueck\/explosion-toetet-drei-polizisten-entschaerfung-von-granate-misslungen-3404961\" rel=\"nofollow noopener\" target=\"_blank\">Explosion t\u00f6tet drei Polizisten: Entsch\u00e4rfung von Granate misslungen?<\/a><\/p>\n<p><b>Seit dem Tod ihres Sohnes, haben es sich Josh und seine Frau zur Aufgabe gemacht, im <\/b><a href=\"https:\/\/www.tag24.de\/thema\/internet\" rel=\"nofollow noopener\" target=\"_blank\">Internet<\/a><b> darauf aufmerksam zu machen, wie schnell es passieren kann, dass ein Kind ertrinkt. &#8222;Ein kleines Kind kann in nur 20 Sekunden ertrinken. Das ist weniger Zeit, als man braucht, um auf die Toilette zu gehen&#8220;, so Meshea.<\/b><\/p>\n<p><script async src=\"\/\/www.instagram.com\/embed.js\"><\/script><\/p>\n","protected":false},"excerpt":{"rendered":"Georgia (USA) &#8211; Vor beinahe drei Jahren kullerte einem Jungen namens Briggs ein kleiner gelber Holzklotz beim Spielen&hellip;\n","protected":false},"author":2,"featured_media":277816,"comment_status":"","ping_status":"","sticky":false,"template":"","format":"standard","meta":{"footnotes":""},"categories":[3],"tags":[13,14,15,12,10,8,9,11,103,104],"class_list":{"0":"post-277815","1":"post","2":"type-post","3":"status-publish","4":"format-standard","5":"has-post-thumbnail","7":"category-welt","8":"tag-headlines","9":"tag-nachrichten","10":"tag-news","11":"tag-schlagzeilen","12":"tag-top-news","13":"tag-top-meldungen","14":"tag-topmeldungen","15":"tag-topnews","16":"tag-welt","17":"tag-world"},"share_on_mastodon":{"url":"https:\/\/pubeurope.com\/@de\/114880438138013475","error":""},"_links":{"self":[{"href":"https:\/\/www.europesays.com\/de\/wp-json\/wp\/v2\/posts\/277815","targetHints":{"allow":["GET"]}}],"collection":[{"href":"https:\/\/www.europesays.com\/de\/wp-json\/wp\/v2\/posts"}],"about":[{"href":"https:\/\/www.europesays.com\/de\/wp-json\/wp\/v2\/types\/post"}],"author":[{"embeddable":true,"href":"https:\/\/www.europesays.com\/de\/wp-json\/wp\/v2\/users\/2"}],"replies":[{"embeddable":true,"href":"https:\/\/www.europesays.com\/de\/wp-json\/wp\/v2\/comments?post=277815"}],"version-history":[{"count":0,"href":"https:\/\/www.europesays.com\/de\/wp-json\/wp\/v2\/posts\/277815\/revisions"}],"wp:featuredmedia":[{"embeddable":true,"href":"https:\/\/www.europesays.com\/de\/wp-json\/wp\/v2\/media\/277816"}],"wp:attachment":[{"href":"https:\/\/www.europesays.com\/de\/wp-json\/wp\/v2\/media?parent=277815"}],"wp:term":[{"taxonomy":"category","embeddable":true,"href":"https:\/\/www.europesays.com\/de\/wp-json\/wp\/v2\/categories?post=277815"},{"taxonomy":"post_tag","embeddable":true,"href":"https:\/\/www.europesays.com\/de\/wp-json\/wp\/v2\/tags?post=277815"}],"curies":[{"name":"wp","href":"https:\/\/api.w.org\/{rel}","templated":true}]}}