{"id":277821,"date":"2025-07-19T14:47:21","date_gmt":"2025-07-19T14:47:21","guid":{"rendered":"https:\/\/www.europesays.com\/de\/277821\/"},"modified":"2025-07-19T14:47:21","modified_gmt":"2025-07-19T14:47:21","slug":"gefuehrter-rundgang-durch-das-merseburger-schloss","status":"publish","type":"post","link":"https:\/\/www.europesays.com\/de\/277821\/","title":{"rendered":"Gef\u00fchrter Rundgang durch das Merseburger Schloss"},"content":{"rendered":"<p><img decoding=\"async\" src=\"https:\/\/www.europesays.com\/de\/wp-content\/uploads\/2025\/07\/schloss_merseburg01-678x381.jpg\" alt=\"Schloss Merseburg\" title=\"schloss_merseburg01\"\/><br \/>\n\u00a9 H@llAnzeiger<\/p>\n<p>Merseburg\/LKS. Am 03. August 2025, findet um 14 Uhr die n\u00e4chste \u00f6ffentliche F\u00fchrung durch das Merseburger Schloss statt. Unter dem Titel\u00a0<strong>\u201eK\u00f6nigspfalz \u2013 Bischofsschloss \u2013 Herzogsresidenz\u201c\u00a0<\/strong>erhalten die Teilnehmerinnen und Teilnehmer lohnende Einblicke in die Geschichte dieses besonde\u00adren historischen Ortes, der bis zum 16. Jahrhundert als bisch\u00f6flicher Palast und im 17.\/18. Jahrhundert als herzogliche Residenz gedient hat. Dabei k\u00f6n\u00adnen auch die eindrucksvollen Mauern des Kernbaues aus der Mitte des 13. Jahrhunderts bewundert werden.<\/p>\n<p>Die F\u00fchrung dauert ca. eine Stunde. Mit dem Ticket kann von 9:00 bis 18:00 Uhr das gesamte Museum besucht werden.<\/p>\n<p>Tickets sind in der Dom- und Schloss-Information erh\u00e4ltlich, die vom Dom\u00adplatz aus zug\u00e4nglich ist.<\/p>\n<p><strong>Anmeldung<\/strong><br \/>Aus organisatorischen Gr\u00fcnden werden alle Interessenten gebeten, sich vorab per Telefon unter 03461 40-2000 anzumelden.<\/p>\n","protected":false},"excerpt":{"rendered":"\u00a9 H@llAnzeiger Merseburg\/LKS. Am 03. August 2025, findet um 14 Uhr die n\u00e4chste \u00f6ffentliche F\u00fchrung durch das Merseburger&hellip;\n","protected":false},"author":2,"featured_media":277822,"comment_status":"","ping_status":"","sticky":false,"template":"","format":"standard","meta":{"footnotes":""},"categories":[1860],"tags":[3364,29,548,663,3934,30,4062,17332,13,14,15,17331,860,12],"class_list":{"0":"post-277821","1":"post","2":"type-post","3":"status-publish","4":"format-standard","5":"has-post-thumbnail","7":"category-halle-saale","8":"tag-de","9":"tag-deutschland","10":"tag-eu","11":"tag-europa","12":"tag-europe","13":"tag-germany","14":"tag-halle","15":"tag-halle-saale","16":"tag-headlines","17":"tag-nachrichten","18":"tag-news","19":"tag-saale","20":"tag-sachsen-anhalt","21":"tag-schlagzeilen"},"share_on_mastodon":{"url":"https:\/\/pubeurope.com\/@de\/114880449571080718","error":""},"_links":{"self":[{"href":"https:\/\/www.europesays.com\/de\/wp-json\/wp\/v2\/posts\/277821","targetHints":{"allow":["GET"]}}],"collection":[{"href":"https:\/\/www.europesays.com\/de\/wp-json\/wp\/v2\/posts"}],"about":[{"href":"https:\/\/www.europesays.com\/de\/wp-json\/wp\/v2\/types\/post"}],"author":[{"embeddable":true,"href":"https:\/\/www.europesays.com\/de\/wp-json\/wp\/v2\/users\/2"}],"replies":[{"embeddable":true,"href":"https:\/\/www.europesays.com\/de\/wp-json\/wp\/v2\/comments?post=277821"}],"version-history":[{"count":0,"href":"https:\/\/www.europesays.com\/de\/wp-json\/wp\/v2\/posts\/277821\/revisions"}],"wp:featuredmedia":[{"embeddable":true,"href":"https:\/\/www.europesays.com\/de\/wp-json\/wp\/v2\/media\/277822"}],"wp:attachment":[{"href":"https:\/\/www.europesays.com\/de\/wp-json\/wp\/v2\/media?parent=277821"}],"wp:term":[{"taxonomy":"category","embeddable":true,"href":"https:\/\/www.europesays.com\/de\/wp-json\/wp\/v2\/categories?post=277821"},{"taxonomy":"post_tag","embeddable":true,"href":"https:\/\/www.europesays.com\/de\/wp-json\/wp\/v2\/tags?post=277821"}],"curies":[{"name":"wp","href":"https:\/\/api.w.org\/{rel}","templated":true}]}}