{"id":277862,"date":"2025-07-19T15:08:10","date_gmt":"2025-07-19T15:08:10","guid":{"rendered":"https:\/\/www.europesays.com\/de\/277862\/"},"modified":"2025-07-19T15:08:10","modified_gmt":"2025-07-19T15:08:10","slug":"ukraine-news-russland-sagt-militaerforum-ab","status":"publish","type":"post","link":"https:\/\/www.europesays.com\/de\/277862\/","title":{"rendered":"Ukraine-News: Russland sagt Milit\u00e4rforum ab"},"content":{"rendered":"<p>Update 15:09 Uhr | Mindestens drei Tote nach Luftangriffen in Ukraine<\/p>\n<p class=\"text\">\nBei russischen Luftangriffen in der Ukraine sind nach ukrainischen Angaben am Samstag mindestens drei Menschen get\u00f6tet worden. Regionalgouverneur Serhij Lysak teilte mit, zwei Menschen seien bei einem Raketeneinschlag in der zentralukrainischen Region Dnipropetrowsk gestorben. Nach einem russischen Drohnenangriff auf die s\u00fcdukrainische Hafenstadt Odessa wurde den Beh\u00f6rden zufolge ein Mensch get\u00f6tet. Lysak erkl\u00e4rte, bei dem Angriff in Dnipropetrowsk seien eine Klinik, eine Schule und eine Kultureinrichtung in dem Ort Wasylkiwska zerst\u00f6rt worden. Zudem seien einige H\u00e4user und Autos besch\u00e4digt worden. (Quelle: AFP)\n<\/p>\n<p>14:55 Uhr | Russland stellt Zugverkehr in Region kurzzeitig ein<\/p>\n<p class=\"text\">\nRussische Beh\u00f6rden teilten mit, dass nach einem n\u00e4chtlichen ukrainischen Drohnenangriff der Zugverkehr in der russischen Region Rostow kurzzeitig eingestellt worden sei. Bei dem Angriff in der s\u00fcdlichen Grenzregion zur Ukraine wurde demnach ein Bahnmitarbeiter verletzt, viele Passagiere sa\u00dfen stundenlang fest.\u00a0\n<\/p>\n<p class=\"text\">\nIn einer separaten Erkl\u00e4rung des russischen Milit\u00e4rs hie\u00df es, am Samstag seien sechs Fliegerbomben und 349 Drohnen abgefangen worden. Das russische Verteidigungsministerium hatte zuvor mitgeteilt, dass seine Luftabwehrsysteme am Freitagabend binnen f\u00fcnf Stunden 87 ukrainische Drohnen zerst\u00f6rt h\u00e4tten. 48 Drohnen seien \u00fcber der an die Ukraine grenzenden Region Brjansk abgeschossen worden, f\u00fcnf weitere \u00fcber der Region Moskau. (Quelle: AFP)\n<\/p>\n<p>14:07 Uhr | <a name=\"militaerforum\">Russland<\/a> sagt gro\u00dfe Milit\u00e4rschau f\u00fcr August ab<\/p>\n<p class=\"text\">\n<a name=\"Forum\">Russland<\/a> hat sein traditionell zur Demonstration milit\u00e4rischer St\u00e4rke im August organisiertes Armeeforum samt der \u00fcblichen Waffenschau abgesagt. Die staatliche russische Nachrichtenagentur Tass meldete unter Berufung auf die Organisatoren, das internationale milit\u00e4rtechnische Forum &#8222;Army-2025&#8220; werde auf einen sp\u00e4teren Zeitpunkt verschoben. Weder die Gr\u00fcnde noch ein neues Datum wurden genannt.\u00a0\n<\/p>\n<p class=\"text\">\nDie Ausstellung von R\u00fcstungsg\u00fctern, darunter auch milit\u00e4rische Neuentwicklungen wie Drohnen, war vom 11. bis 14. August im Milit\u00e4rpark Patriot unweit von Moskau geplant. Die seit 2015 organisierte Fachmesse gilt als wichtigste Pr\u00e4sentationsplattform f\u00fcr das russische Verteidigungsministerium.\n<\/p>\n<p class=\"text\">\nEs wird vermutet, dass wom\u00f6glich Sicherheitsbedenken zu der Entscheidung f\u00fchrten. Im Moskauer Gebiet werden inzwischen fast t\u00e4glich ukrainische Drohnen nach Angaben des Verteidigungsministeriums abgeschossen. Immer wieder ist wegen der Drohnengefahr der Luftverkehr eingeschr\u00e4nkt. (Quelle: dpa)\n<\/p>\n<p>13:00 Uhr | Polen untersucht Ausfall von Flugmanagement-Systemen<\/p>\n<p class=\"text\">\nIn Polen hat es nach Angaben der Beh\u00f6rden im Flugverkehr einen Ausfall der Managementsysteme gegeben. Wie ein Sprecher des Innenministeriums mitteilte, wird die Ursache daf\u00fcr noch untersucht. Der Inlandsgeheimdienst gehe auch dem Verdacht der Sabotage nach.\n<\/p>\n<p>09:15 Uhr | Ukraine: 300 russische Drohnenangriffe in der Nacht<\/p>\n<p class=\"text\">\nRussland hat die Ukraine nach Angaben von Pr\u00e4sident Wolodymyr Selenskyj in der Nacht mit mehr als 30 Raketen sowie 300 Drohnen angegriffen. Dabei sei in der Region Sumy kritische Infrastruktur besch\u00e4digt worden, teilte Selenskyj \u00fcber den Kurznachrichtendienst Telegram mit. Es habe Stromausf\u00e4lle gegeben, von denen mehrere tausend Haushalte betroffen seien. (Quelle: Reuters)<\/p>\n","protected":false},"excerpt":{"rendered":"Update 15:09 Uhr | Mindestens drei Tote nach Luftangriffen in Ukraine Bei russischen Luftangriffen in der Ukraine sind&hellip;\n","protected":false},"author":2,"featured_media":277863,"comment_status":"","ping_status":"","sticky":false,"template":"","format":"standard","meta":{"footnotes":""},"categories":[4012],"tags":[331,332,29,13,4046,53361,81,82829,14,15,7851,307,859,860,12,293,861,317,64,82830,103],"class_list":{"0":"post-277862","1":"post","2":"type-post","3":"status-publish","4":"format-standard","5":"has-post-thumbnail","7":"category-ukraine","8":"tag-aktuelle-nachrichten","9":"tag-aktuelle-news","10":"tag-deutschland","11":"tag-headlines","12":"tag-krieg","13":"tag-luftabwehrsystem","14":"tag-mdr","15":"tag-militaerforum","16":"tag-nachrichten","17":"tag-news","18":"tag-patriot","19":"tag-russland","20":"tag-sachsen","21":"tag-sachsen-anhalt","22":"tag-schlagzeilen","23":"tag-schweiz","24":"tag-thueringen","25":"tag-ukraine","26":"tag-usa","27":"tag-waffenschau","28":"tag-welt"},"share_on_mastodon":{"url":"https:\/\/pubeurope.com\/@de\/114880532327847426","error":""},"_links":{"self":[{"href":"https:\/\/www.europesays.com\/de\/wp-json\/wp\/v2\/posts\/277862","targetHints":{"allow":["GET"]}}],"collection":[{"href":"https:\/\/www.europesays.com\/de\/wp-json\/wp\/v2\/posts"}],"about":[{"href":"https:\/\/www.europesays.com\/de\/wp-json\/wp\/v2\/types\/post"}],"author":[{"embeddable":true,"href":"https:\/\/www.europesays.com\/de\/wp-json\/wp\/v2\/users\/2"}],"replies":[{"embeddable":true,"href":"https:\/\/www.europesays.com\/de\/wp-json\/wp\/v2\/comments?post=277862"}],"version-history":[{"count":0,"href":"https:\/\/www.europesays.com\/de\/wp-json\/wp\/v2\/posts\/277862\/revisions"}],"wp:featuredmedia":[{"embeddable":true,"href":"https:\/\/www.europesays.com\/de\/wp-json\/wp\/v2\/media\/277863"}],"wp:attachment":[{"href":"https:\/\/www.europesays.com\/de\/wp-json\/wp\/v2\/media?parent=277862"}],"wp:term":[{"taxonomy":"category","embeddable":true,"href":"https:\/\/www.europesays.com\/de\/wp-json\/wp\/v2\/categories?post=277862"},{"taxonomy":"post_tag","embeddable":true,"href":"https:\/\/www.europesays.com\/de\/wp-json\/wp\/v2\/tags?post=277862"}],"curies":[{"name":"wp","href":"https:\/\/api.w.org\/{rel}","templated":true}]}}