{"id":278004,"date":"2025-07-19T16:25:09","date_gmt":"2025-07-19T16:25:09","guid":{"rendered":"https:\/\/www.europesays.com\/de\/278004\/"},"modified":"2025-07-19T16:25:09","modified_gmt":"2025-07-19T16:25:09","slug":"piepsender-rauchmelder-in-container-loest-einsatz-in-wuppertal-aus","status":"publish","type":"post","link":"https:\/\/www.europesays.com\/de\/278004\/","title":{"rendered":"Piepsender Rauchmelder in Container l\u00f6st Einsatz in Wuppertal aus"},"content":{"rendered":"<p class=\"text_ohne_einzug richtext text-em-55 !leading-serif mx-6 desktop:mx-0\">Ein piepsender Rauchmelder im Inneren eines Containers f\u00fcr Elektroschrott hat am Samstag, 19. Juli, zu einem Einsatz von Feuerwehr und Polizei gef\u00fchrt. Die Einsatzkr\u00e4fte wurden gegen 16 Uhr zur Bundesallee in H\u00f6he der Hausnummer 76 gerufen. Laut Polizei f\u00fcllte die Feuerwehr kurzerhand den Container mit Wasser, daraufhin h\u00f6rte das Piepsen auf.<\/p>\n","protected":false},"excerpt":{"rendered":"Ein piepsender Rauchmelder im Inneren eines Containers f\u00fcr Elektroschrott hat am Samstag, 19. Juli, zu einem Einsatz von&hellip;\n","protected":false},"author":2,"featured_media":278005,"comment_status":"","ping_status":"","sticky":false,"template":"","format":"standard","meta":{"footnotes":""},"categories":[1840],"tags":[82850,696,3364,29,588,9032,30,1209,82851,82849,3784,4418],"class_list":{"0":"post-278004","1":"post","2":"type-post","3":"status-publish","4":"format-standard","5":"has-post-thumbnail","7":"category-wuppertal","8":"tag-bundesallee","9":"tag-container","10":"tag-de","11":"tag-deutschland","12":"tag-einsatz","13":"tag-einsatzkraefte","14":"tag-germany","15":"tag-nordrhein-westfalen","16":"tag-piepsen","17":"tag-piepsender","18":"tag-rauchmelder","19":"tag-wuppertal"},"share_on_mastodon":{"url":"https:\/\/pubeurope.com\/@de\/114880834676643771","error":""},"_links":{"self":[{"href":"https:\/\/www.europesays.com\/de\/wp-json\/wp\/v2\/posts\/278004","targetHints":{"allow":["GET"]}}],"collection":[{"href":"https:\/\/www.europesays.com\/de\/wp-json\/wp\/v2\/posts"}],"about":[{"href":"https:\/\/www.europesays.com\/de\/wp-json\/wp\/v2\/types\/post"}],"author":[{"embeddable":true,"href":"https:\/\/www.europesays.com\/de\/wp-json\/wp\/v2\/users\/2"}],"replies":[{"embeddable":true,"href":"https:\/\/www.europesays.com\/de\/wp-json\/wp\/v2\/comments?post=278004"}],"version-history":[{"count":0,"href":"https:\/\/www.europesays.com\/de\/wp-json\/wp\/v2\/posts\/278004\/revisions"}],"wp:featuredmedia":[{"embeddable":true,"href":"https:\/\/www.europesays.com\/de\/wp-json\/wp\/v2\/media\/278005"}],"wp:attachment":[{"href":"https:\/\/www.europesays.com\/de\/wp-json\/wp\/v2\/media?parent=278004"}],"wp:term":[{"taxonomy":"category","embeddable":true,"href":"https:\/\/www.europesays.com\/de\/wp-json\/wp\/v2\/categories?post=278004"},{"taxonomy":"post_tag","embeddable":true,"href":"https:\/\/www.europesays.com\/de\/wp-json\/wp\/v2\/tags?post=278004"}],"curies":[{"name":"wp","href":"https:\/\/api.w.org\/{rel}","templated":true}]}}