{"id":278117,"date":"2025-07-19T17:25:11","date_gmt":"2025-07-19T17:25:11","guid":{"rendered":"https:\/\/www.europesays.com\/de\/278117\/"},"modified":"2025-07-19T17:25:11","modified_gmt":"2025-07-19T17:25:11","slug":"sturm-ueber-moskau-nato-kampfjet-soll-putin-angreifen-koennen","status":"publish","type":"post","link":"https:\/\/www.europesays.com\/de\/278117\/","title":{"rendered":"Sturm \u00fcber Moskau \u2013\u00a0Nato-Kampfjet soll Putin angreifen k\u00f6nnen"},"content":{"rendered":"<ol class=\"id-DonaldBreadcrumb lp_west_breadcrumb id-DonaldBreadcrumb--default\" data-k5a-pos=\"west_breadcrumb\">\n<li class=\"id-Breadcrumb-item\"><a href=\"https:\/\/www.merkur.de\/\" class=\"id-Breadcrumb-link\" data-id-ec=\"{\" shn=\"\" textlink=\"\" data-k5a-pos=\"1_startseite\" rel=\"nofollow noopener\" target=\"_blank\">Startseite<\/a><\/li>\n<li class=\"id-Breadcrumb-item\"><a href=\"https:\/\/www.merkur.de\/politik\/\" class=\"id-Breadcrumb-link\" data-id-ec=\"{\" shn=\"\" textlink=\"\" data-k5a-pos=\"2_politik\" rel=\"nofollow noopener\" target=\"_blank\">Politik<\/a><\/li>\n<\/ol>\n<p class=\"id-Story-timestamp id-Story-timestamp--default\">Stand: 19.07.2025, 18:04 Uhr<\/p>\n<p class=\"id-Story-authors id-Story-authors--default\">Von: <a class=\"id-Story-authors-link lp_west_author\" href=\"https:\/\/www.merkur.de\/autor\/karsten-dirk-hinzmann-ulviuoc4.html\" title=\"Zur Autorenseite von Karsten-Dirk Hinzmann\" data-id-ec=\"{\" shn=\"\" author-link=\"\" hinzmann=\"\" data-k5a-pos=\"west_author\" rel=\"nofollow noopener\" target=\"_blank\">Karsten-Dirk Hinzmann<\/a><\/p>\n<p class=\"id-Story-interactionBar id-Story-interactionBar--default\">DruckenTeilen<\/p>\n<p class=\"id-StoryElement-leadText\">30 Tonnen Bomben auf Kaliningrad? Die Nato geht in die Offensive: Briten bauen mit der \u201eTempest\u201c ein Flugzeug, dass besser angreift als verteidigt. <\/p>\n<p class=\"id-StoryElement-paragraph\">London \u2013 \u201eJahrelang haben wir uns nicht allzu viel M\u00fche mit der Verteidigung des <a href=\"https:\/\/www.fr.de\/politik\/nato-geschichte-bruessel-russland-ukraine-krim-annexion-usa-deutschland-91358399.html\" class=\"id-import-Link id-pageApi-Link--externalDomain\" data-id-ec=\"{&quot;sht&quot;:&quot;Container&quot;,&quot;shn&quot;:&quot;Story&quot;,&quot;p&quot;:{&quot;containerType&quot;:&quot;Paragraph&quot;,&quot;displayType&quot;:&quot;Paragraph InlineLink&quot;,&quot;type&quot;:&quot;INLINE_LINK&quot;,&quot;value&quot;:&quot;Nato&quot;,&quot;variant&quot;:&quot;standardLink&quot;,&quot;sponsored&quot;:false,&quot;linkHref&quot;:&quot;https:\/\/www.fr.de\/politik\/nato-geschichte-bruessel-russland-ukraine-krim-annexion-usa-deutschland-91358399.html&quot;,&quot;storyElementPosition&quot;:8,&quot;storyElementCount&quot;:36}}\" rel=\"nofollow noopener\" target=\"_blank\">Nato<\/a>-Gebiets gegeben, weil wir nicht wirklich bef\u00fcrchteten, dass irgendetwas passieren k\u00f6nnte\u201c, sagte Martin Friis gegen\u00fcber der Moscow Times am Rande der Luftwaffen-\u00dcbung Ramstein Flag im April. Der vermeintlichen Schw\u00e4che der Nato gegen\u00fcber <a href=\"https:\/\/www.fr.de\/politik\/wladimir-putin-per42970\/\" class=\"id-import-Link id-pageApi-Link--externalDomain\" title=\"Wladimir Putin\" data-id-ec=\"{&quot;sht&quot;:&quot;Container&quot;,&quot;shn&quot;:&quot;Story&quot;,&quot;p&quot;:{&quot;containerType&quot;:&quot;Paragraph&quot;,&quot;displayType&quot;:&quot;Paragraph InlineLink&quot;,&quot;type&quot;:&quot;INLINE_LINK&quot;,&quot;value&quot;:&quot;Wladimir Putins&quot;,&quot;variant&quot;:&quot;standardLink&quot;,&quot;sponsored&quot;:false,&quot;linkHref&quot;:&quot;https:\/\/www.fr.de\/politik\/wladimir-putin-per42970\/&quot;,&quot;storyElementPosition&quot;:8,&quot;storyElementCount&quot;:36}}\" rel=\"nofollow noopener\" target=\"_blank\">Wladimir Putins<\/a> Invasionstruppen am Boden st\u00fcnde aber wohl die unangefochtene Hoheit der Nato in der Luft gegen\u00fcber. Das behauptet ein aktueller Bericht. Und anders als aus dem <a href=\"https:\/\/www.fr.de\/politik\/ukraine-konflikt-sti1524391\/\" class=\"id-import-Link id-pageApi-Link--externalDomain\" title=\"Ukraine-Krieg\" data-id-ec=\"{&quot;sht&quot;:&quot;Container&quot;,&quot;shn&quot;:&quot;Story&quot;,&quot;p&quot;:{&quot;containerType&quot;:&quot;Paragraph&quot;,&quot;displayType&quot;:&quot;Paragraph InlineLink&quot;,&quot;type&quot;:&quot;INLINE_LINK&quot;,&quot;value&quot;:&quot;Ukraine-Krieg&quot;,&quot;variant&quot;:&quot;standardLink&quot;,&quot;sponsored&quot;:false,&quot;linkHref&quot;:&quot;https:\/\/www.fr.de\/politik\/ukraine-konflikt-sti1524391\/&quot;,&quot;storyElementPosition&quot;:8,&quot;storyElementCount&quot;:36}}\" rel=\"nofollow noopener\" target=\"_blank\">Ukraine-Krieg<\/a> gewohnt, <a href=\"https:\/\/www.merkur.de\/politik\/biden-waffen-lieferung-reichweite-ukraine-krieg-putin-russland-f-16-kampfjets-raketen-usa-93263813.html\" class=\"id-import-Link\" data-id-ec=\"{&quot;sht&quot;:&quot;Container&quot;,&quot;shn&quot;:&quot;Story&quot;,&quot;p&quot;:{&quot;containerType&quot;:&quot;Paragraph&quot;,&quot;displayType&quot;:&quot;Paragraph InlineLink&quot;,&quot;type&quot;:&quot;INLINE_LINK&quot;,&quot;value&quot;:&quot;m&#xFC;ssten russische Kr&#xE4;fte noch aus einem anderen Grund die K&#xF6;pfe einziehen&quot;,&quot;variant&quot;:&quot;standardLink&quot;,&quot;sponsored&quot;:false,&quot;linkHref&quot;:&quot;https:\/\/www.merkur.de\/politik\/biden-waffen-lieferung-reichweite-ukraine-krieg-putin-russland-f-16-kampfjets-raketen-usa-93263813.html&quot;,&quot;storyElementPosition&quot;:8,&quot;storyElementCount&quot;:36}}\" rel=\"nofollow noopener\" target=\"_blank\">m\u00fcssten russische Kr\u00e4fte noch aus einem anderen Grund die K\u00f6pfe einziehen<\/a>: Gro\u00dfbritannien will nicht nur die eigenen Grenzen verteidigen, sondern auf Russlands Herz zielen.<\/p>\n<p class=\"id-StoryElement-paragraph\">Vor 2022 sei f\u00fcr viele Nato-Mitglieder die Wahrung ihrer milit\u00e4rischen Unabh\u00e4ngigkeit <a href=\"https:\/\/www.wa.de\/politik\/tempest-kampfjet-nimmt-kurs-auf-trump-frankreich-auf-ego-trip-93738928.html\" class=\"id-import-Link id-pageApi-Link--externalDomain\" data-id-ec=\"{&quot;sht&quot;:&quot;Container&quot;,&quot;shn&quot;:&quot;Story&quot;,&quot;p&quot;:{&quot;containerType&quot;:&quot;Paragraph&quot;,&quot;displayType&quot;:&quot;Paragraph InlineLink&quot;,&quot;type&quot;:&quot;INLINE_LINK&quot;,&quot;value&quot;:&quot;wichtiger als die Zusammenarbeit&quot;,&quot;variant&quot;:&quot;standardLink&quot;,&quot;sponsored&quot;:false,&quot;linkHref&quot;:&quot;https:\/\/www.wa.de\/politik\/tempest-kampfjet-nimmt-kurs-auf-trump-frankreich-auf-ego-trip-93738928.html&quot;,&quot;storyElementPosition&quot;:10,&quot;storyElementCount&quot;:36}}\" rel=\"nofollow noopener\" target=\"_blank\">wichtiger als die Zusammenarbeit<\/a>, urteilt das Magazin The Week. Martin Friis arbeitet mit an einer Korrektur: W\u00e4hrend der \u00dcbung Ramstein Flag h\u00e4tten 91 Flugzeuge aus 15 Nato-Staaten innerhalb von zwei Wochen m\u00f6gliche kollektive Reaktionen auf einen Angriff auf einen anderen Mitgliedsstaat ge\u00fcbt \u2013\u00a0der d\u00e4nische Oberst Friis hat die \u00dcbung koordiniert. \u201eWir wissen, dass wir beobachtet werden\u201c, sagte er der Moscow Times. Koordination ist das Eine, Waffentechnik das Andere: Gro\u00dfbritannien st\u00fcrmt k\u00fcnftig an die Front <a href=\"https:\/\/www.merkur.de\/politik\/35-gegner-eu-stellt-gegen-trumps-bomber-eigenen-kampf-auf-93712071.html\" class=\"id-import-Link\" data-id-ec=\"{&quot;sht&quot;:&quot;Container&quot;,&quot;shn&quot;:&quot;Story&quot;,&quot;p&quot;:{&quot;containerType&quot;:&quot;Paragraph&quot;,&quot;displayType&quot;:&quot;Paragraph InlineLink&quot;,&quot;type&quot;:&quot;INLINE_LINK&quot;,&quot;value&quot;:&quot;mit einem Flieger, den die Nato noch nicht gesehen hat&quot;,&quot;variant&quot;:&quot;standardLink&quot;,&quot;sponsored&quot;:false,&quot;linkHref&quot;:&quot;https:\/\/www.merkur.de\/politik\/35-gegner-eu-stellt-gegen-trumps-bomber-eigenen-kampf-auf-93712071.html&quot;,&quot;storyElementPosition&quot;:10,&quot;storyElementCount&quot;:36}}\" rel=\"nofollow noopener\" target=\"_blank\">mit einem Flieger, den die Nato noch nicht gesehen hat<\/a> \u2013 die \u201eTempest&#8220; (zu Deutsch: Sturm).<\/p>\n<p><img decoding=\"async\" class=\"id-RatioPlaceholder-element wv_story_el_image\" src=\"https:\/\/www.europesays.com\/de\/wp-content\/uploads\/2025\/07\/37978624-ukraine-krieg-russland-putin-selenskyj-trump-usa-nato-eu-kampfjet-f35-2p5bw7g6KUBG.jpg\" loading=\"lazy\"   height=\"618\" width=\"1100\" alt=\"Das Konzept des Kampfjets der Zukunft: die &#x201E;Tempest&#x201C; aus Gro&#xDF;britannien im angedeuteten Sturzflug\"\/>Kampfjet der Zukunft \u2013\u00a0das Team Tempest Future Combat Air System Concept: Mit der \u201eTempest\u201c \u2013\u00a0hier die Studie \u2013 will das Konsortium aus Gro\u00dfbritannien, Italien und Japan prinzipiell die Urform eines Drohnen-Mutterschiffes konstruieren \u2013 zumal, wenn die Maschine dank K\u00fcnstlicher Intelligenz auch unbemannt zu fliegen imstande sein wird. Aktuell erinnert sie noch an den bisher am vermutlich weitesten entwickelten Kampfjet, die US-amerikanische F-35. \u00a9\u00a0Annette Meadows \/ BAE SystemsKurs Russland: \u201eTempest\u201c gebaut, um \u201eauf Entfernungen zu operieren, die uns bisher nicht m\u00f6glich waren\u201c<\/p>\n<p class=\"id-StoryElement-paragraph\">\u201eSollte es jemals zu einem Krieg zwischen der Nato und Putins Russland kommen, w\u00fcrde die Maschine laut Experten von einem britischen Flugplatz starten, unentdeckt nach Russland fliegen, die feindliche Luftabwehr zerst\u00f6ren und anschlie\u00dfend den gesamten Weg zur\u00fcckfliegen\u201c, schreibt Matt Oliver. Die Euphorie des Autoren des britischen Telegraph wird von der britischen Luftwaffe mit Sicherheit geteilt, aber nicht best\u00e4tigt. Allerdings bekr\u00e4ftigt der ehemalige Royal Air Force (RAF)-Angeh\u00f6rige Jonny Moreton angesichts dessen, dass moderne Kriege \u00fcber immer gr\u00f6\u00dfere Distanzen gef\u00fchrt werden, dass Abschreckung gegen russische und chinesische Aggressionen bedeute, \u201eauf Entfernungen zu operieren, die uns bisher nicht m\u00f6glich waren\u201c, wie ihn der Telegraph zitiert.<\/p>\n<blockquote class=\"id-StoryElement-blockquote\">\n<p class=\"id-StoryElement-blockquote-text\">\u201eEr wird in einer v\u00f6llig anderen Liga spielen als alles, was wir je gebaut haben.\u201c<\/p>\n<\/blockquote>\n<p class=\"id-StoryElement-paragraph\">Moreton arbeitet mit an der \u201eTempest\u201c f\u00fcr die britische R\u00fcstungsschmiede BAE Systems; zum Konsortium geh\u00f6rt aber auch Japan. Insofern z\u00e4hlt neben dem Roten Platz in Moskau auch der Platz des Himmlischen Friedens in Peking zu den Destinationen der \u201eTempest\u201c-Konstrukteure. W\u00e4hrend sich Putins Truppen in der Ukraine festbei\u00dfen und verbluten, ist die Tempest ein manifestes Zeichen f\u00fcr ein mittlerweile <a href=\"https:\/\/www.merkur.de\/politik\/nato-ostflanke-warum-europa-stark-auf-eigene-waffen-setzen-muss-93718532.html\" class=\"id-import-Link\" data-id-ec=\"{&quot;sht&quot;:&quot;Container&quot;,&quot;shn&quot;:&quot;Story&quot;,&quot;p&quot;:{&quot;containerType&quot;:&quot;Paragraph&quot;,&quot;displayType&quot;:&quot;Paragraph InlineLink&quot;,&quot;type&quot;:&quot;INLINE_LINK&quot;,&quot;value&quot;:&quot;gest&#xE4;rktes Selbstbewusstsein der Verteidigungsallianz&quot;,&quot;variant&quot;:&quot;standardLink&quot;,&quot;sponsored&quot;:false,&quot;linkHref&quot;:&quot;https:\/\/www.merkur.de\/politik\/nato-ostflanke-warum-europa-stark-auf-eigene-waffen-setzen-muss-93718532.html&quot;,&quot;storyElementPosition&quot;:17,&quot;storyElementCount&quot;:36}}\" rel=\"nofollow noopener\" target=\"_blank\">gest\u00e4rktes Selbstbewusstsein der Verteidigungsallianz<\/a> \u2013\u00a0ein aktueller Bericht des Magazins Newsweek l\u00e4sst aufhorchen.<\/p>\n<p class=\"id-StoryElement-paragraph\">Nato-Kommandeur Christopher Donahue warnte darin, seine Streitkr\u00e4fte k\u00f6nnten die schwer befestigte russische Region Kaliningrad notfalls \u201ein einem noch nie da gewesenen Zeitrahmen\u201c einnehmen. Der Kommandeur der U.S. Army f\u00fcr Europa und Afrika machte diese Bemerkung, als das B\u00fcndnis am Mittwoch auf der ersten LandEuro-Konferenz der Association of the US Army einen neuen Verteidigungsplan f\u00fcr die Ostflanke vorstellte, wie Newsweek-Autor Jordan King aktuell schreibt. Den Mut dieser rhetorischen Attacke sch\u00f6pft Donahue wom\u00f6glich aus Papieren, die den Nato-Streitkr\u00e4ften zumindest in der Luft eine deutliche \u00dcberlegenheit bescheinigen, trotz aller Schw\u00e4chen zu Lande und teilweise auch zu Wasser \u2013\u00a0eines dieser Papiere hat jetzt der US-Thinktank Rand Corporation vorgelegt.<\/p>\n<p class=\"id-StoryElement-paragraph\">US- und Nato-Luftstreitkr\u00e4fte w\u00fcrden die russische Invasion eines europ\u00e4ischen Verb\u00fcndeten niederschlagen k\u00f6nnen, berichtet \u00fcber dieses Papier das Magazin Stars &amp; Stripes. <a href=\"https:\/\/www.merkur.de\/politik\/35b-jets-in-island-stationiert-nato-reagiert-in-der-arktis-auf-russland-zr-93253948.html\" class=\"id-import-Link\" data-id-ec=\"{&quot;sht&quot;:&quot;Container&quot;,&quot;shn&quot;:&quot;Story&quot;,&quot;p&quot;:{&quot;containerType&quot;:&quot;Paragraph&quot;,&quot;displayType&quot;:&quot;Paragraph InlineLink&quot;,&quot;type&quot;:&quot;INLINE_LINK&quot;,&quot;value&quot;:&quot;Demnach w&#xFC;rden die USA und ihre Verb&#xFC;ndeten den Luftraum gegen&#xFC;ber Russland dominieren&quot;,&quot;variant&quot;:&quot;standardLink&quot;,&quot;sponsored&quot;:false,&quot;linkHref&quot;:&quot;https:\/\/www.merkur.de\/politik\/35b-jets-in-island-stationiert-nato-reagiert-in-der-arktis-auf-russland-zr-93253948.html&quot;,&quot;storyElementPosition&quot;:20,&quot;storyElementCount&quot;:36}}\" rel=\"nofollow noopener\" target=\"_blank\">Demnach w\u00fcrden die USA und ihre Verb\u00fcndeten den Luftraum gegen\u00fcber Russland dominieren<\/a> und damit einen entscheidenden Vorteil auf dem Schlachtfeld erzielen k\u00f6nnen. Die \u201eTempest\u201c wird zu einer Korsettstange dieses Konfliktes werden.<\/p>\n<p>Nato-Speerspitze: Die Maschine soll Ma\u00dfst\u00e4be setzen. In Reichweite, Nutzlast und Datenfusion<\/p>\n<p class=\"id-StoryElement-paragraph\">Die Maschine soll Ma\u00dfst\u00e4be setzen. In Reichweite, Nutzlast und Datenfusion; wie\u00a0The War Zone (TWZ) berichtet, gingen die Konstrukteure davon aus, dass die Maschine ohne aufzutanken \u00fcber den Atlantik hinwegkommen soll. Dar\u00fcber hinaus solle sie das Doppelte einer F-35 an interner Nutzlast, also an Waffenlast, tragen k\u00f6nnen. Die F-35 l\u00e4dt etwas weniger als zweieinhalb Tonnen, die \u201eTempest\u201c soll etwas mehr als viereinhalb Tonnen Waffen bewegen k\u00f6nnen; mindestens. Neue Sch\u00e4tzungen gehen von einem Vielfachen davon aus. Auch die geplanten Netzwerkqualit\u00e4ten werden als bisher einzigartig angepriesen.<\/p>\n<p class=\"id-StoryElement-paragraph\">\u201e<a href=\"https:\/\/www.merkur.de\/politik\/ukraine-krieg-putin-russland-china-usa-trump-kampfjet-f35-16-biden-93766166.html\" class=\"id-import-Link\" data-id-ec=\"{&quot;sht&quot;:&quot;Container&quot;,&quot;shn&quot;:&quot;Story&quot;,&quot;p&quot;:{&quot;containerType&quot;:&quot;Paragraph&quot;,&quot;displayType&quot;:&quot;Paragraph InlineLink&quot;,&quot;type&quot;:&quot;INLINE_LINK&quot;,&quot;value&quot;:&quot;Es ist die Plattform, die das Spielfeld betritt und den Plan kennt&quot;,&quot;variant&quot;:&quot;standardLink&quot;,&quot;sponsored&quot;:false,&quot;linkHref&quot;:&quot;https:\/\/www.merkur.de\/politik\/ukraine-krieg-putin-russland-china-usa-trump-kampfjet-f35-16-biden-93766166.html&quot;,&quot;storyElementPosition&quot;:24,&quot;storyElementCount&quot;:36}}\" rel=\"nofollow noopener\" target=\"_blank\">Es ist die Plattform, die das Spielfeld betritt und den Plan kennt<\/a>\u201c, zitiert\u00a0TWZ\u00a0\u201eGroup Captain Bill\u201c von der RAF, der in einem BAE-Podcast die Maschine mit dem Quarterback im American Football vergleicht \u2013 also dem Spieler, der die B\u00e4lle verteilt: \u201eDer Quarterback muss die F\u00e4higkeit, die strategische Vision und die Reaktionsf\u00e4higkeit besitzen, um mit dem Spielverlauf zu Beginn umzugehen und dann zu entscheiden, wie er die Aufgaben an die verbleibenden Spieler auf dem Feld weitergibt, das Geschehen beobachtet und dann entscheidet, wie er das Ziel erreicht\u201c, sagt die RAF-Quelle.<\/p>\n<p class=\"id-StoryElement-paragraph\">Ob die \u201eWunderwaffe\u201c die Qualit\u00e4ten auch au\u00dferhalb des RAF-Eigenlobs zeigen kann, wird hoffentlich nie bewiesen werden m\u00fcssen \u2013\u00a0aber die Wahrscheinlichkeit wachse, sollte Russland den Ukraine-Krieg tats\u00e4chlich gewinnen, mutma\u00dfen die Analysten der RAND Corporation. \u201eEin klarer russischer Sieg im Krieg w\u00fcrde die Frage aufwerfen, ob nichtwestliche M\u00e4chte in der Lage sind, Aspekte des internationalen Systems neu zu gestalten\u201c, schreiben sie in ihrer aktuellen Prognose. Das System neu zu gestalten, hie\u00dfe wom\u00f6glich, Russland in genau die Schranken zu weisen, die Wladimir Putin als inakzeptabel ansieht.<\/p>\n<p>Putin soll wissen: \u201eTempest\u201c kann die Nato \u201evon einer Friedens- in eine Kriegsbereitschaftsposition\u201c bringen<\/p>\n<p class=\"id-StoryElement-paragraph\">Tats\u00e4chlich gehen auch die RAND-Analysten davon aus, <a href=\"https:\/\/www.merkur.de\/politik\/ruestungs-mega-deal-tausende-neue-panzer-rollen-gegen-putin-93819675.html\" class=\"id-import-Link\" data-id-ec=\"{&quot;sht&quot;:&quot;Container&quot;,&quot;shn&quot;:&quot;Story&quot;,&quot;p&quot;:{&quot;containerType&quot;:&quot;Paragraph&quot;,&quot;displayType&quot;:&quot;Paragraph InlineLink&quot;,&quot;type&quot;:&quot;INLINE_LINK&quot;,&quot;value&quot;:&quot;dass Russland vor allem infanteristisch und artilleristisch mit einem &#x201E;Blitzkrieg&#x201C;-&#xE4;hnlichen &#xDC;berfall&quot;,&quot;variant&quot;:&quot;standardLink&quot;,&quot;sponsored&quot;:false,&quot;linkHref&quot;:&quot;https:\/\/www.merkur.de\/politik\/ruestungs-mega-deal-tausende-neue-panzer-rollen-gegen-putin-93819675.html&quot;,&quot;storyElementPosition&quot;:28,&quot;storyElementCount&quot;:36}}\" rel=\"nofollow noopener\" target=\"_blank\">dass Russland vor allem infanteristisch und artilleristisch mit einem \u201eBlitzkrieg\u201c-\u00e4hnlichen \u00dcberfall<\/a> auf das Baltikum Boden schnell gutmachen w\u00fcrde. Der Sinn der Nato-Truppen im Baltikum ist der eines \u201eStolperdrahtes\u201c \u2013\u00a0der Angreifer soll aufgehalten werden, bis regul\u00e4re Kr\u00e4fte nachgesto\u00dfen sind und eine haltbare Verteidigung aufgezogen beziehungsweise den Angriff zur\u00fcckgeschlagen haben. \u00dcber die Effizienz der dortigen Truppen bestehen geteilte Meinungen.<\/p>\n<p class=\"id-StoryElement-paragraph\">Einhellig ist jedoch die Wertsch\u00e4tzung der Nato-Luftwaffe gegen\u00fcber Russlands Luftstreitmacht \u2013\u00a0die selbst im Ukraine-Krieg keinen entscheidenden Vorteil gegen\u00fcber der Ukraine hat erringen k\u00f6nnen. Statistischen Erhebungen zufolge bietet die Nato fast das F\u00fcnffache an \u00dcberlegenheit an Material \u2013\u00a0das m\u00f6glicherweise durch das Arsenal an Langstreckenraketen wieder etwas aufgewogen wird. Der \u201eTempest&#8220; jedenfalls wird zugeschrieben, dass sie Russland davon abh\u00e4lt, zur ultima Ratio zu greifen. Das scheinbar neue Selbstbewusstsein der Nato, von dem Newsweek spricht, ziele laut dem Autoren Jordan King darauf ab, \u201edas B\u00fcndnis von einer Friedens- in eine Kriegsbereitschaftsposition zu bringen\u201c, um jede Begehrlichkeit Russland auf nur das kleinste St\u00fcckchen Europas im Keim zu ersticken.<\/p>\n<p>In allem besser als F-35 und Eurofighter Typhoon:  \u201eEs wird in einer v\u00f6llig anderen Liga spielen<\/p>\n<p class=\"id-StoryElement-paragraph\">Die \u201eTempest\u201c muss also gar nicht k\u00f6nnen, was ihr im jetzigen fr\u00fchen Stadium ihrer Entwicklung zugeschrieben wird. Moskau muss lediglich glauben, dass sie letztendlich kann, was sie k\u00f6nnen soll. \u201e<a href=\"https:\/\/www.merkur.de\/politik\/rekordzeit-erobern-us-general-nato-koennte-kaliningrad-in-zr-93840916.html\" class=\"id-import-Link\" data-id-ec=\"{&quot;sht&quot;:&quot;Container&quot;,&quot;shn&quot;:&quot;Story&quot;,&quot;p&quot;:{&quot;containerType&quot;:&quot;Paragraph&quot;,&quot;displayType&quot;:&quot;Paragraph InlineLink&quot;,&quot;type&quot;:&quot;INLINE_LINK&quot;,&quot;value&quot;:&quot;Donahue sprach speziell &#xFC;ber Kaliningrad&quot;,&quot;variant&quot;:&quot;standardLink&quot;,&quot;sponsored&quot;:false,&quot;linkHref&quot;:&quot;https:\/\/www.merkur.de\/politik\/rekordzeit-erobern-us-general-nato-koennte-kaliningrad-in-zr-93840916.html&quot;,&quot;storyElementPosition&quot;:32,&quot;storyElementCount&quot;:36}}\" rel=\"nofollow noopener\" target=\"_blank\">Donahue sprach speziell \u00fcber Kaliningrad<\/a> und sagte, die modernen F\u00e4higkeiten der Alliierten k\u00f6nnten es schneller als je zuvor ,vom Boden zerst\u00f6ren\u2018\u201c, schreibt Jordan King. Kaliningrad ragt als Enklave geographisch ins Baltikum hinein, grenzt im S\u00fcden an Polen, im Norden und Osten an Litauen, und gilt als vorgeschobene Festung, von der aus auch Raketen auf Europa gestartet werden k\u00f6nnen.<\/p>\n<p>Die Nato w\u00e4chst und k\u00e4mpft: Alle Mitgliedstaaten und Eins\u00e4tze des B\u00fcndnisses<img decoding=\"async\" class=\"id-RatioPlaceholder-element wv_story_el_interstitialImage\" src=\"https:\/\/www.europesays.com\/de\/wp-content\/uploads\/2025\/04\/37680264-nato-einsatz-in-afghanistan-1UpX0ihnTQfe.jpg\" loading=\"lazy\"   height=\"2285\" width=\"3919\" alt=\"Nato-Einsatz in Afghanistan\"\/><a href=\"https:\/\/www.merkur.de\/politik\/buendnisses-die-nato-alle-mitgliedstaaten-und-einsaetze-des-zr-91900295.html\" class=\"id-StoryElement-intestitialLink-link\" data-id-ec=\"{\" shn=\"\" ansehen=\"\" data-k5a-pos=\"west_story_32_photoGalleryLink\" title=\"Zur Fotostrecke: Die Nato w&#xE4;chst und k&#xE4;mpft: Alle Mitgliedstaaten und Eins&#xE4;tze des B&#xFC;ndnisses\" rel=\"nofollow noopener\" target=\"_blank\">Fotostrecke ansehen<\/a><\/p>\n<p class=\"id-StoryElement-paragraph\">Kaliningrad dem Erdboden gleichzumachen w\u00e4re ein Aufgabengebiet f\u00fcr die \u201eTempest\u201c \u2013 das Konsortium unter britischer F\u00fchrung arbeitet einerseits daran, den Kampfjet so belastbar zu machen wie keinen Kampfjet zuvor, verbrauchs\u00e4rmer und deutlich unsichtbarer als alles, was sonst f\u00fcr den Westen fliegt. Die Ingenieure versuchen, die Bel\u00fcftung S-f\u00f6rmig durch den Rumpf zu leiten, die Maschine gr\u00f6\u00dfer zu bauen als vergleichbare Maschinen und die Nutzlast zu erh\u00f6hen. Die \u201eTempest\u201c soll vier Meter l\u00e4nger sein als eine F-35, und letztendlich mit 30 Tonnen Waffen sieben Tonnen mehr transportieren k\u00f6nnen als ein Eurofighter Typhoon. <a href=\"https:\/\/www.merkur.de\/politik\/china-macht-dampf-gegen-usa-kampfjet-35a-nun-einsatzbereit-zr-93831425.html\" class=\"id-import-Link\" data-id-ec=\"{&quot;sht&quot;:&quot;Container&quot;,&quot;shn&quot;:&quot;Story&quot;,&quot;p&quot;:{&quot;containerType&quot;:&quot;Paragraph&quot;,&quot;displayType&quot;:&quot;Paragraph InlineLink&quot;,&quot;type&quot;:&quot;INLINE_LINK&quot;,&quot;value&quot;:&quot;An Reichweite soll sie die F-35 um das Dreifache &#xFC;bertreffen&quot;,&quot;variant&quot;:&quot;standardLink&quot;,&quot;sponsored&quot;:false,&quot;linkHref&quot;:&quot;https:\/\/www.merkur.de\/politik\/china-macht-dampf-gegen-usa-kampfjet-35a-nun-einsatzbereit-zr-93831425.html&quot;,&quot;storyElementPosition&quot;:35,&quot;storyElementCount&quot;:36}}\" rel=\"nofollow noopener\" target=\"_blank\">An Reichweite soll sie die F-35 um das Dreifache \u00fcbertreffen<\/a> und die Typhoon um fast das Doppelte.<\/p>\n<p class=\"id-StoryElement-paragraph\">Francis Tusa ist von den Eckdaten des Kampfjets jedenfalls beeindruckt, wie der unabh\u00e4ngige Verteidigungsanalyst gegen\u00fcber dem Telegraph \u00fcber die F\u00e4higkeiten der britischen R\u00fcstungsindustrie bez\u00fcglich des Kampfjets ge\u00e4u\u00dfert hat: \u201eEr wird in einer v\u00f6llig anderen Liga spielen als alles, was wir je gebaut haben.\u201c<\/p>\n","protected":false},"excerpt":{"rendered":"Startseite Politik Stand: 19.07.2025, 18:04 Uhr Von: Karsten-Dirk Hinzmann DruckenTeilen 30 Tonnen Bomben auf Kaliningrad? Die Nato geht&hellip;\n","protected":false},"author":2,"featured_media":278118,"comment_status":"","ping_status":"","sticky":false,"template":"","format":"standard","meta":{"footnotes":""},"categories":[3],"tags":[13,14,15,12,10,8,9,11,103,104],"class_list":{"0":"post-278117","1":"post","2":"type-post","3":"status-publish","4":"format-standard","5":"has-post-thumbnail","7":"category-welt","8":"tag-headlines","9":"tag-nachrichten","10":"tag-news","11":"tag-schlagzeilen","12":"tag-top-news","13":"tag-top-meldungen","14":"tag-topmeldungen","15":"tag-topnews","16":"tag-welt","17":"tag-world"},"share_on_mastodon":{"url":"https:\/\/pubeurope.com\/@de\/114881070681621581","error":""},"_links":{"self":[{"href":"https:\/\/www.europesays.com\/de\/wp-json\/wp\/v2\/posts\/278117","targetHints":{"allow":["GET"]}}],"collection":[{"href":"https:\/\/www.europesays.com\/de\/wp-json\/wp\/v2\/posts"}],"about":[{"href":"https:\/\/www.europesays.com\/de\/wp-json\/wp\/v2\/types\/post"}],"author":[{"embeddable":true,"href":"https:\/\/www.europesays.com\/de\/wp-json\/wp\/v2\/users\/2"}],"replies":[{"embeddable":true,"href":"https:\/\/www.europesays.com\/de\/wp-json\/wp\/v2\/comments?post=278117"}],"version-history":[{"count":0,"href":"https:\/\/www.europesays.com\/de\/wp-json\/wp\/v2\/posts\/278117\/revisions"}],"wp:featuredmedia":[{"embeddable":true,"href":"https:\/\/www.europesays.com\/de\/wp-json\/wp\/v2\/media\/278118"}],"wp:attachment":[{"href":"https:\/\/www.europesays.com\/de\/wp-json\/wp\/v2\/media?parent=278117"}],"wp:term":[{"taxonomy":"category","embeddable":true,"href":"https:\/\/www.europesays.com\/de\/wp-json\/wp\/v2\/categories?post=278117"},{"taxonomy":"post_tag","embeddable":true,"href":"https:\/\/www.europesays.com\/de\/wp-json\/wp\/v2\/tags?post=278117"}],"curies":[{"name":"wp","href":"https:\/\/api.w.org\/{rel}","templated":true}]}}