{"id":278144,"date":"2025-07-19T17:40:10","date_gmt":"2025-07-19T17:40:10","guid":{"rendered":"https:\/\/www.europesays.com\/de\/278144\/"},"modified":"2025-07-19T17:40:10","modified_gmt":"2025-07-19T17:40:10","slug":"und-leben-de-krieg-nothilfe-seelsorge-ukraine-eindruecke-von-weihbischof-zekorn","status":"publish","type":"post","link":"https:\/\/www.europesays.com\/de\/278144\/","title":{"rendered":"und-Leben.de &#8211; Krieg, Nothilfe, Seelsorge: Ukraine-Eindr\u00fccke von Weihbischof Zekorn"},"content":{"rendered":"<p>Der Weihbischof besucht unter anderem Projekte im Land, die von den Katholiken im Bistum M\u00fcnster unterst\u00fctzt werden.<\/p>\n<p>\u00a0<\/p>\n<p>Dem Krieg entkommt er auch eher abseits der Frontlinie nicht: Bewegt teilt <a href=\"https:\/\/www.kirche-und-leben.de\/themen\/themenbereich\/zekorn-stefan\" target=\"_blank\" title=\"Berichte \u00fcber Weihbischof Zekorn\" rel=\"nofollow noopener\">Weihbischof Stefan Zekorn<\/a> aus M\u00fcnster Eindr\u00fccke seiner Reise durch den Westen der angegriffenen Ukraine. Der Besuch solle den Menschen dort \u201edie Solidarit\u00e4t der deutschen Katholiken zeigen\u201c, hatte <a href=\"https:\/\/www.kirche-und-leben.de\/artikel\/weihbischof-stefan-zekorn-bistum-muenster-ukraine-reise-wallfahrt-glaube-krieg-hilfe-kirche\" target=\"_blank\" rel=\"nofollow noopener\">Zekorn im Kirche+Leben-Interview<\/a> gesagt.<\/p>\n<p>In Lwiw (Lemberg) besuchte der Weihbischof, Beauftragter f\u00fcr Weltkirche im Bistum M\u00fcnster, gemeinsam mit dem r\u00f6misch-katholischen Erzbischof Mieczyslaw Mokrzycki einen Friedhof, auf dem inzwischen mehr als 1.100 Soldaten aus Lwiw begraben sind, die seit Beginn des russischen Angriffskriegs im Februar 2022 gefallen sind. Zekorn schreibt an Kirche+Leben, er habe an den Gr\u00e4bern vieler junger M\u00e4nner und auch junger Frauen gestanden: \u201eMeine Gef\u00fchle der Trauer und Best\u00fcrzung kann ich nicht in Worte fassen.\u201c<\/p>\n<p>Ordenshaus und Pfarrkirche<\/p>\n<p>Zekorn berichtet, sein Gastgeber und er h\u00e4tten gesehen, wie drei Beisetzungen f\u00fcr den heutigen Samstag vorbereitet worden seien. Die beiden Bisch\u00f6fe h\u00e4tten \u201elange f\u00fcr die Verstorbenen und ihre Familien gebetet\u201c.<\/p>\n<p>Eine weitere Station war ein Haus des Augustinerinnen-Ordens. Die Schwestern k\u00fcmmern sich um 20 obdachlose Frauen verschiedenen Alters und ihre Kinder. Die Einrichtung sei unter anderem mit Mitteln des Bistums M\u00fcnster finanziert worden, so der Weihbischof. Gleiches gelte in wesentlichen Teilen f\u00fcr den Bau einer Pfarrkirche in Lwiw, die er besuchte.<\/p>\n<p>\u201eSie alle im Bistum M\u00fcnster leisten diese Hilfe\u201c<\/p>\n<p>Zekorn betont, die Finanzhilfe h\u00e4tten \u201ealle, die in der Kirche sind\u201c, geleistet, weil das Bistum M\u00fcnster von ihren Kirchensteuern solche Projekte finanzieren k\u00f6nne.<\/p>\n<p>\u00a0<\/p>\n","protected":false},"excerpt":{"rendered":"Der Weihbischof besucht unter anderem Projekte im Land, die von den Katholiken im Bistum M\u00fcnster unterst\u00fctzt werden. \u00a0&hellip;\n","protected":false},"author":2,"featured_media":278145,"comment_status":"","ping_status":"","sticky":false,"template":"","format":"standard","meta":{"footnotes":""},"categories":[1843],"tags":[3364,29,30,16393,8970,1209],"class_list":{"0":"post-278144","1":"post","2":"type-post","3":"status-publish","4":"format-standard","5":"has-post-thumbnail","7":"category-muenster","8":"tag-de","9":"tag-deutschland","10":"tag-germany","11":"tag-kirche-und-leben-netz","12":"tag-muenster","13":"tag-nordrhein-westfalen"},"share_on_mastodon":{"url":"https:\/\/pubeurope.com\/@de\/114881129618602701","error":""},"_links":{"self":[{"href":"https:\/\/www.europesays.com\/de\/wp-json\/wp\/v2\/posts\/278144","targetHints":{"allow":["GET"]}}],"collection":[{"href":"https:\/\/www.europesays.com\/de\/wp-json\/wp\/v2\/posts"}],"about":[{"href":"https:\/\/www.europesays.com\/de\/wp-json\/wp\/v2\/types\/post"}],"author":[{"embeddable":true,"href":"https:\/\/www.europesays.com\/de\/wp-json\/wp\/v2\/users\/2"}],"replies":[{"embeddable":true,"href":"https:\/\/www.europesays.com\/de\/wp-json\/wp\/v2\/comments?post=278144"}],"version-history":[{"count":0,"href":"https:\/\/www.europesays.com\/de\/wp-json\/wp\/v2\/posts\/278144\/revisions"}],"wp:featuredmedia":[{"embeddable":true,"href":"https:\/\/www.europesays.com\/de\/wp-json\/wp\/v2\/media\/278145"}],"wp:attachment":[{"href":"https:\/\/www.europesays.com\/de\/wp-json\/wp\/v2\/media?parent=278144"}],"wp:term":[{"taxonomy":"category","embeddable":true,"href":"https:\/\/www.europesays.com\/de\/wp-json\/wp\/v2\/categories?post=278144"},{"taxonomy":"post_tag","embeddable":true,"href":"https:\/\/www.europesays.com\/de\/wp-json\/wp\/v2\/tags?post=278144"}],"curies":[{"name":"wp","href":"https:\/\/api.w.org\/{rel}","templated":true}]}}