{"id":278164,"date":"2025-07-19T17:50:15","date_gmt":"2025-07-19T17:50:15","guid":{"rendered":"https:\/\/www.europesays.com\/de\/278164\/"},"modified":"2025-07-19T17:50:15","modified_gmt":"2025-07-19T17:50:15","slug":"kaliningrad-us-general-droht-mit-eroberung-moskau-warnt-vor-weltkrieg","status":"publish","type":"post","link":"https:\/\/www.europesays.com\/de\/278164\/","title":{"rendered":"Kaliningrad: US-General droht mit Eroberung \u2013 Moskau warnt vor Weltkrieg"},"content":{"rendered":"<p class=\"dm-paragraph my-8 dm-article-content-width\" index=\"0\" should-collapse-on-mobile=\"true\" has-padding=\"\" data-v-586984a4=\"\">Es ist blo\u00df ein m\u00f6gliches Szenario, das ein hochrangiger US-Kommandeur in dieser Woche angesprochen hat \u2013 die Reaktion aus <a href=\"https:\/\/www.ksta.de\/politik\/ukraine-krieg\/ukraine-massive-explosionen-in-moskau-bericht-ueber-napalm-einsatz-1068701\" rel=\"nofollow noopener\" target=\"_blank\">Moskau<\/a> f\u00e4llt dennoch deutlich aus: Bei einer Konferenz in Wiesbaden hat sich der amerikanische Vier-Sterne-General Christopher Donahue in dieser Woche zu den Abschreckungspl\u00e4nen an der Nato-Ostflanke ge\u00e4u\u00dfert \u2013 und dabei auch \u00fcber Kaliningrad gesprochen.<\/p>\n<p class=\"dm-paragraph my-8 dm-article-content-width\" index=\"1\" should-collapse-on-mobile=\"true\" has-padding=\"\" data-v-586984a4=\"\">Mit Blick auf die kleine <a href=\"https:\/\/www.ksta.de\/politik\/ukraine-krieg\/litauen-bodentruppen-ukraine-macron-russland-krieg-kaliningrad-drohung-747992\" rel=\"nofollow noopener\" target=\"_blank\">russische Exklave<\/a>, die zwischen Polen und dem Baltikum liegt, erkl\u00e4rte Donahue, die US-Armee und ihre Verb\u00fcndeten seien mittlerweile \u2013 wenn n\u00f6tig \u2013 dazu in der Lage, Kaliningrad \u201ein einer noch nie dagewesenen Zeitspanne und schneller als jemals zuvor vom Boden aus einzunehmen\u201c.<\/p>\n<p>Bedrohung f\u00fcr Baltikum und Polen: Kaliningrad im Fokus<\/p>\n<p class=\"dm-paragraph my-8 dm-article-content-width\" index=\"3\" should-collapse-on-mobile=\"true\" has-padding=\"\" data-v-586984a4=\"\">Das brisante Gedankenspiel des Kommandeurs der US-Armee in Europa und Afrika geh\u00f6rt demnach zu einer neuen Verteidigungsinitiative der US-Armee sowie ihrer Nato-Verb\u00fcndeten, die als \u201eEastern Flank Deterrence Line\u201c bekannt ist. Ziel dabei sei es, der russischen Bedrohung entgegenzuwirken und die globale Abschreckung zu verbessern. Dabei sollen sich die Bem\u00fchungen zun\u00e4chst auf das Baltikum konzentrieren.<\/p>\n<p class=\"dm-paragraph my-8 dm-article-content-width\" index=\"5\" should-collapse-on-mobile=\"true\" has-padding=\"\" data-v-586984a4=\"\">Kaliningrad r\u00fcckt dabei aufgrund seiner geografischen Lage in den Fokus. Die dort von Russland stationierten ballistischen <a href=\"https:\/\/www.ksta.de\/politik\/ukraine-krieg\/putins-vize-flottenchef-getoetet-und-depot-zerstoert-z-blogger-schaeumen-1057185\" rel=\"nofollow noopener\" target=\"_blank\">Iskander-Raketen<\/a> k\u00f6nnten Ziele in gro\u00dfen Teilen Europas in k\u00fcrzester Zeit erreichen, darunter Warschau, Berlin und Kopenhagen.<\/p>\n<p>US-General: Kaliningrad k\u00f6nnte in Rekordzeit erobert werden<\/p>\n<p class=\"dm-paragraph my-8 dm-article-content-width\" index=\"7\" should-collapse-on-mobile=\"true\" has-padding=\"\" data-v-586984a4=\"\">Zuletzt hatte Polen bereits darauf gedr\u00e4ngt, dass der Westen der Gefahr durch die russischen Raketen in Kaliningrad begegnen m\u00fcsse. Das sei eine \u201edringende polnisch-deutsche Herausforderung\u201c, hatte <a href=\"https:\/\/www.ksta.de\/politik\/ukraine-krieg\/russland-greift-polnische-fabrik-mit-drohnen-an-wut-in-warschau-1066669\" rel=\"nofollow noopener\" target=\"_blank\">Polens Au\u00dfenminister Rados\u0142aw Sikorski<\/a> Ende Juni erkl\u00e4rt.<\/p>\n<p class=\"dm-paragraph my-8 dm-article-content-width\" index=\"9\" should-collapse-on-mobile=\"true\" has-padding=\"\" data-v-586984a4=\"\">Auch bei der Nato gibt es nun \u2013 wie Donahue nun durchblicken lie\u00df \u2013 augenscheinlich entsprechende Planungen, wie die russische Region in Osteuropa im Ernstfall durch westliche Truppen ausgeschaltet werden k\u00f6nnte. \u201eWir haben das Szenario bereits durchgespielt und Pl\u00e4ne f\u00fcr einen solchen Fall entwickelt\u201c, sagte der US-General einem Bericht des Washingtoner Portals \u201eDefense News\u201c zufolge mit Blick auf die Exklave.<\/p>\n<p>Moskau reagiert auf US-General: \u201eFeindselige, aggressive Aussagen\u201c<\/p>\n<p class=\"dm-paragraph my-8 dm-article-content-width\" index=\"11\" should-collapse-on-mobile=\"true\" has-padding=\"\" data-v-586984a4=\"\">Die <a href=\"https:\/\/www.ksta.de\/politik\/ukraine-krieg\/moskau-verspottet-trumps-super-ultimatum-und-droht-europa-1065936\" rel=\"nofollow noopener\" target=\"_blank\">Reaktion aus Moskau<\/a> auf die \u00c4u\u00dferungen des Generals folgte prompt: \u201eDas ist eine weitere Aussage in einer Reihe solcher feindseligen, aggressiven Aussagen, die wir mittlerweile h\u00e4ufig von Vertretern der Verteidigungsministerien europ\u00e4ischer L\u00e4nder h\u00f6ren\u201c, kommentierte Kremlsprecher Dmitri Peskow nach Angaben der staatlichen Agentur RIA Novosti die Warnung Donahues. Russland sei \u201enat\u00fcrlich gezwungen\u201c, die \u00c4u\u00dferungen \u201ezu ber\u00fccksichtigen\u201c und Ma\u00dfnahmen zu greifen, um die eigene Sicherheit zu gew\u00e4hrleisten, f\u00fcgte der Kremlsprecher an.<\/p>\n<p class=\"dm-paragraph my-8 dm-article-content-width\" index=\"12\" should-collapse-on-mobile=\"true\" has-padding=\"\" data-v-586984a4=\"\">Deutlicher wurde derweil der Vorsitzende des Duma-Ausschusses f\u00fcr internationale Angelegenheiten, Leonid Sluzki. US-General Donahue m\u00fcsse sich dar\u00fcber bewusst sein, dass ein Angriff auf Kaliningrad gleichbedeutend mit einem \u201eAngriff auf Russland\u201c sei und entsprechende Gegenma\u00dfnahmen zur Folge h\u00e4tte, warnte Sluzki nach Angaben der staatlichen Nachrichtenagentur Tass.<\/p>\n<p>Russischer Duma-Abgeordneter droht mit Atomwaffen und Weltkrieg<\/p>\n<p class=\"dm-paragraph my-8 dm-article-content-width\" index=\"14\" should-collapse-on-mobile=\"true\" has-padding=\"\" data-v-586984a4=\"\">Auch der Einsatz von Atomwaffen sei gem\u00e4\u00df der russischen Nukleardoktrin in diesem Fall denkbar, drohte der nationalistische Politiker weiter. \u00dcberlegungen, die russische Exklave zu erobern, k\u00e4men einem \u201ePlan zur Entfesselung eines Dritten Weltkriegs gleich, bei dem es keine Sieger geben wird\u201c, betonte Sluzki au\u00dferdem.\u00a0<\/p>\n<p><img decoding=\"async\" width=\"1024\" height=\"576\" loading=\"lazy\" onerror=\"this.setAttribute('data-error', 1)\" class=\"current-image dm-figure__image dm-figure__image--undefined undefined\" data-nuxt-pic=\"\" src=\"https:\/\/www.europesays.com\/de\/wp-content\/uploads\/2025\/07\/83ee58ef-0365-4c9c-a1f8-f957ee04ddc7.jpeg\"  \/><\/p>\n<p class=\"dm-figure__copyright\" data-v-72e429ff=\"\">Copyright: dpa<\/p>\n<p class=\"dm-paragraph my-8 dm-article-content-width\" index=\"16\" should-collapse-on-mobile=\"true\" has-padding=\"\" data-v-586984a4=\"\">Andrej Kolesnik, Duma-Abgeordneter aus Kaliningrad, spottete derweil \u00fcber die Gedankenspiele des Nato-Generals. \u201eVielleicht ist er mit dem falschen Fu\u00df aufgestanden, um solche Aussagen zu machen\u201c, sagte Kolesnik im Gespr\u00e4ch mit der russischen Zeitung \u201eLenta\u201c und zeigte sich betont unbeeindruckt von der Warnung des US-Generals. Die USA und die Nato h\u00e4tten \u201enicht den Mut\u201c, derartige Pl\u00e4ne in die Tat umzusetzen, prognostizierte Kolesnik.\u00a0<\/p>\n<p>Kaliningrad: Konstante Bedrohung f\u00fcr Baltikum und Polen<\/p>\n<p class=\"dm-paragraph my-8 dm-article-content-width\" index=\"18\" should-collapse-on-mobile=\"true\" has-padding=\"\" data-v-586984a4=\"\">Es ist unterdessen nicht das erste Mal seit Beginn von Russlands illegalem Angriffskrieg gegen die Ukraine, dass Kaliningrad in den Fokus ger\u00e4t. \u201eWenn Russland es wagt, die Nato herauszufordern, wird Kaliningrad das erste Land sein, das \u201aneutralisiert\u2018 wird\u201c, hatte bereits im Februar 2024 <a href=\"https:\/\/www.ksta.de\/politik\/ukraine-krieg\/litauen-bodentruppen-ukraine-macron-russland-krieg-kaliningrad-drohung-747992\" rel=\"nofollow noopener\" target=\"_blank\">der litauische Diplomat Linas Linkevi\u010dius gewarnt<\/a>.<\/p>\n<p class=\"dm-paragraph my-8 dm-article-content-width\" index=\"19\" should-collapse-on-mobile=\"true\" has-padding=\"\" data-v-586984a4=\"\">Insbesondere im Baltikum und in Polen sieht man sich durch die N\u00e4he zu der russischen Exklave, die fr\u00fcher als K\u00f6nigsberg bekannt war, unmittelbar bedroht. Russland k\u00f6nnte das Baltikum dort mit wenig Aufwand von der Landversorgung abschneiden, indem es die sogenannte Suwa\u0142ki-L\u00fccke blockiert. Der nur rund 65 Kilometer breite Landstreifen liegt zwischen Kaliningrad und Belarus und verbindet Polen mit Litauen.\u00a0<\/p>\n<p>Kaliningrad im Fokus: Russland modernisiert offenbar Raketenbasis<\/p>\n<p class=\"dm-paragraph my-8 dm-article-content-width\" index=\"21\" should-collapse-on-mobile=\"true\" has-padding=\"\" data-v-586984a4=\"\">Auch die dort stationieren Raketen sind f\u00fcr die direkten Nachbarl\u00e4nder eine konstante Bedrohung. Mitte Juni hatte <a target=\"_blank\" href=\"https:\/\/www.svt.se\/nyheter\/utrikes\/bilder-har-rustar-ryssland-upp-karnvapenbas-27-mil-fran-sverige\" rel=\"nofollow noopener\">der schwedische Sender SVT<\/a> anhand von Satellitenbildern \u00fcber Modernisierungsma\u00dfnahmen der russischen Armee in Kaliningrad berichtet.<\/p>\n<p><a href=\"https:\/\/www.ksta.de\/politik\/ukraine-krieg\/putin-gefaehrte-dmitri-medwedew-entlarvt-moskaus-faschismus-parasiten-praeventivschlaege-1068130\" class=\"dm-imagefeat__imagecontainer dm-imagefeat relative\" data-v-d81621e6=\"\" rel=\"nofollow noopener\" target=\"_blank\"><img decoding=\"async\" width=\"2148\" height=\"1208\" alt=\"Dmitri Medwedew, stellvertretender Vorsitzender des russischen Sicherheitsrates und Vorsitzender der Partei \u201eEiniges Russland\u201c, bei der Milit\u00e4rparade zum Tag des Sieges. (Archivbild)\" loading=\"lazy\" onerror=\"this.setAttribute('data-error', 1)\" class=\"dm-imagefeat__image w-full aspect-square sm:aspect-auto aspect-video\" style=\"aspect-ratio:1;\" data-nuxt-pic=\"\" src=\"https:\/\/www.europesays.com\/de\/wp-content\/uploads\/2025\/07\/979f1f36-4d9c-45ab-ac57-31f6eebb6b9a.jpeg\"  \/><\/a><\/p>\n<p class=\"dm-paragraph my-8 dm-article-content-width\" index=\"23\" should-collapse-on-mobile=\"true\" has-padding=\"\" data-v-586984a4=\"\">An einer mutma\u00dflichen geheimen Lagerst\u00e4tte f\u00fcr Atomwaffen seien umfangreiche Umbauma\u00dfnahmen durchgef\u00fchrt worden, berichtete der skandinavische Sender. Polen Au\u00dfenminister Sikorski hatte zuvor erkl\u00e4rt, dass auf dem Gel\u00e4nde bis zu 100 taktische Atomsprengk\u00f6pfe gelagert werden k\u00f6nnten. Die nun von US-Armee und Nato entwickelten Szenarien f\u00fcr einen m\u00f6glichen Ernstfall d\u00fcrften den Ma\u00dfnahmen aus russischer Seite Rechnung tragen.\u00a0\u00a0<\/p>\n","protected":false},"excerpt":{"rendered":"Es ist blo\u00df ein m\u00f6gliches Szenario, das ein hochrangiger US-Kommandeur in dieser Woche angesprochen hat \u2013 die Reaktion&hellip;\n","protected":false},"author":2,"featured_media":278165,"comment_status":"","ping_status":"","sticky":false,"template":"","format":"standard","meta":{"footnotes":""},"categories":[3977],"tags":[331,332,13,14,15,12,4017,4018,4016,64,4019,4020],"class_list":{"0":"post-278164","1":"post","2":"type-post","3":"status-publish","4":"format-standard","5":"has-post-thumbnail","7":"category-usa","8":"tag-aktuelle-nachrichten","9":"tag-aktuelle-news","10":"tag-headlines","11":"tag-nachrichten","12":"tag-news","13":"tag-schlagzeilen","14":"tag-united-states","15":"tag-united-states-of-america","16":"tag-us","17":"tag-usa","18":"tag-vereinigte-staaten","19":"tag-vereinigte-staaten-von-amerika"},"share_on_mastodon":{"url":"https:\/\/pubeurope.com\/@de\/114881169155695521","error":""},"_links":{"self":[{"href":"https:\/\/www.europesays.com\/de\/wp-json\/wp\/v2\/posts\/278164","targetHints":{"allow":["GET"]}}],"collection":[{"href":"https:\/\/www.europesays.com\/de\/wp-json\/wp\/v2\/posts"}],"about":[{"href":"https:\/\/www.europesays.com\/de\/wp-json\/wp\/v2\/types\/post"}],"author":[{"embeddable":true,"href":"https:\/\/www.europesays.com\/de\/wp-json\/wp\/v2\/users\/2"}],"replies":[{"embeddable":true,"href":"https:\/\/www.europesays.com\/de\/wp-json\/wp\/v2\/comments?post=278164"}],"version-history":[{"count":0,"href":"https:\/\/www.europesays.com\/de\/wp-json\/wp\/v2\/posts\/278164\/revisions"}],"wp:featuredmedia":[{"embeddable":true,"href":"https:\/\/www.europesays.com\/de\/wp-json\/wp\/v2\/media\/278165"}],"wp:attachment":[{"href":"https:\/\/www.europesays.com\/de\/wp-json\/wp\/v2\/media?parent=278164"}],"wp:term":[{"taxonomy":"category","embeddable":true,"href":"https:\/\/www.europesays.com\/de\/wp-json\/wp\/v2\/categories?post=278164"},{"taxonomy":"post_tag","embeddable":true,"href":"https:\/\/www.europesays.com\/de\/wp-json\/wp\/v2\/tags?post=278164"}],"curies":[{"name":"wp","href":"https:\/\/api.w.org\/{rel}","templated":true}]}}