{"id":278242,"date":"2025-07-19T18:33:11","date_gmt":"2025-07-19T18:33:11","guid":{"rendered":"https:\/\/www.europesays.com\/de\/278242\/"},"modified":"2025-07-19T18:33:11","modified_gmt":"2025-07-19T18:33:11","slug":"lesbisch-schwules-stadtfest-zieht-am-ersten-tag-tausende-an","status":"publish","type":"post","link":"https:\/\/www.europesays.com\/de\/278242\/","title":{"rendered":"Lesbisch-Schwules Stadtfest zieht am ersten Tag Tausende an"},"content":{"rendered":"<p class=\"tspAQhe\">Der Regenbogenkiez um den Nollendorfplatz in Sch\u00f6neberg war am Sonnabend bereits Ziel von Tausenden Besucherinnen und Besuchern. Am ersten Tag des <a href=\"https:\/\/www.tagesspiegel.de\/gesellschaft\/queerspiegel\/lesbisch-schwules-stadtfest-in-schoneberg-wenn-die-queere-community-im-regenbogenkiez-feiert-13995341.html?icid=in-text-link_14052230\" class=\"link link--internal\" data-gtm-class=\"article-text-link\" data-gtm-val=\"internal\" target=\"_blank\" rel=\"noopener\">Lesbisch-schwulen Stadtfests<\/a> kamen auch Politiker vorbei \u2013 zum Beispiel Berlins Regierender B\u00fcrgermeister Kai Wegner (CDU). <\/p>\n<p class=\"tspAQhe\">Am Stand vom Verband Lesben und Schwule in der Union (LSU) bekam Wegner ein T-Shirt mit der Aufschrift \u201eDem deutschen Zirkus\u201c geschenkt \u2013 eine Anspielung auf die viel kritisierte \u00c4u\u00dferung seines Parteifreunds Friedrich Merz. Der hatte sich damit hinter den Kurs von Bundestagspr\u00e4sidentin Julia Kl\u00f6ckner (CDU) zum Christopher Street Day in Berlin gestellt.\u00a0<\/p>\n<p><img decoding=\"async\" src=\"https:\/\/www.europesays.com\/de\/wp-content\/uploads\/2025\/07\/lesbisch-schwules-stadtfest-in-berlin.jpeg\" alt=\"\" aria-labelledby=\"caption-14052935\" loading=\"lazy\" class=\"tspBLky\"\/> Kai Wegner, Regierender B\u00fcrgermeister von Berlin, bekam am Stand vom Verband Lesben und Schwule in der Union (LSU) ein T-Shirt mit der Aufschrift \u201eDem deutschen Zirkus\u201c geschenkt. <\/p>\n<p class=\"tspACfq\"> \u00a9 dpa\/Christophe Gateau <\/p>\n<p class=\"tspAQhe\">Bei einer Podiumsdiskussion begr\u00fc\u00dfte die Frauenrechtlerin Seyran Ate\u015f die <a href=\"https:\/\/www.tagesspiegel.de\/berlin\/wohnungskundigung-und-anderungen-im-umgangsrecht-berlins-justizsenatorin-will-frauen-besser-vor-gewalttatigen-partnern-schutzen-13913266.html?icid=in-text-link_14052230\" class=\"link link--internal\" data-gtm-class=\"article-text-link\" data-gtm-val=\"internal\" target=\"_blank\" rel=\"noopener\">geplante Einf\u00fchrung der elektronischen Fu\u00dffessel in Berlin<\/a> verteidigt. \u201eDie elektronische Fu\u00dffessel wird Leben retten\u201c, sagte Ate\u015f. \u201eDas h\u00e4tte auch sehr vielen meiner Mandantinnen geholfen\u201c, erg\u00e4nzte Ate\u015f, die fr\u00fcher als Anw\u00e4ltin gearbeitet hat. <\/p>\n<p class=\"tspAQhe\">CDU und SPD haben sich Ende Juni darauf verst\u00e4ndigt, dass Gerichte das Tragen einer elektronischen Fu\u00dffessel bei F\u00e4llen von h\u00e4uslicher Gewalt anordnen k\u00f6nnen. Die Ma\u00dfnahme ist Teil der Novelle des Allgemeinen Sicherheits- und Ordnungsgesetzes (ASOG) und soll Verst\u00f6\u00dfe gegen gerichtliche Kontakt- und N\u00e4herungsverbote verhindern. Vorbild ist Spanien, wo die Fu\u00dffessel bereits angewendet wird.<\/p>\n<p><img decoding=\"async\" src=\"https:\/\/www.europesays.com\/de\/wp-content\/uploads\/2025\/07\/nie-wieder-ist-jetzt-lesung-im-deutschen-theater.jpeg\" alt=\"\" aria-labelledby=\"caption-12418568\" loading=\"lazy\" class=\"tspBLky\"\/> Seyran Ate\u015f <\/p>\n<p class=\"tspACfq\"> \u00a9 Jens Kalaene\/dpa <\/p>\n<p class=\"tspAQhe\">Ate\u015f war am Sonnabend Gast auf dem Podium beim Lesbisch-Schwulen Stadtfest, zusammen mit dem ehemaligen Regierenden B\u00fcrgermeister Michael M\u00fcller (SPD), Ex-Sozialsenatorin Elke Breitenbach (ehemals Linke) und Gulya Sultanova, eine russische B\u00fcrgerrechtlerin und queere Aktivistin, die im Exil in Estland lebt.<\/p>\n<p> Kritik an Bundeskanzler Merz <\/p>\n<p class=\"tspAQhe\">Das Motto der auch als Motzstra\u00dfenfest bekannten Veranstaltung lautet: \u201eWir haben viel zu verlieren, unsere Feinde schlafen nicht\u201c.<\/p>\n<p class=\"tspAQhe\">Stadtfest-Gr\u00fcnder Gerhard Hoffmann kritisierte unter anderem, dass Frauenrechte und queere Rechte durch konservative muslimische Gruppierungen in Berlin unter Druck geraten. Als Beispiel nannte er den <a href=\"https:\/\/www.tagesspiegel.de\/wissen\/petition-gegen-die-charite-muslimische-studierendengruppe-sieht-sich-diskriminiert-14031953.html?icid=in-text-link_14052230\" class=\"link link--internal\" data-gtm-class=\"article-text-link\" data-gtm-val=\"internal\" target=\"_blank\" rel=\"noopener\">Fall der muslimischen Studierendengruppe MedIslam Collective<\/a>, die bei einer Veranstaltung eine Geschlechtertrennung bei der Sitzordnung vorgenommen haben soll. <\/p>\n<p class=\"tspAQhe\">Kritik gab es auch f\u00fcr Bundeskanzler Friedrich Merz (CDU), der die Entscheidung der Bundestagspr\u00e4sidenten Julia Kl\u00f6ckner, <a href=\"https:\/\/www.tagesspiegel.de\/berlin\/schwarz-rot-gold-nahezu-durch-nichts-zu-toppen-klockner-verteidigt-ihr-vorgehen-beim-berliner-csd-abermals-13937086.html?icid=in-text-link_14052230\" class=\"link link--internal\" data-gtm-class=\"article-text-link\" data-gtm-val=\"internal\" target=\"_blank\" rel=\"noopener\">zum Berliner CSD auf dem Bundestag nicht die Regenbogenflagge zu hissen<\/a>, verteidigt hatte. \u201eHerr Merz ist nicht f\u00fcr uns\u201c, sagte Hoffmann.<\/p>\n<p class=\"tspAQhe\">Das Lesbisch-Schwule Stadtfest findet zum 31. Mal statt. Mehrere Senatsmitglieder besuchten die Veranstaltung am Sonnabend, darunter der Regierende B\u00fcrgermeister Kai Wegner, Finanzsenator Stefan Evers (beide CDU) und Sozialsenatorin Cansel Kiziltepe (SPD). Das Fest wird am Sonntag fortgesetzt.<\/p>\n<p class=\"tspAQhe\">Im Sch\u00f6neberger Regenbogenkiez wird traditionell am Wochenende vor dem <a href=\"https:\/\/www.tagesspiegel.de\/gesellschaft\/themen\/christopher-street-day?icid=in-text-link_14052230\" class=\"link link--internal\" data-gtm-class=\"article-text-link\" data-gtm-val=\"internal\" target=\"_blank\" rel=\"noopener\">Berliner \u201eChristopher Street Day\u201c<\/a> gro\u00df gefeiert. Der Veranstalter, der Regenbogenfonds der schwulen Wirte, rechnete im Vorfeld mit mehr als 350.000 Besucher*innen, was das Fest zu Europas gr\u00f6\u00dftem Stadtfest f\u00fcr die queere Community mache. <\/p>\n<p> Mehr zum Thema <a href=\"https:\/\/www.tagesspiegel.de\/gesellschaft\/queerspiegel\/lesbisch-schwules-stadtfest-in-schoneberg-wenn-die-queere-community-im-regenbogenkiez-feiert-13995341.html?icid=topic-list_14052230___\" data-gtm-class=\"article-mzt-link\" class=\"tspCNoj\" target=\"_blank\" rel=\"noopener\">Lesbisch-Schwules Stadtfest in Sch\u00f6neberg Wenn die queere Community im Regenbogenkiez feiert <\/a><a href=\"https:\/\/www.tagesspiegel.de\/gesellschaft\/queerspiegel\/hunderttausende-bei-demo-in-berlin-erwartet-die-stimmung-auf-dem-christopher-street-day-wird-anders-sein-als-sonst-14038187.html?icid=topic-list_14052230___\" data-gtm-class=\"article-mzt-link\" class=\"tspCNoj\" target=\"_blank\" rel=\"noopener\">Hunderttausende bei Demo in Berlin erwartet \u201eDie Stimmung auf dem Christopher Street Day wird anders sein als sonst\u201c <\/a><\/p>\n<p class=\"tspAQhe\">Auf dem Motzstra\u00dfenfest pr\u00e4sentieren sich viele queere Projekte, Initiativen, Vereine, L\u00e4den und Parteien und geben Einblick in ihre Arbeit. Auch die Queerspiegel-Redaktion des Tagesspiegel war mit einem Stand vertreten. Das Fest entstand Anfang der 90er-Jahre auch als Reaktion auf die Zunahme rechter Gewalt nach dem Mauerfall.<\/p>\n","protected":false},"excerpt":{"rendered":"Der Regenbogenkiez um den Nollendorfplatz in Sch\u00f6neberg war am Sonnabend bereits Ziel von Tausenden Besucherinnen und Besuchern. Am&hellip;\n","protected":false},"author":2,"featured_media":278243,"comment_status":"","ping_status":"","sticky":false,"template":"","format":"standard","meta":{"footnotes":""},"categories":[1825],"tags":[296,31,82894,43,29,775,30,2384,184,528],"class_list":{"0":"post-278242","1":"post","2":"type-post","3":"status-publish","4":"format-standard","5":"has-post-thumbnail","7":"category-berlin","8":"tag-berlin","9":"tag-cdu","10":"tag-christopher-street-day-2025","11":"tag-deutscher-bundestag","12":"tag-deutschland","13":"tag-friedrich-merz","14":"tag-germany","15":"tag-kai-wegner","16":"tag-spd","17":"tag-tempelhof-schoeneberg"},"share_on_mastodon":{"url":"https:\/\/pubeurope.com\/@de\/114881338226837759","error":""},"_links":{"self":[{"href":"https:\/\/www.europesays.com\/de\/wp-json\/wp\/v2\/posts\/278242","targetHints":{"allow":["GET"]}}],"collection":[{"href":"https:\/\/www.europesays.com\/de\/wp-json\/wp\/v2\/posts"}],"about":[{"href":"https:\/\/www.europesays.com\/de\/wp-json\/wp\/v2\/types\/post"}],"author":[{"embeddable":true,"href":"https:\/\/www.europesays.com\/de\/wp-json\/wp\/v2\/users\/2"}],"replies":[{"embeddable":true,"href":"https:\/\/www.europesays.com\/de\/wp-json\/wp\/v2\/comments?post=278242"}],"version-history":[{"count":0,"href":"https:\/\/www.europesays.com\/de\/wp-json\/wp\/v2\/posts\/278242\/revisions"}],"wp:featuredmedia":[{"embeddable":true,"href":"https:\/\/www.europesays.com\/de\/wp-json\/wp\/v2\/media\/278243"}],"wp:attachment":[{"href":"https:\/\/www.europesays.com\/de\/wp-json\/wp\/v2\/media?parent=278242"}],"wp:term":[{"taxonomy":"category","embeddable":true,"href":"https:\/\/www.europesays.com\/de\/wp-json\/wp\/v2\/categories?post=278242"},{"taxonomy":"post_tag","embeddable":true,"href":"https:\/\/www.europesays.com\/de\/wp-json\/wp\/v2\/tags?post=278242"}],"curies":[{"name":"wp","href":"https:\/\/api.w.org\/{rel}","templated":true}]}}