{"id":278389,"date":"2025-07-19T19:56:16","date_gmt":"2025-07-19T19:56:16","guid":{"rendered":"https:\/\/www.europesays.com\/de\/278389\/"},"modified":"2025-07-19T19:56:16","modified_gmt":"2025-07-19T19:56:16","slug":"mareile-hoeppner-appelliert-das-alter-ist-keine-grenze","status":"publish","type":"post","link":"https:\/\/www.europesays.com\/de\/278389\/","title":{"rendered":"Mareile H\u00f6ppner appelliert: &#8222;Das Alter ist keine Grenze&#8220;"},"content":{"rendered":"<p>&#8222;Das Alter ist keine Grenze&#8220;<\/p>\n<p>Mareile H\u00f6ppner appelliert: \u00c4ltere Frauen geh\u00f6ren ins Fernsehen<\/p>\n<p><img decoding=\"async\" data-hk=\"008350a12011002010\" loading=\"lazy\" src=\"https:\/\/www.europesays.com\/de\/wp-content\/uploads\/2025\/07\/1752954975_299_ad4cb081-0a4e-4759-a499-d9a98a30d69a.c1b498b8-06e5-429d-8fec-217a418856cc.jpg\" alt=\"Julian\" width=\"48\" height=\"48\"\/>Julian Nuhanovicvon <a href=\"https:\/\/www.bunte.de\/autoren\/julian-nuhanovic_25b5e0f5-733a-40da-ad10-895f9a85b3bd.html\" rel=\"nofollow noopener\" target=\"_blank\">Julian Nuhanovic<\/a><\/p>\n<p>19.07.2025, 19:30 Uhr<\/p>\n<p>19. Juli 2025 um 19:30 Uhr<\/p>\n<p>Mareile H\u00f6ppner steht als Fernsehmoderatorin selbst oft vor der Kamera \u2013 im NDR betont sie, wie wichtig Sichtbarkeit f\u00fcr Frauen im Alter im TV ist.\n<\/p>\n<p>Als deutsche Fernsehmoderatorin steht <a href=\"https:\/\/www.bunte.de\/starprofile\/mareile-hoeppner.html\" rel=\"follow nofollow noopener\" target=\"_self\">Mareile H\u00f6ppner<\/a> (48) regelm\u00e4\u00dfig vor der Kamera. Auch abseits des Studios ist sie viel unterwegs \u2013 sie pendelt zwischen ihrer Wahlheimat Berlin und ihrem Arbeitsort K\u00f6ln. K\u00fcrzlich war sie in der NDR-Sendung &#8222;DAS!&#8220; zu Gast, wo sie einen wichtigen Appell an und auch f\u00fcr \u00e4ltere Frauen richtete.<\/p>\n<p><img decoding=\"async\" data-hk=\"008350a1901004010\" loading=\"lazy\"  src=\"https:\/\/www.europesays.com\/de\/wp-content\/uploads\/2025\/07\/fdfc6b50-984c-48f0-a541-605bb181314a.8235c2b5-e505-4b04-a372-b3346c91431d.jpg\"  alt=\"Mareile H\u00f6ppner \u00fcber das \u00c4lterwerden im Fernsehen\" width=\"1280\" height=\"720\"\/> Mareile H\u00f6ppner \u00fcber das \u00c4lterwerden im Fernsehen  gettyimages Mareile H\u00f6ppner fordert mehr Sichtbarkeit \u00e4lterer Frauen im TV<\/p>\n<p>Dabei macht Mareile H\u00f6ppner deutlich, wie wichtig ihr das Thema ist: &#8222;Ich finde es auch so wichtig, dass Frauen, die \u00e4lter werden, total pr\u00e4sent sind.\u201c Sie warnt davor, \u00e4lteren Frauen mediale Pr\u00e4senz abzusprechen: &#8222;Es w\u00e4re schlimmer, wenn da jetzt eine L\u00fccke entstehen w\u00fcrde und man sagen w\u00fcrde, okay, also in dem Alter sehen wir das nicht mehr.&#8220; H\u00f6ppner weiter: &#8222;Ich liebe Filme, die von Frauen erz\u00e4hlen, die ein bisschen \u00e4lter sind und das im Fernsehen stattfindet.&#8220;<\/p>\n<p>ANZEIGE<\/p>\n<p>F\u00fcr sie ist klar: &#8222;Ich finde es einfach gro\u00dfartig und das Alter ist keine Grenze, sondern es geht nur anders weiter.\u201c Auf die Frage, ob es f\u00fcr sie okay sei, wenn man das Alter im Gesicht sehe, antwortet sie mit einem Lachen: &#8222;Ja also man sieht es ja, das wei\u00df ich und das ist auch okay.&#8220;<\/p>\n<p>Fans feiern Mareile H\u00f6ppner f\u00fcr ihre klare Haltung<\/p>\n<p>F\u00fcr ihre klaren Worte bekommt Mareile H\u00f6ppner in den Kommentaren viel Zuspruch. Zahlreiche Nutzer feiern ihre Haltung \u2013 mit Kommentaren wie &#8222;Lieb dich daf\u00fcr einfach&#8220;, &#8222;Du sprichst wahre Worte&#8220; oder &#8222;Sehe ich genauso&#8220;, begleitet von vielen Herz-Emojis.<\/p>\n","protected":false},"excerpt":{"rendered":"&#8222;Das Alter ist keine Grenze&#8220; Mareile H\u00f6ppner appelliert: \u00c4ltere Frauen geh\u00f6ren ins Fernsehen Julian Nuhanovicvon Julian Nuhanovic 19.07.2025,&hellip;\n","protected":false},"author":2,"featured_media":278390,"comment_status":"","ping_status":"","sticky":false,"template":"","format":"standard","meta":{"footnotes":""},"categories":[1776],"tags":[1801,29,214,30,1802,215],"class_list":{"0":"post-278389","1":"post","2":"type-post","3":"status-publish","4":"format-standard","5":"has-post-thumbnail","7":"category-prominente","8":"tag-celebrities","9":"tag-deutschland","10":"tag-entertainment","11":"tag-germany","12":"tag-prominente","13":"tag-unterhaltung"},"share_on_mastodon":{"url":"https:\/\/pubeurope.com\/@de\/114881664393547926","error":""},"_links":{"self":[{"href":"https:\/\/www.europesays.com\/de\/wp-json\/wp\/v2\/posts\/278389","targetHints":{"allow":["GET"]}}],"collection":[{"href":"https:\/\/www.europesays.com\/de\/wp-json\/wp\/v2\/posts"}],"about":[{"href":"https:\/\/www.europesays.com\/de\/wp-json\/wp\/v2\/types\/post"}],"author":[{"embeddable":true,"href":"https:\/\/www.europesays.com\/de\/wp-json\/wp\/v2\/users\/2"}],"replies":[{"embeddable":true,"href":"https:\/\/www.europesays.com\/de\/wp-json\/wp\/v2\/comments?post=278389"}],"version-history":[{"count":0,"href":"https:\/\/www.europesays.com\/de\/wp-json\/wp\/v2\/posts\/278389\/revisions"}],"wp:featuredmedia":[{"embeddable":true,"href":"https:\/\/www.europesays.com\/de\/wp-json\/wp\/v2\/media\/278390"}],"wp:attachment":[{"href":"https:\/\/www.europesays.com\/de\/wp-json\/wp\/v2\/media?parent=278389"}],"wp:term":[{"taxonomy":"category","embeddable":true,"href":"https:\/\/www.europesays.com\/de\/wp-json\/wp\/v2\/categories?post=278389"},{"taxonomy":"post_tag","embeddable":true,"href":"https:\/\/www.europesays.com\/de\/wp-json\/wp\/v2\/tags?post=278389"}],"curies":[{"name":"wp","href":"https:\/\/api.w.org\/{rel}","templated":true}]}}