{"id":278410,"date":"2025-07-19T20:10:17","date_gmt":"2025-07-19T20:10:17","guid":{"rendered":"https:\/\/www.europesays.com\/de\/278410\/"},"modified":"2025-07-19T20:10:17","modified_gmt":"2025-07-19T20:10:17","slug":"radschnellwege-warum-trotz-hoher-foerderung-nach-jahren-noch-kein-kilometer-gebaut-ist","status":"publish","type":"post","link":"https:\/\/www.europesays.com\/de\/278410\/","title":{"rendered":"Radschnellwege: Warum trotz hoher F\u00f6rderung nach Jahren noch kein Kilometer gebaut ist"},"content":{"rendered":"<p class=\"text\">\nDie Situation im Einzelnen:\n<\/p>\n<p><a name=\"Thueringen\">Th\u00fcringen<\/a>: Kein Radschnellweg in Sicht<\/p>\n<p class=\"text\">\nTh\u00fcringen ist das einzige Land, in dem \u00fcberhaupt kein Radschnellweg geplant wird. Der Verkehrsforscher Martin Weidauer von der Fachhochschule Erfurt erstellte 2021 im Auftrag der Landtagsfraktion der Gr\u00fcnen lediglich <a href=\"https:\/\/www.gruene-thl.de\/system\/files\/document\/Radschnellverbindungen%20in%20Th%C3%BCringen%20Studie%202021_Stand%2003-05-2021_0.pdf\" title=\"Pilotstudie zu Radschnellverbindungen in Th\u00fcringen\" data-ctrl-link=\"{&#039;id&#039;: &#039;bc1d0a04-1938-4b02-b0c3-efe3d7c669db&#039;,&#039;type&#039;:&#039;external&#039;,&#039;window&#039;:{&#039;type&#039;:&#039;blank&#039;,&#039;config&#039;:{&#039;title&#039;:&#039;Pilotstudie zu Radschnellverbindungen in Th\u00fcringen&#039;,&#039;top&#039;:&#039;0&#039;,&#039;left&#039;:&#039;0&#039;,&#039;width&#039;:&#039;0&#039;,&#039;height&#039;:&#039;0&#039;,&#039;status&#039;:&#039;0&#039;,&#039;menubar&#039;:&#039;0&#039;,&#039;location&#039;:&#039;0&#039;,&#039;scroll&#039;:&#039;0&#039;,&#039;toolbar&#039;:&#039;0&#039;,&#039;resizable&#039;:&#039;0&#039;}}}\" rel=\"nofollow noopener\" target=\"_blank\">eine Pilotstudie<\/a>, in der er f\u00fcnf Strecken zur weiteren Untersuchung empfahl (siehe Karte). Daraus folgte jedoch nichts.\n<\/p>\n<p class=\"text\">\nDas Th\u00fcringer Verkehrsministerium teilte sp\u00e4ter mit, dass keine Strecken identifiziert werden konnten, die die F\u00f6rderkriterien des Bundes erf\u00fcllen. Zu diesen Kriterien z\u00e4hlen unter anderem ein Potenzial von 2.000 Radlerinnen und Radlern pro Tag sowie eine Mindestl\u00e4nge der Strecke von zehn Kilometern.\n<\/p>\n<p>Sachsen-<a name=\"Anhalt\">Anhalt<\/a>: Probleme mit F\u00f6rderbedingungen des Bundes<\/p>\n<p class=\"text\">\nAuch in Sachsen-Anhalt <a href=\"https:\/\/www.mdr.de\/nachrichten\/sachsen-anhalt\/fahrrad-schnellwege-halle-leipzig-100.html\" title=\"Fehlende F\u00f6rderung: Wann kommen die Radschnellwege in Sachsen-Anhalt?\" rel=\"nofollow noopener\" target=\"_blank\">stellen die F\u00f6rderkriterien eine H\u00fcrde dar<\/a>. Das Verkehrsministerium in Magdeburg teilt dazu mit: &#8222;In den stark l\u00e4ndlich gepr\u00e4gten Bundesl\u00e4ndern, dazu geh\u00f6rt auch Sachsen-Anhalt, werden diese Kriterien aufgrund der Siedlungs- und Arbeitsplatzdichte nicht erf\u00fcllt.&#8220; Innerhalb Magdeburgs und Halles w\u00fcrden zwar die Pendlerzahlen erreicht, jedoch st\u00fcnden hier &#8222;in weiten Teilen die notwendigen Ausbaubreiten nicht zur Verf\u00fcgung&#8220;.\n<\/p>\n<p class=\"text\">\nDies stellt auch den geplanten Radschnellweg Halle-Leipzig infrage. Das Projekt startete einst mit viel Schwung, bekam sogar <a href=\"https:\/\/radschnellweg.org\/\" title=\"Website Radschnellweg Halle Leipzig\" data-ctrl-link=\"{&#039;id&#039;: &#039;653c7b5c-60ab-49cd-a6ee-f0089175b59e&#039;,&#039;type&#039;:&#039;external&#039;,&#039;window&#039;:{&#039;type&#039;:&#039;empty&#039;,&#039;config&#039;:{&#039;title&#039;:&#039;Website Radschnellweg Halle Leipzig&#039;,&#039;top&#039;:&#039;0&#039;,&#039;left&#039;:&#039;0&#039;,&#039;width&#039;:&#039;0&#039;,&#039;height&#039;:&#039;0&#039;,&#039;status&#039;:&#039;0&#039;,&#039;menubar&#039;:&#039;0&#039;,&#039;location&#039;:&#039;0&#039;,&#039;scroll&#039;:&#039;0&#039;,&#039;toolbar&#039;:&#039;0&#039;,&#039;resizable&#039;:&#039;0&#039;}}}\" rel=\"nofollow noopener\" target=\"_blank\">eine eigene Website<\/a> \u2013 doch ein Schnellweg im Sinne der F\u00f6rderrichtlinien des Bundes wird dort k\u00fcnftig nicht entstehen. Dazu teilt das Ministerium mit: &#8222;Dennoch soll zwischen den beiden St\u00e4dten eine komfortable und bedarfsgerechte Radwegeverbindung entstehen.&#8220; Anvisiert sei entlang der Bundesstra\u00dfe 6 ein &#8222;stra\u00dfenbegleitender Radweg&#8220;. Die L\u00e4nder Sachsen und Sachsen-Anhalt st\u00fcnden hierzu im Austausch.\n<\/p>\n<p class=\"text\">\nDie zweite diskutierte Strecke in Sachsen-Anhalt von Merseburg zum Geiseltalsee wird zwar ebenfalls kein Radschnellweg nach Definition des Bundesprogramms. Jedoch <a href=\"https:\/\/www.mdr.de\/nachrichten\/sachsen-anhalt\/halle\/saalekreis\/merseburg-geiseltalsee-fahrrad-autobahn-100.html\" title=\"Radschnellweg zum Geiseltalsee: Merseburg geht erste Schritte\" rel=\"nofollow noopener\" target=\"_blank\">baut die Stadt Merseburg<\/a> mit Mitteln aus anderen F\u00f6rderprogrammen sukzessive an einer &#8222;naturr\u00e4umlich attraktiven&#8220; sowie &#8222;weitestgehend kreuzungsfreien&#8220; Verbindung von der Innenstadt bis zum s\u00fcdwestlich gelegenen See.\n<\/p>\n<p><a name=\"Sachsen\">Sachsen<\/a>: Drei von elf Rad-Strecken in der Entwurfsplanung<\/p>\n<p class=\"text\">\nUmfangreicher sind Sachsens Pl\u00e4ne. Der Freistaat ermittelte bereits 2018 elf sogenannte Korridore f\u00fcr Radschnellwege mit einer Gesamtl\u00e4nge von \u00fcber 130 Kilometern. Fast sieben Jahre sp\u00e4ter ist jedoch kein einziger Abschnitt gebaut.\n<\/p>\n<blockquote>\n<p class=\"text\">M\u00f6gliche Baubeginne k\u00f6nnen derzeit noch nicht belastbar benannt werden.<\/p>\n<p>S\u00e4chsisches Staatsministerium f\u00fcr Infrastruktur und Landesentwicklung<\/p>\n<\/blockquote>\n<p class=\"text\">\nImmerhin bei einer Route (Radeberg \u2013 Dresden) l\u00e4uft derzeit die konkrete Entwurfsplanung, die letzte Stufe vor dem Planfeststellungsverfahren, mit dem Baurecht hergestellt werden kann. Bei den Strecken von Schkeuditz nach Leipzig sowie von Limbach-Oberfrohna nach Chemnitz wird die &#8222;Ausschreibung der Leistungen f\u00fcr die Entwurfsplanung vorbereitet&#8220;, wie das S\u00e4chsisches Staatsministerium f\u00fcr Infrastruktur und Landesentwicklung auf Anfrage mitteilt. &#8222;M\u00f6gliche Baubeginne k\u00f6nnen derzeit noch nicht belastbar benannt werden.&#8220;\n<\/p>\n<p class=\"text\">\nBei sechs weiteren Strecken laufen noch Vorstudien, bei einem Schnellweg wird noch ein Planungsb\u00fcro f\u00fcr die Vorstudie gesucht und bei einem weiteren gibt es noch keine Planungsvereinbarung. Hier eine \u00dcbersicht:<\/p>\n","protected":false},"excerpt":{"rendered":"Die Situation im Einzelnen: Th\u00fcringen: Kein Radschnellweg in Sicht Th\u00fcringen ist das einzige Land, in dem \u00fcberhaupt kein&hellip;\n","protected":false},"author":2,"featured_media":278411,"comment_status":"","ping_status":"","sticky":false,"template":"","format":"standard","meta":{"footnotes":""},"categories":[1860],"tags":[3364,29,548,663,3934,30,4062,17332,13,81,14,15,17331,859,860,12,861,103],"class_list":{"0":"post-278410","1":"post","2":"type-post","3":"status-publish","4":"format-standard","5":"has-post-thumbnail","7":"category-halle-saale","8":"tag-de","9":"tag-deutschland","10":"tag-eu","11":"tag-europa","12":"tag-europe","13":"tag-germany","14":"tag-halle","15":"tag-halle-saale","16":"tag-headlines","17":"tag-mdr","18":"tag-nachrichten","19":"tag-news","20":"tag-saale","21":"tag-sachsen","22":"tag-sachsen-anhalt","23":"tag-schlagzeilen","24":"tag-thueringen","25":"tag-welt"},"share_on_mastodon":{"url":"https:\/\/pubeurope.com\/@de\/114881719440584533","error":""},"_links":{"self":[{"href":"https:\/\/www.europesays.com\/de\/wp-json\/wp\/v2\/posts\/278410","targetHints":{"allow":["GET"]}}],"collection":[{"href":"https:\/\/www.europesays.com\/de\/wp-json\/wp\/v2\/posts"}],"about":[{"href":"https:\/\/www.europesays.com\/de\/wp-json\/wp\/v2\/types\/post"}],"author":[{"embeddable":true,"href":"https:\/\/www.europesays.com\/de\/wp-json\/wp\/v2\/users\/2"}],"replies":[{"embeddable":true,"href":"https:\/\/www.europesays.com\/de\/wp-json\/wp\/v2\/comments?post=278410"}],"version-history":[{"count":0,"href":"https:\/\/www.europesays.com\/de\/wp-json\/wp\/v2\/posts\/278410\/revisions"}],"wp:featuredmedia":[{"embeddable":true,"href":"https:\/\/www.europesays.com\/de\/wp-json\/wp\/v2\/media\/278411"}],"wp:attachment":[{"href":"https:\/\/www.europesays.com\/de\/wp-json\/wp\/v2\/media?parent=278410"}],"wp:term":[{"taxonomy":"category","embeddable":true,"href":"https:\/\/www.europesays.com\/de\/wp-json\/wp\/v2\/categories?post=278410"},{"taxonomy":"post_tag","embeddable":true,"href":"https:\/\/www.europesays.com\/de\/wp-json\/wp\/v2\/tags?post=278410"}],"curies":[{"name":"wp","href":"https:\/\/api.w.org\/{rel}","templated":true}]}}