{"id":278421,"date":"2025-07-19T20:16:22","date_gmt":"2025-07-19T20:16:22","guid":{"rendered":"https:\/\/www.europesays.com\/de\/278421\/"},"modified":"2025-07-19T20:16:22","modified_gmt":"2025-07-19T20:16:22","slug":"fahrerflucht-in-herne-fussgaengerin-ueber-den-fuss-gefahren","status":"publish","type":"post","link":"https:\/\/www.europesays.com\/de\/278421\/","title":{"rendered":"Fahrerflucht in Herne: Fu\u00dfg\u00e4ngerin \u00fcber den Fu\u00df gefahren"},"content":{"rendered":"<p>        <a href=\"https:\/\/www.lokalkompass.de\/s\/buergerreporter-werden\" target=\"_BLANK\" rel=\"nofollow noopener\">&#13;<br \/>\n<img decoding=\"async\" src=\"https:\/\/www.europesays.com\/de\/wp-content\/uploads\/2025\/04\/13544299_NATIVE.png\" height=\"100%\" width=\"auto\"\/><\/a><\/p>\n<p><b>Unfall auf Parkplatz in Herne: Eine 23-j\u00e4hrige Fu\u00dfg\u00e4ngerin wurde von einem Auto verletzt, dessen Fahrer fl\u00fcchtete. Die Polizei sucht Zeugen und den Unfallverursacher.<\/b>\n<\/p>\n<p>Eine 23-j\u00e4hrige Fu\u00dfg\u00e4ngerin ist bei einem Unfall auf einem Parkplatz in Herne-Horsthausen verletzt worden. Der Vorfall ereignete sich am Samstag, 19. Juli, gegen 0.11 Uhr auf dem Gel\u00e4nde an der Horsthauser Stra\u00dfe 163. Nach bisherigen Erkenntnissen fuhr ein wei\u00dfer Pkw r\u00fcckw\u00e4rts aus einer Parkbox und \u00fcberrollte dabei den Fu\u00df der jungen Frau aus Bochum.<\/p>\n<p>Der Autofahrer setzte seine Fahrt fort, ohne sich um die Verletzte zu k\u00fcmmern oder die Unfallaufnahme abzuwarten. Die 23-J\u00e4hrige erlitt leichte Verletzungen und wurde von einer Rettungswagenbesatzung in ein nahegelegenes Krankenhaus gebracht, wo sie weiter behandelt wurde.<\/p>\n<p>Das Verkehrskommissariat hat die Ermittlungen aufgenommen und bittet den beteiligten Autofahrer sowie m\u00f6gliche Zeugen, sich unter der Telefonnummer 0234 909-5206 zu melden.<\/p>\n<p>Dieser Beitrag stammt von presseportal.de und wurde mit Hilfe von KI erstellt.<\/p>\n<p>                <a id=\"like-anchor\"\/><\/p>\n<p>                    Dieser Inhalt gef\u00e4llt Ihnen?<\/p>\n<p>Melden Sie sich an, um diesen Inhalt mit \u00abGef\u00e4llt mir\u00bb zu markieren.<\/p>\n<p>            \u00d7<\/p>\n<p>        <a href=\"#\" data-trigger-click-on-space-or-enter=\"\" class=\"button ggm-like-button hollow\" title=\"Gef\u00e4llt mir\" data-open=\"like-conversion-687bfd0bec4bb\"><\/p>\n<p>        <\/a><\/p>\n<p>\n        Gef\u00e4llt <strong>1<\/strong> mal<br \/>\n        1\n    <\/p>\n<p>                    Sie m\u00f6chten diesem Profil folgen?<\/p>\n<p>Verpassen Sie nicht die neuesten Inhalte von diesem Profil: Melden Sie sich an, um neuen Inhalten von Profilen und Orten in Ihrem <strong>pers\u00f6nlichen Feed<\/strong> zu folgen.<\/p>\n<p>            \u00d7<\/p>\n<p>\n            <strong>4<\/strong> folgen diesem Profil\n        <\/p>\n<p><a href=\"http:\/\/emag.lokalkompass.de\/titles\/wvw\/11411?utm_source=E-Paper&amp;utm_medium=sidebar&amp;utm_campaign=Herner Wochenblatt Wanne-Eickel\" target=\"_blank\" title=\"zum Herner Wochenblatt Wanne-Eickel\" onclick=\"return fullscreen(&#039;http:\/\/emag.lokalkompass.de\/titles\/wvw\/11411?utm_source=E-Paper&amp;utm_medium=sidebar&amp;utm_campaign=Herner Wochenblatt Wanne-Eickel&#039;)\" rel=\"nofollow noopener\">&#13;<br \/>\n<img decoding=\"async\" src=\"https:\/\/www.europesays.com\/de\/wp-content\/uploads\/2025\/07\/1752956182_409_medium.jpg\" border=\"0\" height=\"0\" width=\"100%\"\/><\/a><\/p>\n<p>\u00a0<\/p>\n<p>        \u00d7<\/p>\n<p>    Video einbetten<\/p>\n<p class=\"help\">Es k\u00f6nnen nur einzelne Videos der jeweiligen Plattformen eingebunden werden, nicht jedoch Playlists, Streams oder \u00dcbersichtsseiten.<\/p>\n<p>        \u00d7<\/p>\n<p>    Code einbetten<\/p>\n<p>        Funktionalit\u00e4t des eingebetteten Codes ohne Gew\u00e4hr. Bitte Einbettungen f\u00fcr Video, Social, Link und Maps mit dem vom System vorgesehenen Einbettungsfuntkionen vornehmen.\n    <\/p>\n<p>                    Sie m\u00f6chten selbst beitragen?<\/p>\n<p>Melden Sie sich jetzt kostenlos an, um selbst mit eigenen Inhalten beizutragen.<\/p>\n<p>            \u00d7<\/p>\n<p>&#13;<br \/>\n        \u00a9 FUNKE Media Sales NRW GmbH&#13;\n    <\/p>\n<p align=\"right\">Eine Marke der <a href=\"https:\/\/www.funkemedien.de\/\" target=\"_blank\" rel=\"noopener nofollow\" style=\"font-weight:bold;\">FUNKE<\/a> Mediengruppe<\/p>\n","protected":false},"excerpt":{"rendered":"&#13; Unfall auf Parkplatz in Herne: Eine 23-j\u00e4hrige Fu\u00dfg\u00e4ngerin wurde von einem Auto verletzt, dessen Fahrer fl\u00fcchtete. Die&hellip;\n","protected":false},"author":2,"featured_media":278422,"comment_status":"","ping_status":"","sticky":false,"template":"","format":"standard","meta":{"footnotes":""},"categories":[1848],"tags":[3364,29,548,663,3934,3658,30,13,14,15,1209,12],"class_list":{"0":"post-278421","1":"post","2":"type-post","3":"status-publish","4":"format-standard","5":"has-post-thumbnail","7":"category-gelsenkirchen","8":"tag-de","9":"tag-deutschland","10":"tag-eu","11":"tag-europa","12":"tag-europe","13":"tag-gelsenkirchen","14":"tag-germany","15":"tag-headlines","16":"tag-nachrichten","17":"tag-news","18":"tag-nordrhein-westfalen","19":"tag-schlagzeilen"},"share_on_mastodon":{"url":"https:\/\/pubeurope.com\/@de\/114881743119752177","error":""},"_links":{"self":[{"href":"https:\/\/www.europesays.com\/de\/wp-json\/wp\/v2\/posts\/278421","targetHints":{"allow":["GET"]}}],"collection":[{"href":"https:\/\/www.europesays.com\/de\/wp-json\/wp\/v2\/posts"}],"about":[{"href":"https:\/\/www.europesays.com\/de\/wp-json\/wp\/v2\/types\/post"}],"author":[{"embeddable":true,"href":"https:\/\/www.europesays.com\/de\/wp-json\/wp\/v2\/users\/2"}],"replies":[{"embeddable":true,"href":"https:\/\/www.europesays.com\/de\/wp-json\/wp\/v2\/comments?post=278421"}],"version-history":[{"count":0,"href":"https:\/\/www.europesays.com\/de\/wp-json\/wp\/v2\/posts\/278421\/revisions"}],"wp:featuredmedia":[{"embeddable":true,"href":"https:\/\/www.europesays.com\/de\/wp-json\/wp\/v2\/media\/278422"}],"wp:attachment":[{"href":"https:\/\/www.europesays.com\/de\/wp-json\/wp\/v2\/media?parent=278421"}],"wp:term":[{"taxonomy":"category","embeddable":true,"href":"https:\/\/www.europesays.com\/de\/wp-json\/wp\/v2\/categories?post=278421"},{"taxonomy":"post_tag","embeddable":true,"href":"https:\/\/www.europesays.com\/de\/wp-json\/wp\/v2\/tags?post=278421"}],"curies":[{"name":"wp","href":"https:\/\/api.w.org\/{rel}","templated":true}]}}