{"id":278423,"date":"2025-07-19T20:17:12","date_gmt":"2025-07-19T20:17:12","guid":{"rendered":"https:\/\/www.europesays.com\/de\/278423\/"},"modified":"2025-07-19T20:17:12","modified_gmt":"2025-07-19T20:17:12","slug":"mineraloel-verschmutzt-schiersteiner-hafen-feuerwehr-im-einsatz","status":"publish","type":"post","link":"https:\/\/www.europesays.com\/de\/278423\/","title":{"rendered":"Mineral\u00f6l verschmutzt Schiersteiner Hafen \u2013 Feuerwehr im Einsatz"},"content":{"rendered":"<p>Am Samstag (19. Juli 2025) hat Mineral\u00f6l den Westteil des Schiersteiner Hafens in Wiesbaden verunreinigt. Das teilt das Hessische Polizeipr\u00e4sidium Einsatz mit.<\/p>\n<p>Gegen 16:15 Uhr entdeckten Einsatzkr\u00e4fte, dass sich ein \u00d6lfilm fast \u00fcber den gesamten Westteil des Hafens ausgebreitet hatte. Die Polizei versuchte gemeinsam mit der Fliegerstaffel, den Verursacher zu ermitteln \u2013 allerdings ohne Erfolg. Auch einen weiteren Austritt des Mineral\u00f6ls konnten die Beh\u00f6rden nicht feststellen.<\/p>\n<p>Aufgrund der Wetterlage und der gro\u00dfen Ausdehnung der Verschmutzung war es der Feuerwehr technisch nicht m\u00f6glich, den gesamten betroffenen Bereich mit \u00d6lschl\u00e4ngeln abzusperren.<\/p>\n","protected":false},"excerpt":{"rendered":"Am Samstag (19. Juli 2025) hat Mineral\u00f6l den Westteil des Schiersteiner Hafens in Wiesbaden verunreinigt. Das teilt das&hellip;\n","protected":false},"author":2,"featured_media":278424,"comment_status":"","ping_status":"","sticky":false,"template":"","format":"standard","meta":{"footnotes":""},"categories":[1847],"tags":[3364,29,548,663,3934,30,13,2052,14,15,12,4544],"class_list":{"0":"post-278423","1":"post","2":"type-post","3":"status-publish","4":"format-standard","5":"has-post-thumbnail","7":"category-wiesbaden","8":"tag-de","9":"tag-deutschland","10":"tag-eu","11":"tag-europa","12":"tag-europe","13":"tag-germany","14":"tag-headlines","15":"tag-hessen","16":"tag-nachrichten","17":"tag-news","18":"tag-schlagzeilen","19":"tag-wiesbaden"},"share_on_mastodon":{"url":"https:\/\/pubeurope.com\/@de\/114881746957940626","error":""},"_links":{"self":[{"href":"https:\/\/www.europesays.com\/de\/wp-json\/wp\/v2\/posts\/278423","targetHints":{"allow":["GET"]}}],"collection":[{"href":"https:\/\/www.europesays.com\/de\/wp-json\/wp\/v2\/posts"}],"about":[{"href":"https:\/\/www.europesays.com\/de\/wp-json\/wp\/v2\/types\/post"}],"author":[{"embeddable":true,"href":"https:\/\/www.europesays.com\/de\/wp-json\/wp\/v2\/users\/2"}],"replies":[{"embeddable":true,"href":"https:\/\/www.europesays.com\/de\/wp-json\/wp\/v2\/comments?post=278423"}],"version-history":[{"count":0,"href":"https:\/\/www.europesays.com\/de\/wp-json\/wp\/v2\/posts\/278423\/revisions"}],"wp:featuredmedia":[{"embeddable":true,"href":"https:\/\/www.europesays.com\/de\/wp-json\/wp\/v2\/media\/278424"}],"wp:attachment":[{"href":"https:\/\/www.europesays.com\/de\/wp-json\/wp\/v2\/media?parent=278423"}],"wp:term":[{"taxonomy":"category","embeddable":true,"href":"https:\/\/www.europesays.com\/de\/wp-json\/wp\/v2\/categories?post=278423"},{"taxonomy":"post_tag","embeddable":true,"href":"https:\/\/www.europesays.com\/de\/wp-json\/wp\/v2\/tags?post=278423"}],"curies":[{"name":"wp","href":"https:\/\/api.w.org\/{rel}","templated":true}]}}