{"id":278460,"date":"2025-07-19T20:40:13","date_gmt":"2025-07-19T20:40:13","guid":{"rendered":"https:\/\/www.europesays.com\/de\/278460\/"},"modified":"2025-07-19T20:40:13","modified_gmt":"2025-07-19T20:40:13","slug":"los-angeles-auto-faehrt-in-menschenmenge-und-verletzt-mehr-als-30-personen-panorama","status":"publish","type":"post","link":"https:\/\/www.europesays.com\/de\/278460\/","title":{"rendered":"Los Angeles: Auto f\u00e4hrt in Menschenmenge und verletzt mehr als 30 Personen &#8211; Panorama"},"content":{"rendered":"<p data-manual=\"paragraph\" data-schema-org-speakable=\"true\" class=\"css-1ylqqlw\">In <a href=\"https:\/\/www.sueddeutsche.de\/thema\/Los_Angeles\" target=\"_blank\" rel=\"noopener\">Los Angeles<\/a> ist am fr\u00fchen Samstagmorgen ein Auto mit hoher Geschwindigkeit in eine Menschenmenge vor dem Veranstaltungs-Club \u201eThe Vermont Hollywood\u201c gefahren. 31 Personen seien verletzt worden, <a href=\"https:\/\/dpaq.de\/n7tlqIB\" target=\"_blank\" rel=\"noopener\">teilte die Feuerwehr der Millionenmetropole in Kalifornien mit<\/a>. Sieben Menschen bef\u00e4nden sich in kritischem Zustand. Unter den Verletzten seien auch viele Minderj\u00e4hrige. Alle Verletzten w\u00fcrden versorgt und in umliegende Krankenh\u00e4user gebracht.<\/p>\n<p data-manual=\"paragraph\" data-schema-org-speakable=\"true\" class=\"css-1ylqqlw\">Der Vorfall ereignete sich gegen 2 Uhr morgens auf dem Santa Monica Boulevard, einer ber\u00fchmten Stra\u00dfe, die unter anderem durch Hollywood und Beverly Hills f\u00fchrt. Sie bildet auch den durch Filme und Musik ber\u00fchmten Abschluss der Route 66.<\/p>\n<p data-manual=\"paragraph\" data-schema-org-speakable=\"true\" class=\"css-1ylqqlw\">Eine Sprecherin der <a href=\"https:\/\/www.sueddeutsche.de\/thema\/Polizei\" target=\"_blank\" rel=\"noopener\">Polizei<\/a> sagte am Samstag, es gebe bislang noch kein Motiv f\u00fcr die Tat, verriet aber Details zum mutma\u00dflichen T\u00e4ter un dem Hergang: \u201eNachdem er die Menge angefahren hatte, wurde er von mehreren Personen umringt, die ihn aus dem Auto zogen\u201c. Dabei habe Berichten zufolge jemand aus der Menge auf den Fahrer geschossen. Er sei operiert worden und in stabilem Zustand. Zun\u00e4chst hatte ein Sprecher der Einsatzkr\u00e4fte lokalen Medien gesagt, der Fahrer habe vor dem Unfall im Wagen das Bewusstsein verloren.<\/p>\n<p data-manual=\"paragraph\" data-schema-org-speakable=\"true\" class=\"css-1ylqqlw\">In einem Notruf an die Polizei war von einer Auseinandersetzung von 15 Personen vor dem Veranstaltungsort die Rede, w\u00e4hrend der auch Sch\u00fcsse gefallen sein sollen.<\/p>\n","protected":false},"excerpt":{"rendered":"In Los Angeles ist am fr\u00fchen Samstagmorgen ein Auto mit hoher Geschwindigkeit in eine Menschenmenge vor dem Veranstaltungs-Club&hellip;\n","protected":false},"author":2,"featured_media":278461,"comment_status":"","ping_status":"","sticky":false,"template":"","format":"standard","meta":{"footnotes":""},"categories":[5],"tags":[331,332,147,3364,29,30,13,2847,7893,14,15,1974,121,12,149,64],"class_list":{"0":"post-278460","1":"post","2":"type-post","3":"status-publish","4":"format-standard","5":"has-post-thumbnail","7":"category-nachrichten","8":"tag-aktuelle-nachrichten","9":"tag-aktuelle-news","10":"tag-ausland","11":"tag-de","12":"tag-deutschland","13":"tag-germany","14":"tag-headlines","15":"tag-kalifornien","16":"tag-los-angeles","17":"tag-nachrichten","18":"tag-news","19":"tag-panorama","20":"tag-polizei","21":"tag-schlagzeilen","22":"tag-sueddeutsche-zeitung","23":"tag-usa"},"share_on_mastodon":{"url":"https:\/\/pubeurope.com\/@de\/114881837449693701","error":""},"_links":{"self":[{"href":"https:\/\/www.europesays.com\/de\/wp-json\/wp\/v2\/posts\/278460","targetHints":{"allow":["GET"]}}],"collection":[{"href":"https:\/\/www.europesays.com\/de\/wp-json\/wp\/v2\/posts"}],"about":[{"href":"https:\/\/www.europesays.com\/de\/wp-json\/wp\/v2\/types\/post"}],"author":[{"embeddable":true,"href":"https:\/\/www.europesays.com\/de\/wp-json\/wp\/v2\/users\/2"}],"replies":[{"embeddable":true,"href":"https:\/\/www.europesays.com\/de\/wp-json\/wp\/v2\/comments?post=278460"}],"version-history":[{"count":0,"href":"https:\/\/www.europesays.com\/de\/wp-json\/wp\/v2\/posts\/278460\/revisions"}],"wp:featuredmedia":[{"embeddable":true,"href":"https:\/\/www.europesays.com\/de\/wp-json\/wp\/v2\/media\/278461"}],"wp:attachment":[{"href":"https:\/\/www.europesays.com\/de\/wp-json\/wp\/v2\/media?parent=278460"}],"wp:term":[{"taxonomy":"category","embeddable":true,"href":"https:\/\/www.europesays.com\/de\/wp-json\/wp\/v2\/categories?post=278460"},{"taxonomy":"post_tag","embeddable":true,"href":"https:\/\/www.europesays.com\/de\/wp-json\/wp\/v2\/tags?post=278460"}],"curies":[{"name":"wp","href":"https:\/\/api.w.org\/{rel}","templated":true}]}}