{"id":278462,"date":"2025-07-19T20:41:11","date_gmt":"2025-07-19T20:41:11","guid":{"rendered":"https:\/\/www.europesays.com\/de\/278462\/"},"modified":"2025-07-19T20:41:11","modified_gmt":"2025-07-19T20:41:11","slug":"neuer-feiertag-koennte-demnaechst-fuer-alle-in-deutschland-eingefuehrt-werden","status":"publish","type":"post","link":"https:\/\/www.europesays.com\/de\/278462\/","title":{"rendered":"Neuer Feiertag k\u00f6nnte demn\u00e4chst f\u00fcr alle in Deutschland eingef\u00fchrt werden"},"content":{"rendered":"<ol class=\"id-DonaldBreadcrumb lp_west_breadcrumb id-DonaldBreadcrumb--default\" data-k5a-pos=\"west_breadcrumb\">\n<li class=\"id-Breadcrumb-item\"><a href=\"https:\/\/www.merkur.de\/\" class=\"id-Breadcrumb-link\" data-id-ec=\"{\" shn=\"\" textlink=\"\" data-k5a-pos=\"1_startseite\" rel=\"nofollow noopener\" target=\"_blank\">Startseite<\/a><\/li>\n<li class=\"id-Breadcrumb-item\"><a href=\"https:\/\/www.merkur.de\/verbraucher\/\" class=\"id-Breadcrumb-link\" data-id-ec=\"{\" shn=\"\" textlink=\"\" data-k5a-pos=\"2_verbraucher\" rel=\"nofollow noopener\" target=\"_blank\">Verbraucher<\/a><\/li>\n<\/ol>\n<p class=\"id-Story-timestamp id-Story-timestamp--default\">Stand: 19.07.2025, 19:05 Uhr<\/p>\n<p class=\"id-Story-authors id-Story-authors--default\">Von: <a class=\"id-Story-authors-link lp_west_author\" href=\"https:\/\/www.merkur.de\/autor\/noah-forouzan-fidmajs6.html\" title=\"Zur Autorenseite von Noah Forouzan\" data-id-ec=\"{\" shn=\"\" author-link=\"\" forouzan=\"\" data-k5a-pos=\"west_author\" rel=\"nofollow noopener\" target=\"_blank\">Noah Forouzan<\/a><\/p>\n<p class=\"id-Story-interactionBar id-Story-interactionBar--default\">DruckenTeilen<\/p>\n<p class=\"id-StoryElement-leadText\">Der Vorschlag eines neuen bundesweiten Feiertags sorgt f\u00fcr Gespr\u00e4chsstoff \u2013 erwartet Deutschland bald einen zus\u00e4tzlichen freien Tag?<\/p>\n<p class=\"id-StoryElement-paragraph\">Feiertage sind in Deutschland immer wieder ein hei\u00dfes Thema \u2013 mal gibt\u2019s Streit um zu viele, mal um zu wenige. W\u00e4hrend Berlin 2025 schon einen zus\u00e4tzlichen freien Tag bekommt, k\u00f6nnte jetzt ein weiterer bundesweiter Feiertag ins Spiel kommen. Doch was steckt hinter der Idee, warum ist gerade der 1. September im Gespr\u00e4ch und wie stehen die Chancen, dass die B\u00fcrger bald einen neuen Feiertag auf dem Kalender haben?<\/p>\n<p>Feiertag am 1. September: Gr\u00fcne fordern bundesweiten Antikriegstag<\/p>\n<p class=\"id-StoryElement-paragraph\">Die <a href=\"https:\/\/www.merkur.de\/politik\/die-gruenen-org26767\/\" class=\"id-import-Link\" title=\"B&#xFC;ndnis 90\/Die Gr&#xFC;nen\" data-id-ec=\"{&quot;sht&quot;:&quot;Container&quot;,&quot;shn&quot;:&quot;Story&quot;,&quot;p&quot;:{&quot;containerType&quot;:&quot;Paragraph&quot;,&quot;displayType&quot;:&quot;Paragraph InlineLink&quot;,&quot;type&quot;:&quot;INLINE_LINK&quot;,&quot;value&quot;:&quot;Gr&#xFC;nen&quot;,&quot;variant&quot;:&quot;standardLink&quot;,&quot;sponsored&quot;:false,&quot;linkHref&quot;:&quot;https:\/\/www.merkur.de\/politik\/die-gruenen-org26767\/&quot;,&quot;storyElementPosition&quot;:11,&quot;storyElementCount&quot;:21}}\" rel=\"nofollow noopener\" target=\"_blank\">Gr\u00fcnen<\/a> wollen, dass der 1. September k\u00fcnftig als bundesweiter Feiertag eingef\u00fchrt wird \u2013 und das nicht nur in Deutschland, sondern sogar europaweit. Der Tag markiert den Beginn des Zweiten Weltkriegs und wird bisher als Antikriegstag begangen. Mit dem Vorschlag wollen die Gr\u00fcnen ein Zeichen f\u00fcr Frieden und gegen das Vergessen setzen. Besonders brisant: Die Bundesregierung soll sich laut Antrag auch auf EU-Ebene f\u00fcr den Feiertag starkmachen.<\/p>\n<p><img decoding=\"async\" class=\"id-RatioPlaceholder-element wv_story_el_image\" src=\"https:\/\/www.europesays.com\/de\/wp-content\/uploads\/2025\/07\/38977247-dieser-neuer-feiertag-koennte-bald-fuer-alle-in-deutschland-kommen-OABG.jpg\" loading=\"lazy\"   height=\"621\" width=\"1100\" alt=\"Dieser neuer Feiertag k&#xF6;nnte bald f&#xFC;r alle in Deutschland kommen.\"\/>Dieser neuer Feiertag k\u00f6nnte bald f\u00fcr alle in Deutschland kommen. \u00a9\u00a0Reve (Montage) <\/p>\n<p class=\"id-StoryElement-paragraph\">W\u00e4hrend viele Arbeitnehmer einen zus\u00e4tzlichen Feiertag begr\u00fc\u00dfen w\u00fcrden, kommt aus der Wirtschaft traditionell Gegenwind. Schon in Bayern gab es Stimmen, die eher f\u00fcr weniger freie Tage pl\u00e4dieren. Die Gr\u00fcnen argumentieren jedoch, dass ein Antikriegstag mehr als nur ein freier Tag w\u00e4re: Er soll Raum f\u00fcr Begegnung und Diskussion schaffen \u2013 und die Bedeutung von Frieden st\u00e4rker ins Bewusstsein r\u00fccken. Die Idee: Jedes Jahr k\u00f6nnte ein anderes Land die offiziellen Feierlichkeiten ausrichten.<\/p>\n<p>Hintergrund: Warum der 1. September als Feiertag?<\/p>\n<p class=\"id-StoryElement-paragraph\">Der 1. September ist in Deutschland seit Jahrzehnten als Antikriegstag bekannt. Er erinnert an den \u00dcberfall auf Polen 1939 und den Beginn des Zweiten Weltkriegs. In der r\u00f6misch-katholischen Kirche wird der Tag au\u00dferdem als Weltfriedenstag gefeiert. Die Gr\u00fcnen sehen darin die Chance, nicht nur an die Vergangenheit zu erinnern, sondern auch aktuelle Debatten \u00fcber Frieden und Zusammenhalt zu f\u00f6rdern. Rund drei Wochen sp\u00e4ter, am 21. September, wird von den Vereinten Nationen ebenfalls ein Weltfriedenstag ausgerufen \u2013 allerdings hat dieser bislang keinen offiziellen Feiertagsstatus in Deutschland.<\/p>\n<p>Wie realistisch ist ein neuer Feiertag f\u00fcr alle?<\/p>\n<p class=\"id-StoryElement-paragraph\">Ob der 1. September tats\u00e4chlich bald ein bundesweiter oder sogar europ\u00e4ischer Feiertag wird, ist noch offen. Die Bundesregierung m\u00fcsste den Vorschlag der Gr\u00fcnen aufgreifen \u2013 bislang gibt es aber keine Anzeichen, dass das Thema kurzfristig umgesetzt wird. Zudem gibt es in Deutschland traditionell viele Diskussionen rund um die Zahl und Bedeutung von Feiertagen, da diese je nach Bundesland stark variieren. Das sollte sich Deutschland definitiv abschauen: <a href=\"https:\/\/www.merkur.de\/verbraucher\/vampire-routing-so-finden-fussgaenger-in-zuerich-immer-den-kuehlsten-weg-93829066.html\" class=\"id-import-Link\" data-id-ec=\"{&quot;sht&quot;:&quot;Container&quot;,&quot;shn&quot;:&quot;Story&quot;,&quot;p&quot;:{&quot;containerType&quot;:&quot;Paragraph&quot;,&quot;displayType&quot;:&quot;Paragraph InlineLink&quot;,&quot;type&quot;:&quot;INLINE_LINK&quot;,&quot;value&quot;:&quot;So finden Fu&#xDF;g&#xE4;nger in Z&#xFC;rich immer den k&#xFC;hlsten Weg&quot;,&quot;variant&quot;:&quot;standardLink&quot;,&quot;sponsored&quot;:false,&quot;linkHref&quot;:&quot;https:\/\/www.merkur.de\/verbraucher\/vampire-routing-so-finden-fussgaenger-in-zuerich-immer-den-kuehlsten-weg-93829066.html&quot;,&quot;storyElementPosition&quot;:19,&quot;storyElementCount&quot;:21}}\" rel=\"nofollow noopener\" target=\"_blank\">So finden Fu\u00dfg\u00e4nger in Z\u00fcrich immer den k\u00fchlsten Weg<\/a>.<\/p>\n<p class=\"id-StoryElement-paragraph\">Die Debatte zeigt: Feiertage sind mehr als nur freie Zeit \u2013 sie spiegeln gesellschaftliche Werte wider. W\u00e4hrend einige auf Entlastung und Erholung hoffen, sehen andere wirtschaftliche Nachteile. Die Idee eines Antikriegstags als Feiertag k\u00f6nnte jedoch f\u00fcr neue Impulse sorgen \u2013 nicht nur in Deutschland, sondern vielleicht sogar europaweit. Auch interessant: <a href=\"https:\/\/www.merkur.de\/verbraucher\/deutschland-sollte-sich-an-heissen-tagen-dieses-vorbild-von-den-niederlanden-holen-93803798.html\" class=\"id-import-Link\" data-id-ec=\"{&quot;sht&quot;:&quot;Container&quot;,&quot;shn&quot;:&quot;Story&quot;,&quot;p&quot;:{&quot;containerType&quot;:&quot;Paragraph&quot;,&quot;displayType&quot;:&quot;Paragraph InlineLink&quot;,&quot;type&quot;:&quot;INLINE_LINK&quot;,&quot;value&quot;:&quot;Deutschland sollte sich an hei&#xDF;en Tagen dieses Vorbild von den Niederlanden holen&quot;,&quot;variant&quot;:&quot;standardLink&quot;,&quot;sponsored&quot;:false,&quot;linkHref&quot;:&quot;https:\/\/www.merkur.de\/verbraucher\/deutschland-sollte-sich-an-heissen-tagen-dieses-vorbild-von-den-niederlanden-holen-93803798.html&quot;,&quot;storyElementPosition&quot;:21,&quot;storyElementCount&quot;:21}}\" rel=\"nofollow noopener\" target=\"_blank\">Deutschland sollte sich an hei\u00dfen Tagen dieses Vorbild von den Niederlanden holen<\/a>.<\/p>\n","protected":false},"excerpt":{"rendered":"Startseite Verbraucher Stand: 19.07.2025, 19:05 Uhr Von: Noah Forouzan DruckenTeilen Der Vorschlag eines neuen bundesweiten Feiertags sorgt f\u00fcr&hellip;\n","protected":false},"author":2,"featured_media":278463,"comment_status":"","ping_status":"","sticky":false,"template":"","format":"standard","meta":{"footnotes":""},"categories":[2],"tags":[331,3924,332,3922,3364,29,30,13,14,3923,15,3921,12],"class_list":{"0":"post-278462","1":"post","2":"type-post","3":"status-publish","4":"format-standard","5":"has-post-thumbnail","7":"category-deutschland","8":"tag-aktuelle-nachrichten","9":"tag-aktuelle-nachrichten-aus-deutschland","10":"tag-aktuelle-news","11":"tag-aktuelle-news-aus-deutschland","12":"tag-de","13":"tag-deutschland","14":"tag-germany","15":"tag-headlines","16":"tag-nachrichten","17":"tag-nachrichten-aus-deutschland","18":"tag-news","19":"tag-news-aus-deutschland","20":"tag-schlagzeilen"},"share_on_mastodon":{"url":"https:\/\/pubeurope.com\/@de\/114881841410299402","error":""},"_links":{"self":[{"href":"https:\/\/www.europesays.com\/de\/wp-json\/wp\/v2\/posts\/278462","targetHints":{"allow":["GET"]}}],"collection":[{"href":"https:\/\/www.europesays.com\/de\/wp-json\/wp\/v2\/posts"}],"about":[{"href":"https:\/\/www.europesays.com\/de\/wp-json\/wp\/v2\/types\/post"}],"author":[{"embeddable":true,"href":"https:\/\/www.europesays.com\/de\/wp-json\/wp\/v2\/users\/2"}],"replies":[{"embeddable":true,"href":"https:\/\/www.europesays.com\/de\/wp-json\/wp\/v2\/comments?post=278462"}],"version-history":[{"count":0,"href":"https:\/\/www.europesays.com\/de\/wp-json\/wp\/v2\/posts\/278462\/revisions"}],"wp:featuredmedia":[{"embeddable":true,"href":"https:\/\/www.europesays.com\/de\/wp-json\/wp\/v2\/media\/278463"}],"wp:attachment":[{"href":"https:\/\/www.europesays.com\/de\/wp-json\/wp\/v2\/media?parent=278462"}],"wp:term":[{"taxonomy":"category","embeddable":true,"href":"https:\/\/www.europesays.com\/de\/wp-json\/wp\/v2\/categories?post=278462"},{"taxonomy":"post_tag","embeddable":true,"href":"https:\/\/www.europesays.com\/de\/wp-json\/wp\/v2\/tags?post=278462"}],"curies":[{"name":"wp","href":"https:\/\/api.w.org\/{rel}","templated":true}]}}