{"id":278509,"date":"2025-07-19T21:10:12","date_gmt":"2025-07-19T21:10:12","guid":{"rendered":"https:\/\/www.europesays.com\/de\/278509\/"},"modified":"2025-07-19T21:10:12","modified_gmt":"2025-07-19T21:10:12","slug":"1-fc-koeln-vorne-hinten-das-ist-der-koeln-plan-mit-jan-thielmann-sport","status":"publish","type":"post","link":"https:\/\/www.europesays.com\/de\/278509\/","title":{"rendered":"1. FC K\u00f6ln: Vorne? Hinten?: Das ist der K\u00f6ln-Plan mit Jan Thielmann | Sport"},"content":{"rendered":"<p><b>Der Junge konnte einem in der letzten Saison leid tun!<\/b><\/p>\n<p><b>Jan Thielmann (23) <\/b>ist Fu\u00dfball pur. Immer volle Pulle. Giftig. Schnell. Er war Lieblingssch\u00fcler von Ex-Trainer Steffen Baumgart (53), wurde aber immer wieder von schweren Verletzungen zur\u00fcckgeworfen. Als er fit war, gab es ein anderes Problem\u00a0\u2013\u00a0wohin nur mit ihm?<\/p>\n<p><b>Vorne? Hinten? Meistens wurde er als Rechtsverteidiger eingesetzt. Eine Position, die Thielmann eigentlich so gar nicht mag \u2013 und auf der er mit seinen Offensiv-Qualit\u00e4ten verschenkt ist.<\/b><\/p>\n<p>Lesen Sie auch<\/p>\n<p>Die spannende Frage: Wie plant Neu-Trainer Lukas Kwasniok (44) in der neuen Saison mit Thielmann?<\/p>\n<p><a href=\"https:\/\/www.bild.de\/sport\/fussball\/1-fc-koeln\/startseite-koeln-31148750.bild.html\" class=\"text-link\" rel=\"nofollow noopener\" target=\"_blank\"><b>\u201eIch habe mit Jan gesprochen, er ist bei mir vorne eingeplant\u201c, sagt Kwasniok klipp und klar, ohne auszuweichen.<\/b><\/a><\/p>\n<p>Thielmann, der in der letzten Saison 30 Zweitliga-Spiele (2 Tore, 3 Vorlagen) \u2013 meist als Rechtsverteidiger \u2013 absolviert hatte, wird es freuen. Erst im Aufstiegs-Finale unter Friedhelm Funkel (71) durfte er wieder auf seiner Lieblingsposition vorne rechts ran und \u00fcberzeugte gleich. <\/p>\n<p>Trotzdem sieht Kwasniok das Rechtsverteidiger-Experiment mit Thielmann nicht als komplett gescheitert an. Der Trainer nimmt ihn sogar in Schutz, sagt: \u201eEr wurde deutlich kritischer gesehen, als es alle Daten untermauert haben. Jan hat es als ungelernter Rechtsverteidiger in der 2. Liga absolut top gemacht.\u201c<\/p>\n<p><b>Und weiter: \u201eJan wurde nur ein-, zweimal im R\u00fccken geschlagen. Aber das war ein gesamtsystematisches Problem, kein Jan-Thielmann-Problem. Alle Daten zeigen, dass er auf dieser Position eine richtig gute Saison gespielt hat.\u201c<\/b><\/p>\n<p>Kwasniok: \u201eHappy, dass Jan da ist\u201c<\/p>\n<p>Aufgrund der Teilnahme an der U-21-EM ist Thielmann erst seit Samstag wieder beim FC. Wie seine Kollegen Eric Martel (23) und Said El Malla (18) hatte er Sonderurlaub. Im Trainingslager in Bad Waltersdorf (\u00d6sterreich) will Thielmann seinem neuen Trainer zeigen, was er offensiv alles draufhat.<\/p>\n<p><b>Kwasniok freut sich schon. Er sch\u00e4tzt vor allem Thielmanns Laufintensit\u00e4t. \u201eDeswegen bin ich ja so happy, dass Jan jetzt da ist, auch Said und Eric \u2013 die bringen einfach Dynamik und Laufbereitschaft mit. Das f\u00fchrt dazu, dass die anderen Spieler gar nicht anders k\u00f6nnen, als genau das Gleiche an den Tag zu legen. Die m\u00fcssen nicht viel reden und ziehen die Mannschaft automatisch mit.\u201c<\/b><\/p>\n<p>Thielmanns Vertrag l\u00e4uft n\u00e4chsten Sommer aus. Kein Geheimnis: Der FC will unbedingt mit ihm verl\u00e4ngern. <\/p>\n<p>Wie am Ballermann: So witzig starten die K\u00f6lner ins Trainingslager<a href=\"https:\/\/www.bild.de\/sport\/fussball\/wie-am-ballermann-so-witzig-starten-die-koelner-ins-trainingslager-687be3bb3511bc17ac86fde3\" class=\"anchor\" rel=\"nofollow noopener\" target=\"_blank\"><img decoding=\"async\" width=\"992\" height=\"558\" alt=\"Teaser-Bild\" src=\"https:\/\/www.europesays.com\/de\/wp-content\/uploads\/2025\/07\/dbf344164b5171cf66c4132ac6336b25,38129453\"   class=\"landscape teaser__image\" loading=\"lazy\"\/><\/a><\/p>\n<p>Quelle: BILD19.07.2025<\/p>\n","protected":false},"excerpt":{"rendered":"Der Junge konnte einem in der letzten Saison leid tun! Jan Thielmann (23) ist Fu\u00dfball pur. Immer volle&hellip;\n","protected":false},"author":2,"featured_media":278510,"comment_status":"","ping_status":"","sticky":false,"template":"","format":"standard","meta":{"footnotes":""},"categories":[1828],"tags":[623,1740,29,538,347,30,1420,20101,1209,1433,819,45,22157],"class_list":{"0":"post-278509","1":"post","2":"type-post","3":"status-publish","4":"format-standard","5":"has-post-thumbnail","7":"category-koeln","8":"tag-1-fc-koeln","9":"tag-baumgart-steffen","10":"tag-deutschland","11":"tag-erste-bundesliga","12":"tag-fussball","13":"tag-germany","14":"tag-koeln","15":"tag-kwasniok-lukas","16":"tag-nordrhein-westfalen","17":"tag-oesterreich","18":"tag-sport-leuchtturm-essen","19":"tag-texttospeech","20":"tag-thielmann-jan"},"share_on_mastodon":{"url":"https:\/\/pubeurope.com\/@de\/114881955421722367","error":""},"_links":{"self":[{"href":"https:\/\/www.europesays.com\/de\/wp-json\/wp\/v2\/posts\/278509","targetHints":{"allow":["GET"]}}],"collection":[{"href":"https:\/\/www.europesays.com\/de\/wp-json\/wp\/v2\/posts"}],"about":[{"href":"https:\/\/www.europesays.com\/de\/wp-json\/wp\/v2\/types\/post"}],"author":[{"embeddable":true,"href":"https:\/\/www.europesays.com\/de\/wp-json\/wp\/v2\/users\/2"}],"replies":[{"embeddable":true,"href":"https:\/\/www.europesays.com\/de\/wp-json\/wp\/v2\/comments?post=278509"}],"version-history":[{"count":0,"href":"https:\/\/www.europesays.com\/de\/wp-json\/wp\/v2\/posts\/278509\/revisions"}],"wp:featuredmedia":[{"embeddable":true,"href":"https:\/\/www.europesays.com\/de\/wp-json\/wp\/v2\/media\/278510"}],"wp:attachment":[{"href":"https:\/\/www.europesays.com\/de\/wp-json\/wp\/v2\/media?parent=278509"}],"wp:term":[{"taxonomy":"category","embeddable":true,"href":"https:\/\/www.europesays.com\/de\/wp-json\/wp\/v2\/categories?post=278509"},{"taxonomy":"post_tag","embeddable":true,"href":"https:\/\/www.europesays.com\/de\/wp-json\/wp\/v2\/tags?post=278509"}],"curies":[{"name":"wp","href":"https:\/\/api.w.org\/{rel}","templated":true}]}}